{"id":1169,"date":"2024-05-06T09:29:21","date_gmt":"2024-05-06T07:29:21","guid":{"rendered":"https:\/\/ecsfalu.hu\/web\/?p=1169"},"modified":"2024-05-06T09:49:58","modified_gmt":"2024-05-06T07:49:58","slug":"hirarchivum","status":"publish","type":"post","link":"https:\/\/ecsfalu.hu\/web\/hirarchivum\/","title":{"rendered":"H\u00edrarch\u00edvum"},"content":{"rendered":"<p style=\"font-weight: 400;\"><strong><span style=\"font-size: 10pt; font-family: arial, helvetica, sans-serif;\">2023.<\/span><\/strong><\/p>\n<ul style=\"font-weight: 400;\">\n<li><span style=\"font-size: 10pt; font-family: arial, helvetica, sans-serif;\"><a href=\"https:\/\/ecsfalu.hu\/honlap\/hireink\/2023\/doc\/20231217_Miserend.pdf\">2023.12.17.\u00a0Egyh\u00e1zi h\u00edrek &#8211; Miserend v\u00e1ltoz\u00e1s az \u00fcnnepi id\u0151szakra<\/a><\/span><\/li>\n<li><span style=\"font-size: 10pt; font-family: arial, helvetica, sans-serif;\"><a href=\"https:\/\/ecsfalu.hu\/honlap\/hireink\/2023\/doc\/20231217_Gyogyszertar.Unnepi.Nyitvatartas.pdf\">2023.12.17.\u00a0\u00dcnnepi nyitvatart\u00e1s &#8211; Szent Bal\u00e1zs Gy\u00f3gyszert\u00e1r \u00c9csi Fi\u00f3kpatika<\/a><\/span><\/li>\n<li><span style=\"font-size: 10pt; font-family: arial, helvetica, sans-serif;\"><a href=\"https:\/\/ecsfalu.hu\/honlap\/hireink\/2023\/doc\/20231217_Unnepi.Hulladekszallitas.pdf\">2023.12.17.\u00a0\u00dcnnepi hullad\u00e9ksz\u00e1ll\u00edt\u00e1s<\/a><\/span><\/li>\n<li><span style=\"font-size: 10pt; font-family: arial, helvetica, sans-serif;\"><a href=\"https:\/\/ecsfalu.hu\/honlap\/hireink\/2023\/doc\/20231211_Allashirdetes.pdf\">2023.12.11.\u00a0\u00c1ll\u00e1sp\u00e1ly\u00e1zat igazgat\u00e1si \u00fcgyint\u00e9z\u0151 munkak\u00f6r\/feladatk\u00f6r bet\u00f6lt\u00e9s\u00e9re<\/a><\/span><\/li>\n<li><span style=\"font-size: 10pt; font-family: arial, helvetica, sans-serif;\"><a href=\"https:\/\/ecsfalu.hu\/honlap\/hireink\/2023\/doc\/20231201_Kozmeghallgatas.pdf\">2023.12.01.\u00a0Megh\u00edv\u00f3 &#8211; K\u00f6zmeghallgat\u00e1s (2023.12.12.)<\/a><\/span><\/li>\n<li><span style=\"font-size: 10pt; font-family: arial, helvetica, sans-serif;\"><a href=\"https:\/\/ecsfalu.hu\/honlap\/hireink\/2023\/doc\/20231104_Influenza.pdf\">2023.11.04.\u00a0Az idei Influenza elleni olt\u00f3anyag meg\u00e9rkezett.<\/a><\/span><\/li>\n<li><span style=\"font-size: 10pt; font-family: arial, helvetica, sans-serif;\"><a href=\"https:\/\/ecsfalu.hu\/honlap\/hireink\/2023\/doc\/20231104_Rendelesi.Ido.pdf\">2023.11.04.\u00a0H\u00e1ziorvos rendel\u00e9si id\u0151 v\u00e1ltoz\u00e1s<\/a><\/span><\/li>\n<li><span style=\"font-size: 10pt; font-family: arial, helvetica, sans-serif;\"><a href=\"https:\/\/ecsfalu.hu\/honlap\/hireink\/2023\/doc\/20231026_Inkubatorhaz.pdf\">2023.10.27.\u00a0Indul\u00f3 v\u00e1llalkoz\u00e1soknak inkub\u00e1torh\u00e1z helyis\u00e9geinek b\u00e9rlet\u00e9re vonatkoz\u00f3 p\u00e1ly\u00e1zati felh\u00edv\u00e1s meghosszab\u00edt\u00e1sa<\/a><\/span><\/li>\n<li><span style=\"font-size: 10pt; font-family: arial, helvetica, sans-serif;\"><a href=\"https:\/\/ecsfalu.hu\/honlap\/hireink\/2023\/doc\/20231021_Haziorvos.Helyettesites.pdf\">2023.10.21.\u00a0H\u00e1ziorvosi helyettes\u00edt\u00e9s \u00e9s rendel\u00e9si id\u0151k 2023.10.23-2023.11.03. k\u00f6z\u00f6tt<\/a><\/span><\/li>\n<li><span style=\"font-size: 10pt; font-family: arial, helvetica, sans-serif;\"><a href=\"https:\/\/ecsfalu.hu\/honlap\/hireink\/2023\/doc\/20231015_Ontober23.pdf\">2023.10.15.\u00a0Megh\u00edv\u00f3 okt\u00f3ber 23-i \u00fcnneps\u00e9gre (2023.10.20.)<\/a><\/span><\/li>\n<li><span style=\"font-size: 10pt; font-family: arial, helvetica, sans-serif;\"><a href=\"https:\/\/ecsfalu.hu\/honlap\/hireink\/2023\/doc\/20231015_Szennyviz.pdf\">2023.10.15.\u00a0\u00c9rtes\u00edt\u00e9s szennyv\u00edziszap kisz\u00e1ll\u00edt\u00e1s id\u0151pontj\u00e1r\u00f3l<\/a><\/span><\/li>\n<li><span style=\"font-size: 10pt; font-family: arial, helvetica, sans-serif;\"><a href=\"https:\/\/ecsfalu.hu\/honlap\/hireink\/2023\/doc\/20231015_Hulladekszallitas.pdf\">2023.10.15.\u00a0Nem v\u00e1ltozik okt\u00f3ber 23-\u00e1n a hullad\u00e9ksz\u00e1ll\u00edt\u00e1s rendje<\/a><\/span><\/li>\n<li><span style=\"font-size: 10pt; font-family: arial, helvetica, sans-serif;\"><a href=\"https:\/\/ecsfalu.hu\/honlap\/hireink\/2023\/doc\/20231011_Inkubatorhaz.pdf\">2023.10.11.\u00a0Felh\u00edv\u00e1s meghosszab\u00edt\u00e1sa indul\u00f3 v\u00e1llalkoz\u00e1soknak<\/a><\/span><\/li>\n<li><span style=\"font-size: 10pt; font-family: arial, helvetica, sans-serif;\"><a href=\"https:\/\/ecsfalu.hu\/honlap\/hireink\/2023\/doc\/20231002_Allashirdetes.pdf\">2023.10.02.\u00a0\u00c1ll\u00e1shirdet\u00e9s \u2013 K\u00e9m\u00e9nysepr\u0151<\/a><\/span><\/li>\n<li><span style=\"font-size: 10pt; font-family: arial, helvetica, sans-serif;\"><a href=\"https:\/\/ecsfalu.hu\/honlap\/hireink\/2023\/doc\/20230922_Haziorvosi.Kozlemeny.pdf\">2023.09.22.\u00a0\u00dajra t\u00e1mad a Covid &#8211; H\u00e1ziorvosi K\u00f6zlem\u00e9ny<\/a><\/span><\/li>\n<li><span style=\"font-size: 10pt; font-family: arial, helvetica, sans-serif;\"><a href=\"https:\/\/ecsfalu.hu\/honlap\/hireink\/2023\/doc\/20230922_Eboltas.pdf\">2023.09.22.\u00a0Ebolt\u00e1s (2022.09.29.)<\/a><\/span><\/li>\n<li><span style=\"font-size: 10pt; font-family: arial, helvetica, sans-serif;\"><a href=\"https:\/\/ecsfalu.hu\/honlap\/hireink\/2023\/doc\/20230915_Haziorvosi.Kozlemeny.pdf\">2023.09.15.\u00a0H\u00e1ziorvosi K\u00f6zlem\u00e9ny<\/a><\/span><\/li>\n<li><span style=\"font-size: 10pt; font-family: arial, helvetica, sans-serif;\"><a href=\"https:\/\/ecsfalu.hu\/honlap\/hireink\/2023\/doc\/20230915_Haziorvosi.Hirlevel.pdf\">2023.09.15.\u00a0H\u00e1ziorvosi h\u00edrlev\u00e9l<\/a><\/span><\/li>\n<li><span style=\"font-size: 10pt; font-family: arial, helvetica, sans-serif;\"><a href=\"https:\/\/ecsfalu.hu\/honlap\/hireink\/2023\/doc\/20230915_Egeszsegablak.pdf\">2023.09.15.\u00a0Eg\u00e9szs\u00e9gablak alkalmaz\u00e1s<\/a><\/span><\/li>\n<li><span style=\"font-size: 10pt; font-family: arial, helvetica, sans-serif;\"><a href=\"https:\/\/ecsfalu.hu\/honlap\/hireink\/2023\/doc\/20230908_Allas.pdf\">2023.09.08.\u00a0WHB Gy\u0151r Rally (2023.08.08-10)<\/a><\/span><\/li>\n<li><span style=\"font-size: 10pt; font-family: arial, helvetica, sans-serif;\"><a href=\"https:\/\/ecsfalu.hu\/honlap\/hireink\/2023\/doc\/20230908_Gyor.Rally.pdf\">2023.09.08.\u00a0\u00c1ll\u00e1sp\u00e1ly\u00e1zat igazgat\u00e1si \u00fcgyint\u00e9z\u0151 munkak\u00f6r\/feladatk\u00f6r bet\u00f6lt\u00e9s\u00e9re<\/a><\/span><\/li>\n<li><span style=\"font-size: 10pt; font-family: arial, helvetica, sans-serif;\"><a href=\"https:\/\/ecsfalu.hu\/honlap\/hireink\/2023\/doc\/20230901_Kormanyablak.pdf\">2023.09.01.\u00a0Mobil korm\u00e1nyablak busz \u00c9csen (2023.09.05.)<\/a><\/span><\/li>\n<li><span style=\"font-size: 10pt; font-family: arial, helvetica, sans-serif;\"><a href=\"https:\/\/ecsfalu.hu\/honlap\/hireink\/2023\/doc\/20230829_Falunap.pdf\">2023.08.29.\u00a0Falunap (2023.09.02.)<\/a><\/span><\/li>\n<li><span style=\"font-size: 10pt; font-family: arial, helvetica, sans-serif;\"><a href=\"https:\/\/ecsfalu.hu\/honlap\/hireink\/2023\/doc\/20230815_augusztus20.pdf\">2023.08.15.\u00a0Megh\u00edv\u00f3 augusztus 20-i \u00fcnneps\u00e9gre<\/a><\/span><\/li>\n<li><span style=\"font-size: 10pt; font-family: arial, helvetica, sans-serif;\"><a href=\"https:\/\/ecsfalu.hu\/honlap\/hireink\/2023\/doc\/20230815_Lakossagi.Forum.pdf\">2023.08.15.\u00a0Lakoss\u00e1gi f\u00f3rum (2023.08.23.)<\/a><\/span><\/li>\n<li><span style=\"font-size: 10pt; font-family: arial, helvetica, sans-serif;\"><a href=\"https:\/\/ecsfalu.hu\/honlap\/hireink\/2023\/doc\/20230815_Kertmozi.pdf\">2023.08.15.\u00a0Ny\u00e1resti kertmozi a csillagok alatt! (2023.08.26.)<\/a><\/span><\/li>\n<li><span style=\"font-size: 10pt; font-family: arial, helvetica, sans-serif;\"><a href=\"https:\/\/ecsfalu.hu\/honlap\/hireink\/2023\/doc\/20230815_Szocialis.Tuzifa.pdf\">2023.08.15.\u00a0Szoci\u00e1lis t\u0171zifa<\/a><\/span><\/li>\n<li><span style=\"font-size: 10pt; font-family: arial, helvetica, sans-serif;\"><a href=\"https:\/\/ecsfalu.hu\/honlap\/hireink\/2023\/doc\/20230802_Beharangozo.Ecs.pdf\">2023.08.02.\u00a0Gy\u0151ri Ipartest\u00fclet &#8211; Beharangoz\u00f3 f\u00f3rum (2023.09.18)<\/a><\/span><\/li>\n<li><span style=\"font-size: 10pt; font-family: arial, helvetica, sans-serif;\"><a href=\"https:\/\/ecsfalu.hu\/honlap\/hireink\/2023\/doc\/20230726_Inkubatorhaz.pdf\">2023.07.26.\u00a0Felh\u00edv\u00e1s indul\u00f3 v\u00e1llalkoz\u00e1soknak<\/a><\/span><\/li>\n<li><span style=\"font-size: 10pt; font-family: arial, helvetica, sans-serif;\"><a href=\"https:\/\/ecsfalu.hu\/honlap\/hireink\/2023\/doc\/20230704_Veradas.pdf\">2023.07.03.\u00a0V\u00e9rad\u00e1s (2023.07.04.)<\/a><\/span><\/li>\n<li><span style=\"font-size: 10pt; font-family: arial, helvetica, sans-serif;\"><a href=\"https:\/\/ecsfalu.hu\/honlap\/hireink\/2023\/doc\/20230628_Hulladekszallitas.Valtozas.pdf\">2023.06.28.\u00a0Hullad\u00e9ksz\u00e1ll\u00edt\u00e1s v\u00e1ltoz\u00e1sa!<\/a><\/span><\/li>\n<li><span style=\"font-size: 10pt; font-family: arial, helvetica, sans-serif;\"><a href=\"https:\/\/ecsfalu.hu\/honlap\/hireink\/2023\/doc\/20230628_Hulladekudvar.Nyari.Nyitvatartas.pdf\">2023.06.28.\u00a0Hullad\u00e9kudvar &#8211; ny\u00e1ri nyitvatart\u00e1s<\/a><\/span><\/li>\n<li><span style=\"font-size: 10pt; font-family: arial, helvetica, sans-serif;\"><a href=\"https:\/\/ecsfalu.hu\/honlap\/hireink\/2023\/doc\/20230601_Trianon.pdf\">2023.06.01.\u00a0Megh\u00edv\u00f3 Trianoni megeml\u00e9kez\u00e9sre (2023.06.04.)<\/a><\/span><\/li>\n<li><span style=\"font-size: 10pt; font-family: arial, helvetica, sans-serif;\"><a href=\"https:\/\/ecsfalu.hu\/honlap\/hireink\/2023\/doc\/20230522_Hosok.Vasarnapja.pdf\">2023.05.22.\u00a0Megh\u00edv\u00f3 a H\u0151s\u00f6k Vas\u00e1rnapja megeml\u00e9kez\u00e9sre (2023.05.28.)<\/a><\/span><\/li>\n<li><span style=\"font-size: 10pt; font-family: arial, helvetica, sans-serif;\"><a href=\"https:\/\/ecsfalu.hu\/honlap\/hireink\/2023\/doc\/20230518_Asszisztens.Allas.pdf\">2023.05.18.\u00a0Az EIX Kft. Eg\u00e9szs\u00e9g\u00fcgyi asszisztens koll\u00e9g\u00e1t keres<\/a><\/span><\/li>\n<li><span style=\"font-size: 10pt; font-family: arial, helvetica, sans-serif;\"><a href=\"https:\/\/ecsfalu.hu\/honlap\/hireink\/2023\/doc\/20230511_Hatarszemle.pdf\">2023.05.11.\u00a0T\u00e1j\u00e9koztat\u00e1s \u2013 Hat\u00e1rszemle a telep\u00fcl\u00e9sen<\/a><\/span><\/li>\n<li><span style=\"font-size: 10pt; font-family: arial, helvetica, sans-serif;\"><a href=\"https:\/\/ecsfalu.hu\/honlap\/hireink\/2023\/doc\/20230501_EON.Aramszunet.pdf\">2023.05.01.\u00a0\u00c1ramsz\u00fcnet \u00e9rtes\u00edt\u0151 (2023.05.11.)<\/a><\/span><\/li>\n<li><span style=\"font-size: 10pt; font-family: arial, helvetica, sans-serif;\"><a href=\"https:\/\/ecsfalu.hu\/honlap\/hireink\/2023\/doc\/20230420_Aramszunet.Jarobeteg.pdf\">2022.08.17.\u00a0A Szent M\u00e1rton J\u00e1r\u00f3beteg K\u00f6zpont t\u00e1j\u00e9koztat\u00f3ja z\u00e1rva tart\u00e1s\u00e1r\u00f3l (2023.04.26 \u00e9s 2023.04.28)<\/a><\/span><\/li>\n<li><span style=\"font-size: 10pt; font-family: arial, helvetica, sans-serif;\"><a href=\"https:\/\/ecsfalu.hu\/honlap\/hireink\/2023\/doc\/20230414_Nogyogyaszati.Vizsgalat.pdf\">2023.04.14.\u00a0N\u0151gy\u00f3gy\u00e1szati sz\u0171r\u0151vizsg\u00e1lat (2023.04.24.)<\/a><\/span><\/li>\n<li><span style=\"font-size: 10pt; font-family: arial, helvetica, sans-serif;\"><a href=\"https:\/\/ecsfalu.hu\/honlap\/hireink\/2023\/doc\/20230405_Ovodai.Beiratkozas.pdf\">2023.04.05.\u00a0Hirdetm\u00e9ny az \u00f3vod\u00e1ba t\u00f6rt\u00e9n\u0151 be\u00edratkoz\u00e1sr\u00f3l<\/a><\/span><\/li>\n<li><span style=\"font-size: 10pt; font-family: arial, helvetica, sans-serif;\"><a href=\"https:\/\/ecsfalu.hu\/honlap\/hireink\/2023\/doc\/20230329_Autobusz.Allomas.pdf\">2023.03.29.\u00a0Indul\u00f3hely v\u00e1ltoz\u00e1s az aut\u00f3busz \u00e1llom\u00e1son<\/a><\/span><\/li>\n<li><span style=\"font-size: 10pt; font-family: arial, helvetica, sans-serif;\"><a href=\"https:\/\/ecsfalu.hu\/honlap\/hireink\/2023\/doc\/20230309_Marcius15.pdf\">2023.03.09.\u00a0Megh\u00edv\u00f3 m\u00e1rcius 15-i \u00fcnneps\u00e9gre (2023.03.14.)<\/a><\/span><\/li>\n<li><span style=\"font-size: 10pt; font-family: arial, helvetica, sans-serif;\"><a href=\"https:\/\/ecsfalu.hu\/honlap\/hireink\/2023\/doc\/20230228_Foldre.Zuhant.Tortenelem.pdf\">2023.02.28.\u00a0F\u00f6ldre zuhant t\u00f6rt\u00e9nelem (2023.03.18.)<\/a><\/span><\/li>\n<li><span style=\"font-size: 10pt; font-family: arial, helvetica, sans-serif;\"><a href=\"https:\/\/ecsfalu.hu\/honlap\/hireink\/2023\/doc\/20230222_Hidetmeny.Partnersegi.Egyeztetesrol.pdf\">2023.02.22.\u00a0Hirdetm\u00e9ny partners\u00e9gi egyeztet\u00e9sr\u0151l \u00e9s lakoss\u00e1gi forumr\u00f3l<\/a><\/span><\/li>\n<li><span style=\"font-size: 10pt; font-family: arial, helvetica, sans-serif;\"><a href=\"https:\/\/ecsfalu.hu\/honlap\/hireink\/2023\/doc\/20230210_OMSZ.Ugyelet.pdf\">2023.02.10.\u00a0V\u00e1ltozik az orvosi \u00fcgyeleti alapell\u00e1t\u00e1s m\u00e1rcius 1-t\u0151l<\/a><\/span><\/li>\n<li><span style=\"font-size: 10pt; font-family: arial, helvetica, sans-serif;\"><a href=\"https:\/\/ecsfalu.hu\/honlap\/hireink\/2023\/doc\/20230210_Gondosora.pdf\">2023.02.10.\u00a0T\u00e1j\u00e9koztat\u00e1s \u201eGondos\u00f3ra\u201d jelz\u0151rendszer programr\u00f3l!<\/a><\/span><\/li>\n<li><span style=\"font-size: 10pt; font-family: arial, helvetica, sans-serif;\"><a href=\"https:\/\/ecsfalu.hu\/honlap\/hireink\/2023\/doc\/20230104_HIPA_deviza.pdf\">2023.01.04.\u00a0T\u00e1j\u00e9koztat\u00f3 a helyi ipar\u0171z\u00e9si ad\u00f3 eur\u00f3 vagy amerikai doll\u00e1r devizanemben t\u00f6rt\u00e9n\u0151 megfizet\u00e9s\u00e9nek lehet\u0151s\u00e9g\u00e9r\u0151lt<\/a><\/span><\/li>\n<\/ul>\n<p><span style=\"font-size: 10pt; font-family: arial, helvetica, sans-serif;\">2022.<\/span><\/p>\n<ul>\n<li><span style=\"font-size: 10pt; font-family: arial, helvetica, sans-serif;\"><a href=\"https:\/\/ecsfalu.hu\/honlap\/hireink\/2022\/doc\/20221216_Karacsonyi.Udvozlet.pdf\">2022.12.16.\u00a0Kar\u00e1csonyi \u00fcdv\u00f6zlet<\/a><\/span><\/li>\n<li><span style=\"font-size: 10pt; font-family: arial, helvetica, sans-serif;\"><a href=\"https:\/\/ecsfalu.hu\/honlap\/hireink\/2022\/doc\/20221216_Onkormanyzat.Unnepi.Nyitvatartas.pdf\">2022.12.16.\u00a0\u00dcnnepi \u00fcgyf\u00e9lfogad\u00e1s az \u00d6nkorm\u00e1nyzati Hivatalban<\/a><\/span><\/li>\n<li><span style=\"font-size: 10pt; font-family: arial, helvetica, sans-serif;\"><a href=\"https:\/\/ecsfalu.hu\/honlap\/hireink\/2022\/doc\/20221216_Orvosi.Kozlemeny.pdf\">2022.12.16.\u00a0\u00dcnnepek alatti feln\u0151tt h\u00e1ziorvosi rendel\u00e9si id\u0151<\/a><\/span><\/li>\n<li><span style=\"font-size: 10pt; font-family: arial, helvetica, sans-serif;\"><a href=\"https:\/\/ecsfalu.hu\/honlap\/hireink\/2022\/doc\/20221213_Karbantartoi.Allaspalyazat.pdf\">2022.12.13.\u00a0P\u00e1ly\u00e1zati felh\u00edv\u00e1s karbantart\u00f3 munkak\u00f6r bet\u00f6lt\u00e9s\u00e9re<\/a><\/span><\/li>\n<li><span style=\"font-size: 10pt; font-family: arial, helvetica, sans-serif;\"><a href=\"https:\/\/ecsfalu.hu\/honlap\/hireink\/2022\/doc\/20221207_Gyogyszertar.pdf\">2022.12.07.\u00a0Szent Bal\u00e1zs Gy\u00f3gyszert\u00e1r \u00c9csi Fi\u00f3kpatika szolg\u00e1lati rendje 2022.12.01-t\u0151l<\/a><\/span><\/li>\n<li><span style=\"font-size: 10pt; font-family: arial, helvetica, sans-serif;\"><a href=\"https:\/\/ecsfalu.hu\/honlap\/hireink\/2022\/doc\/20221207_Haziorvos.pdf\">2022.12.07.\u00a0Feln\u0151tt h\u00e1ziorvosi rendel\u00e9si id\u0151 2022. december 01-t\u0151l<\/a><\/span><\/li>\n<li><span style=\"font-size: 10pt; font-family: arial, helvetica, sans-serif;\"><a href=\"https:\/\/ecsfalu.hu\/honlap\/hireink\/2022\/doc\/20221207_Gyermekorvos.pdf\">2022.12.07.\u00a0Gyermekorvosi helyettes\u00edt\u00e9s 2022.12.08-2022.12.13. k\u00f6z\u00f6tt<\/a><\/span><\/li>\n<li><span style=\"font-size: 10pt; font-family: arial, helvetica, sans-serif;\"><a href=\"https:\/\/ecsfalu.hu\/honlap\/hireink\/2022\/doc\/20221207_12-2022_Rendelet.pdf\">2022.12.07.\u00a012\/2022.(XI.30.) sz\u00e1m\u00fa rendelet a gyermekint\u00e9zm\u00e9nyek int\u00e9zm\u00e9nyi \u00e9tkez\u00e9si t\u00e9r\u00edt\u00e9si d\u00edjakr\u00f3l<\/a><\/span><\/li>\n<li><span style=\"font-size: 10pt; font-family: arial, helvetica, sans-serif;\"><a href=\"https:\/\/ecsfalu.hu\/honlap\/hireink\/2022\/doc\/20221129_Hulladekudvar.pdf\">2022.11.29.\u00a0Hullad\u00e9kudvar &#8211; t\u00e9li nyitvatart\u00e1s<\/a><\/span><\/li>\n<li><span style=\"font-size: 10pt; font-family: arial, helvetica, sans-serif;\"><a href=\"https:\/\/ecsfalu.hu\/honlap\/hireink\/2022\/doc\/20221129_Meghivo.Agrargazdasagi.Bizottsag.Ulesre.pdf\">2022.11.29.\u00a0Megh\u00edv\u00f3 \u00c9cs telep\u00fcl\u00e9si Agr\u00e1rgazdas\u00e1gi Bizotts\u00e1g \u00dcl\u00e9s\u00e9re (2022.12.07.)<\/a><\/span><\/li>\n<li><span style=\"font-size: 10pt; font-family: arial, helvetica, sans-serif;\"><a href=\"https:\/\/ecsfalu.hu\/honlap\/hireink\/2022\/doc\/20221102_Kozmeghallgatas.pdf\">2022.11.02.\u00a0K\u00f6zmeghallgat\u00e1s (2021.11.09.)<\/a><\/span><\/li>\n<li><span style=\"font-size: 10pt; font-family: arial, helvetica, sans-serif;\"><a href=\"https:\/\/ecsfalu.hu\/honlap\/hireink\/2022\/doc\/20221102_Lakossagi.Forum.pdf\">2022.11.02.\u00a0Lakoss\u00e1gi F\u00f3rum (2022.11.09.)<\/a><\/span><\/li>\n<li><span style=\"font-size: 10pt; font-family: arial, helvetica, sans-serif;\"><a href=\"https:\/\/ecsfalu.hu\/honlap\/hireink\/2022\/doc\/20221024_Szocialis.Tuzifa.pdf\">2022.10.24.\u00a0Szoci\u00e1lis t\u0171zifa ig\u00e9nyl\u00e9se<\/a><\/span><\/li>\n<li><span style=\"font-size: 10pt; font-family: arial, helvetica, sans-serif;\"><a href=\"https:\/\/ecsfalu.hu\/honlap\/hireink\/2022\/doc\/20220925_Forgalomkorlatozas.pdf\">2022.09.23.\u00a0Forgalomkorl\u00e1toz\u00e1s \u00c9csen a 82-es sz\u00e1m\u00fa f\u0151\u00fat Ny\u00fal fel\u0151li bevezet\u0151 szakasz\u00e1n<\/a><\/span><\/li>\n<li><span style=\"font-size: 10pt; font-family: arial, helvetica, sans-serif;\"><a href=\"https:\/\/ecsfalu.hu\/honlap\/hireink\/2022\/doc\/20220923_Mobil.Kormanyablak.pdf\">2022.09.23.\u00a0Mobil korm\u00e1nyablak busz \u00c9csen (2022.09.27.)<\/a><\/span><\/li>\n<li><span style=\"font-size: 10pt; font-family: arial, helvetica, sans-serif;\"><a href=\"https:\/\/ecsfalu.hu\/honlap\/hireink\/2022\/doc\/20220921_Barnaszen.pdf\">2022.09.20.\u00a0Lakoss\u00e1gi barnak\u0151sz\u00e9n felm\u00e9r\u00e9s<\/a><\/span><\/li>\n<li><span style=\"font-size: 10pt; font-family: arial, helvetica, sans-serif;\"><a href=\"https:\/\/ecsfalu.hu\/honlap\/hireink\/2022\/doc\/20220831_Eboltas.pdf\">2022.08.31.\u00a0Ebolt\u00e1s (2022.09.09.)<\/a><\/span><\/li>\n<li><span style=\"font-size: 10pt; font-family: arial, helvetica, sans-serif;\"><a href=\"https:\/\/ecsfalu.hu\/honlap\/hireink\/2022\/doc\/20220830_Orvosi.Kozlemeny.pdf\">2022.08.30.\u00a0H\u00c1ZIORVOSI K\u00d6ZLEM\u00c9NY 2022. szeptember 1-t\u0151l<\/a><\/span><\/li>\n<li><span style=\"font-size: 10pt; font-family: arial, helvetica, sans-serif;\"><a href=\"https:\/\/ecsfalu.hu\/honlap\/hireink\/2022\/doc\/20220817_Aramszunet.pdf\">2022.08.17.\u00a0A Szent M\u00e1rton J\u00e1r\u00f3beteg K\u00f6zpont t\u00e1j\u00e9koztat\u00f3ja 2022.08.30. z\u00e1rva tart\u00e1s\u00e1r\u00f3l.<\/a><\/span><\/li>\n<li><span style=\"font-size: 10pt; font-family: arial, helvetica, sans-serif;\"><a href=\"https:\/\/ecsfalu.hu\/honlap\/hireink\/2022\/doc\/20220725_Szennyviziszap.%20Kiszallitas.pdf\">2022.07.25.\u00a0\u00c9rtes\u00edt\u00e9s szennyv\u00edziszap kisz\u00e1ll\u00edt\u00e1s id\u0151pontj\u00e1r\u00f3l<\/a><\/span><\/li>\n<li><span style=\"font-size: 10pt; font-family: arial, helvetica, sans-serif;\"><a href=\"https:\/\/ecsfalu.hu\/honlap\/hireink\/2022\/doc\/20220710_Haziorvos.Rendelesi.Ido.pdf\">2022.07.10.\u00a0H\u00e1ziorvosi helyettes\u00edt\u00e9s \u00e9s rendel\u00e9si id\u0151k 2022.07.11-2022.08.31. k\u00f6z\u00f6tt<\/a><\/span><\/li>\n<li><span style=\"font-size: 10pt; font-family: arial, helvetica, sans-serif;\"><a href=\"https:\/\/ecsfalu.hu\/honlap\/hireink\/2022\/20220623_BM.Palyazat.html\">2022.06.23.\u00a0Sikeres Bel\u00fcgyminiszt\u00e9riumi p\u00e1ly\u00e1zat<\/a><\/span><\/li>\n<li><span style=\"font-size: 10pt; font-family: arial, helvetica, sans-serif;\"><a href=\"https:\/\/ecsfalu.hu\/honlap\/hireink\/2022\/doc\/20220623_Veradas.pdf\">2022.06.23.\u00a0V\u00e9rad\u00e1s (2022.07.05.)<\/a><\/span><\/li>\n<li><span style=\"font-size: 10pt; font-family: arial, helvetica, sans-serif;\"><a href=\"https:\/\/ecsfalu.hu\/honlap\/hireink\/2022\/doc\/20220616_Gyermekorvos.Helyetesites_2.pdf\">2022.06.16.\u00a0Gyermekorvosi helyettes\u00edt\u00e9s 2022.06.27-2022.06.30. k\u00f6z\u00f6tt<\/a><\/span><\/li>\n<li><span style=\"font-size: 10pt; font-family: arial, helvetica, sans-serif;\"><a href=\"https:\/\/ecsfalu.hu\/honlap\/hireink\/2022\/doc\/20220616_Gyermekorvos.Helyetesites_1.pdf\">2022.06.16.\u00a0Gyermekorvosi helyettes\u00edt\u00e9s 2022.06.20-2022.06.24. k\u00f6z\u00f6tt<\/a><\/span><\/li>\n<li><span style=\"font-size: 10pt; font-family: arial, helvetica, sans-serif;\"><a href=\"https:\/\/ecsfalu.hu\/honlap\/hireink\/2022\/doc\/20220608_Rakszures.pdf\">2022.06.08.\u00a0N\u0151gy\u00f3gy\u00e1szati sz\u0171r\u0151vizsg\u00e1lat (2022.06.13.)<\/a><\/span><\/li>\n<li><span style=\"font-size: 10pt; font-family: arial, helvetica, sans-serif;\"><a href=\"https:\/\/ecsfalu.hu\/honlap\/hireink\/2022\/doc\/20220604_Trianon.pdf\">2022.05.31.\u00a0Megh\u00edv\u00f3 Trianoni megeml\u00e9kez\u00e9sre (2022.06.04.)<\/a><\/span><\/li>\n<li><span style=\"font-size: 10pt; font-family: arial, helvetica, sans-serif;\"><a href=\"https:\/\/ecsfalu.hu\/honlap\/hireink\/2022\/doc\/20220526_Felhivas.Nepszamlalas.pdf\">2022.05.26.\u00a0Felh\u00edv\u00e1s a 2022. \u00e9vi n\u00e9psz\u00e1ml\u00e1l\u00e1s lebonyol\u00edt\u00e1s\u00e1ban k\u00f6zrem\u0171k\u00f6d\u0151 sz\u00e1ml\u00e1l\u00f3biztosok jelentkez\u00e9s\u00e9re<\/a><\/span><\/li>\n<li><span style=\"font-size: 10pt; font-family: arial, helvetica, sans-serif;\"><a href=\"https:\/\/ecsfalu.hu\/honlap\/hireink\/2022\/doc\/20220517_Hosok.Vasarnapja.pdf\">2022.05.17.\u00a0Megh\u00edv\u00f3 a H\u0151s\u00f6k Vas\u00e1rnapja megeml\u00e9kez\u00e9sre (2022.05.29.)<\/a><\/span><\/li>\n<li><span style=\"font-size: 10pt; font-family: arial, helvetica, sans-serif;\"><a href=\"https:\/\/ecsfalu.hu\/honlap\/hireink\/2022\/doc\/20220517_Bringapark.pdf\">2022.05.17.\u00a0Ker\u00e9kp\u00e1ros sportpark l\u00e9trehoz\u00e1sa \u00c9cs k\u00f6zs\u00e9gben<\/a><\/span><\/li>\n<li><span style=\"font-size: 10pt; font-family: arial, helvetica, sans-serif;\"><a href=\"https:\/\/ecsfalu.hu\/honlap\/hireink\/2022\/doc\/20220429_Allashirdetes.Igazgatas.pdf\">2022.04.28.\u00a0P\u00e1ly\u00e1zati felh\u00edv\u00e1s igazgat\u00e1si \u00fcgyint\u00e9z\u0151 munkak\u00f6r bet\u00f6lt\u00e9s\u00e9re<\/a><\/span><\/li>\n<li><span style=\"font-size: 10pt; font-family: arial, helvetica, sans-serif;\"><a href=\"https:\/\/ecsfalu.hu\/honlap\/hireink\/2022\/doc\/20220425_Lejaro.Okmanyok.pdf\">2022.04.25.\u00a0V\u00e9szhelyzet alatt lej\u00e1r\u00f3 okm\u00e1nyok cser\u00e9j\u00e9vel kapcsolatos t\u00e1j\u00e9koztat\u00e1s<\/a><\/span><\/li>\n<li><span style=\"font-size: 10pt; font-family: arial, helvetica, sans-serif;\"><a href=\"https:\/\/ecsfalu.hu\/honlap\/hireink\/2022\/doc\/20220425_Mobil.Kormanyablak.pdf\">2022.04.25.\u00a0Mobil korm\u00e1nyablak busz \u00c9csen (2022.05.06.)<\/a><\/span><\/li>\n<li><span style=\"font-size: 10pt; font-family: arial, helvetica, sans-serif;\"><a href=\"https:\/\/ecsfalu.hu\/honlap\/hireink\/2022\/doc\/20220416_Husveti.Koszonto.pdf\">2022.04.16.\u00a0H\u00fasv\u00e9ti k\u00f6sz\u00f6nt\u0151<\/a><\/span><\/li>\n<li><span style=\"font-size: 10pt; font-family: arial, helvetica, sans-serif;\"><a href=\"https:\/\/ecsfalu.hu\/honlap\/hireink\/2022\/doc\/20220407_Hulladekudvar.pdf\">2022.04.07.\u00a0T\u00e1j\u00e9koztat\u00e1s hullad\u00e9kudvar z\u00e1rvatart\u00e1s\u00e1r\u00f3l<\/a><\/span><\/li>\n<li><span style=\"font-size: 10pt; font-family: arial, helvetica, sans-serif;\"><a href=\"https:\/\/ecsfalu.hu\/honlap\/hireink\/2022\/doc\/20220321_Hulladekudvar.pdf\">2022.03.31.\u00a0Hullad\u00e9kudvar &#8211; ny\u00e1ri nyitvatart\u00e1s<\/a><\/span><\/li>\n<li><span style=\"font-size: 10pt; font-family: arial, helvetica, sans-serif;\"><a href=\"https:\/\/ecsfalu.hu\/honlap\/hireink\/2022\/doc\/20220306_Marcius15.pdf\">2022.03.06.\u00a0Megh\u00edv\u00f3 m\u00e1rcius 15-i \u00fcnneps\u00e9gre (2022.03.11.)<\/a><\/span><\/li>\n<li><span style=\"font-size: 10pt; font-family: arial, helvetica, sans-serif;\"><a href=\"https:\/\/ecsfalu.hu\/honlap\/hireink\/2022\/doc\/20220227_Tajekoztatas.Oltas.pdf\">2022.02.27.\u00a0T\u00e1j\u00e9koztat\u00e1s olt\u00e1si napokr\u00f3l<\/a><\/span><\/li>\n<li><span style=\"font-size: 10pt; font-family: arial, helvetica, sans-serif;\"><a href=\"https:\/\/ecsfalu.hu\/honlap\/hireink\/2022\/doc\/20220219_Szennyviziszap.%20Kiszallitas.pdf\">2022.02.19.\u00a0\u00c9rtes\u00edt\u00e9s szennyv\u00edziszap kisz\u00e1ll\u00edt\u00e1s id\u0151pontj\u00e1r\u00f3l<\/a><\/span><\/li>\n<li><span style=\"font-size: 10pt; font-family: arial, helvetica, sans-serif;\"><a href=\"https:\/\/ecsfalu.hu\/honlap\/hireink\/2022\/doc\/20220210_Tajekoztato.Az.Elektronikus.Ugyintezesrol.pdf\">2022.02.10.\u00a0T\u00e1j\u00e9koztat\u00f3 az elektronikus \u00fcgyint\u00e9z\u00e9sr\u0151l<\/a><\/span><\/li>\n<li><span style=\"font-size: 10pt; font-family: arial, helvetica, sans-serif;\"><a href=\"https:\/\/ecsfalu.hu\/honlap\/hireink\/2022\/doc\/20220125_Lakossagi.Forum.pdf\">2022.01.25.\u00a0Lakoss\u00e1gi F\u00f3rum (2022.02.09.)<\/a><\/span><\/li>\n<li><span style=\"font-size: 10pt; font-family: arial, helvetica, sans-serif;\"><a href=\"https:\/\/ecsfalu.hu\/honlap\/hireink\/2022\/doc\/20220103_Oltas.pdf\">2022.01.03.\u00a0T\u00e1j\u00e9koztat\u00e1s olt\u00e1si napokr\u00f3l<\/a><\/span><\/li>\n<\/ul>\n<p><span style=\"font-size: 10pt; font-family: arial, helvetica, sans-serif;\"><strong>2021.<\/strong><\/span><\/p>\n<ul>\n<li><span style=\"font-size: 10pt; font-family: arial, helvetica, sans-serif;\"><a href=\"https:\/\/ecsfalu.hu\/honlap\/hireink\/2021\/doc\/20211210_Palyazati.Felhivas.pdf\">2021.12.10.\u00a0P\u00e1ly\u00e1zati felh\u00edv\u00e1s gazdas\u00e1gi- p\u00e9nz\u00fcgyi \u00fcgyint\u00e9z\u0151 munkak\u00f6r bet\u00f6lt\u00e9s\u00e9re<\/a><\/span><\/li>\n<li><span style=\"font-size: 10pt; font-family: arial, helvetica, sans-serif;\"><a href=\"https:\/\/ecsfalu.hu\/honlap\/hireink\/2021\/doc\/20211210_Mobilkeszulek.Csere.Akcio.pdf\">2021.12.10.\u00a0Mobilk\u00e9sz\u00fcl\u00e9k csere akci\u00f3<\/a><\/span><\/li>\n<li><span style=\"font-size: 10pt; font-family: arial, helvetica, sans-serif;\"><a href=\"https:\/\/ecsfalu.hu\/honlap\/hireink\/2021\/doc\/20211129_Tajekoztatas.pdf\">2021.11.29.\u00a0T\u00c1J\u00c9KOZTAT\u00c1S<\/a><\/span><\/li>\n<li><span style=\"font-size: 10pt; font-family: arial, helvetica, sans-serif;\"><a href=\"https:\/\/ecsfalu.hu\/honlap\/hireink\/2021\/doc\/20211124_Kozmeghallgatas.pdf\">2021.11.24.\u00a0K\u00f6zmeghallgat\u00e1s (2021.12.08.)<\/a><\/span><\/li>\n<li><span style=\"font-size: 10pt; font-family: arial, helvetica, sans-serif;\"><a href=\"https:\/\/ecsfalu.hu\/honlap\/hireink\/2021\/doc\/20211124_Mikulas.pdf\">2021.11.24.\u00a0\u00c9rkezik a Mikul\u00e1s (2021.12.04.)<\/a><\/span><\/li>\n<li><span style=\"font-size: 10pt; font-family: arial, helvetica, sans-serif;\"><a href=\"https:\/\/ecsfalu.hu\/honlap\/hireink\/2021\/doc\/20211124_Hulladekszallitas.pdf\">2021.11.24.\u00a0T\u00e1j\u00e9koztat\u00e1s \u00fcnnepek alatti hullad\u00e9ksz\u00e1ll\u00edt\u00e1sr\u00f3l<\/a><\/span><\/li>\n<li><span style=\"font-size: 10pt; font-family: arial, helvetica, sans-serif;\"><a href=\"https:\/\/ecsfalu.hu\/honlap\/hireink\/2021\/doc\/20211124_Hulladekudvar.pdf\">2021.11.24.\u00a0T\u00e1j\u00e9koztat\u00e1s hullad\u00e9kudvar \u00fcnnepi nyitvatart\u00e1s\u00e1r\u00f3l<\/a><\/span><\/li>\n<li><span style=\"font-size: 10pt; font-family: arial, helvetica, sans-serif;\"><a href=\"https:\/\/ecsfalu.hu\/honlap\/hireink\/2021\/doc\/20211119_Szocialis.Tuzifa.pdf\">2021.11.19.\u00a0Szoci\u00e1lis t\u0171zifa ig\u00e9nyl\u00e9se<\/a><\/span><\/li>\n<li><span style=\"font-size: 10pt; font-family: arial, helvetica, sans-serif;\"><a href=\"https:\/\/ecsfalu.hu\/honlap\/hireink\/2021\/doc\/20211015_Szemetszedes.pdf\">2021.10.15.\u00a0Tegy\u00fcnk egy\u00fctt \u00c9cs Tisztas\u00e1g\u00e1\u00e9rt! (2021.10.23.)<\/a><\/span><\/li>\n<li><span style=\"font-size: 10pt; font-family: arial, helvetica, sans-serif;\"><a href=\"https:\/\/ecsfalu.hu\/honlap\/hireink\/2021\/doc\/20211022_Oktober23.pdf\">2021.10.15.\u00a0Megh\u00edv\u00f3 okt\u00f3ber 23-i \u00fcnneps\u00e9gre (2021.10.22.)<\/a><\/span><\/li>\n<li><span style=\"font-size: 10pt; font-family: arial, helvetica, sans-serif;\"><a href=\"https:\/\/ecsfalu.hu\/honlap\/hireink\/2021\/doc\/20211015_Hulladekudvar.pdf\">2021.10.15.\u00a0T\u00e1j\u00e9koztat\u00e1s hullad\u00e9kudvar z\u00e1rvatart\u00e1s\u00e1r\u00f3l<\/a><\/span><\/li>\n<li><span style=\"font-size: 10pt; font-family: arial, helvetica, sans-serif;\"><a href=\"https:\/\/ecsfalu.hu\/honlap\/hireink\/2021\/doc\/20211015_Hulladekudvar.Teli.Nyitvatartas.pdf\">2021.10.15.\u00a0Hullad\u00e9kudvar &#8211; t\u00e9li nyitvatart\u00e1s<\/a><\/span><\/li>\n<li><span style=\"font-size: 10pt; font-family: arial, helvetica, sans-serif;\"><a href=\"https:\/\/ecsfalu.hu\/honlap\/hireink\/2021\/doc\/20211015_Fogaszat.pdf\">2021.10.15.\u00a0Fogorvosi rendel\u00e9si id\u0151 v\u00e1ltoz\u00e1s<\/a><\/span><\/li>\n<li><span style=\"font-size: 10pt; font-family: arial, helvetica, sans-serif;\"><a href=\"https:\/\/ecsfalu.hu\/honlap\/hireink\/2021\/doc\/20210921_Hazi.Gondozo_allas.pdf\">2021.09.21.\u00a0H\u00e1zi szoci\u00e1lis gondoz\u00f3 \u00e1ll\u00e1shirdet\u00e9s<\/a><\/span><\/li>\n<li><span style=\"font-size: 10pt; font-family: arial, helvetica, sans-serif;\"><a href=\"https:\/\/ecsfalu.hu\/honlap\/hireink\/2021\/doc\/20210903_Falunap.pdf\">2021.09.03.\u00a0Falunap (2021.09.04.)<\/a><\/span><\/li>\n<li><span style=\"font-size: 10pt; font-family: arial, helvetica, sans-serif;\"><a href=\"https:\/\/ecsfalu.hu\/honlap\/hireink\/2021\/doc\/20210826_Allashirdetes.Ovoda.pdf\">2021.08.26.\u00a0\u00c1ll\u00e1shirdet\u00e9s<\/a><\/span><\/li>\n<li><span style=\"font-size: 10pt; font-family: arial, helvetica, sans-serif;\"><a href=\"https:\/\/ecsfalu.hu\/honlap\/hireink\/2021\/doc\/20210808_Tajekoztatas.Oltas.pdf\">2021.08.08.\u00a0T\u00e1j\u00e9koztat\u00f3 60 \u00e9v felettiek olt\u00e1s\u00e1val, valamint harmadik k\u00f6r\u00f6s olt\u00e1sokkal kapcsolatban<\/a><\/span><\/li>\n<li><span style=\"font-size: 10pt; font-family: arial, helvetica, sans-serif;\"><a href=\"https:\/\/ecsfalu.hu\/honlap\/hireink\/2021\/doc\/20210808_Telepulesi.Ugyseged.pdf\">2021.08.08.\u00a0Telep\u00fcl\u00e9si \u00fcgyseg\u00e9dek \u00fcgyf\u00e9lfogad\u00e1si ideje<\/a><\/span><\/li>\n<li><span style=\"font-size: 10pt; font-family: arial, helvetica, sans-serif;\"><a href=\"https:\/\/ecsfalu.hu\/honlap\/hireink\/2021\/doc\/20210724_Pannon.Viz.Ertesites.pdf\">2021.07.24.\u00a0\u00c9rtes\u00edt\u00e9s szennyv\u00edziszap kisz\u00e1ll\u00edt\u00e1s id\u0151pontj\u00e1r\u00f3l<\/a><\/span><\/li>\n<li><span style=\"font-size: 10pt; font-family: arial, helvetica, sans-serif;\"><a href=\"https:\/\/ecsfalu.hu\/honlap\/hireink\/2021\/doc\/20210722_Utfelujitas.pdf\">2021.07.22.\u00a0\u00dat, h\u00edd, ker\u00e9kp\u00e1rforgalmi l\u00e9tes\u00edtm\u00e9ny \u00e9p\u00edt\u00e9se, fel\u00faj\u00edt\u00e1sa<\/a><\/span><\/li>\n<li><span style=\"font-size: 10pt; font-family: arial, helvetica, sans-serif;\"><a href=\"https:\/\/ecsfalu.hu\/honlap\/hireink\/2021\/doc\/20210722_Jardafelujitas.pdf\">2021.07.22.\u00a0\u00d6nkorm\u00e1nyzati feladatell\u00e1t\u00e1st szolg\u00e1l\u00f3 fejleszt\u00e9sek t\u00e1mogat\u00e1s\u00e1ra &#8211; Belter\u00fcleti utak, j\u00e1rd\u00e1k, hidak fel\u00faj\u00edt\u00e1sa<\/a><\/span><\/li>\n<li><span style=\"font-size: 10pt; font-family: arial, helvetica, sans-serif;\"><a href=\"https:\/\/ecsfalu.hu\/honlap\/hireink\/2021\/doc\/20210722_Falusi.Temeto.Hulladektarolo.pdf\">2021.07.22.\u00a0Falusi temet\u0151 kiszolg\u00e1l\u00e1s\u00e1t seg\u00edt\u0151 beruh\u00e1z\u00e1s<\/a><\/span><\/li>\n<li><span style=\"font-size: 10pt; font-family: arial, helvetica, sans-serif;\"><a href=\"https:\/\/ecsfalu.hu\/honlap\/hireink\/2021\/doc\/20210708_Kozlemeny.Takarek.pdf\">2021.07.19.\u00a0K\u00f6zlem\u00e9ny a Takar\u00e9kbank fi\u00f3kj\u00e1nak nyitvatart\u00e1s v\u00e1ltoz\u00e1s\u00e1r\u00f3l (2021.07.12.-2021.08.06.)<\/a><\/span><\/li>\n<li><span style=\"font-size: 10pt; font-family: arial, helvetica, sans-serif;\"><a href=\"https:\/\/ecsfalu.hu\/honlap\/hireink\/2021\/doc\/20210706_EON_Aramszunet.pdf\">2021.07.06.\u00a0\u00c1ramsz\u00fcnet \u00e9rtes\u00edt\u0151 (2021.07.07.)<\/a><\/span><\/li>\n<li><span style=\"font-size: 10pt; font-family: arial, helvetica, sans-serif;\"><a href=\"https:\/\/ecsfalu.hu\/honlap\/hireink\/2021\/doc\/20210706_Haziorvos.Rendeles.pdf\">2021.07.05.\u00a0H\u00e1ziorvosi helyettes\u00edt\u00e9s 2021.07.02-2021.07.09. k\u00f6z\u00f6tt<\/a><\/span><\/li>\n<li><span style=\"font-size: 10pt; font-family: arial, helvetica, sans-serif;\"><a href=\"https:\/\/ecsfalu.hu\/honlap\/hireink\/2021\/doc\/20210706_Mobil.Kormanyablak.pdf\">2021.06.29.\u00a0Mobil korm\u00e1nyablak busz \u00c9csen (2021.07.06.)<\/a><\/span><\/li>\n<li><span style=\"font-size: 10pt; font-family: arial, helvetica, sans-serif;\"><a href=\"https:\/\/ecsfalu.hu\/honlap\/hireink\/2020\/doc\/20210624_Csaladi.Sportnap.pdf\">2021.06.24.\u00a0Csal\u00e1di sportnap (2021.06.26.)<\/a><\/span><\/li>\n<li><span style=\"font-size: 10pt; font-family: arial, helvetica, sans-serif;\"><a href=\"https:\/\/ecsfalu.hu\/honlap\/hireink\/2021\/doc\/20210622_Felelos.Allattartas.pdf\">2021.06.22.\u00a0&#8222;Felel\u0151s \u00e1llattart\u00e1s el\u0151seg\u00edt\u00e9se&#8221; &#8211; p\u00e1ly\u00e1zati felh\u00edv\u00e1s<\/a><\/span><\/li>\n<li><span style=\"font-size: 10pt; font-family: arial, helvetica, sans-serif;\"><a href=\"https:\/\/ecsfalu.hu\/honlap\/hireink\/2020\/doc\/20210706_Veradas.pdf\">2021.06.22.\u00a0V\u00e9rad\u00e1s (2021.07.06.)<\/a><\/span><\/li>\n<li><span style=\"font-size: 10pt; font-family: arial, helvetica, sans-serif;\"><a href=\"https:\/\/ecsfalu.hu\/honlap\/hireink\/2021\/doc\/20210531_Gyermekorvos.Helyetesites.pdf\">2021.05.31.\u00a0Gyermekorvosi helyettes\u00edt\u00e9s 2021.05.31-2021.06.04. k\u00f6z\u00f6tt<\/a><\/span><\/li>\n<li><span style=\"font-size: 10pt; font-family: arial, helvetica, sans-serif;\"><a href=\"https:\/\/ecsfalu.hu\/honlap\/hireink\/2021\/doc\/20210518_Allashirdetes.pdf\">2021.05.18.\u00a0\u00c1ll\u00e1shirdet\u00e9s<\/a><\/span><\/li>\n<li><span style=\"font-size: 10pt; font-family: arial, helvetica, sans-serif;\"><a href=\"https:\/\/ecsfalu.hu\/honlap\/hireink\/2021\/doc\/20210513_Mobil.Kormanyablak.pdf\">2021.05.13.\u00a0Mobil korm\u00e1nyablak busz \u00c9csen (2021.05.21.)<\/a><\/span><\/li>\n<li><span style=\"font-size: 10pt; font-family: arial, helvetica, sans-serif;\"><a href=\"https:\/\/ecsfalu.hu\/honlap\/hireink\/2021\/20210502_Anyak.Napja.html\">2021.05.02.\u00a0Any\u00e1k napi k\u00f6sz\u00f6nt\u0151<\/a><\/span><\/li>\n<li><span style=\"font-size: 10pt; font-family: arial, helvetica, sans-serif;\"><a href=\"https:\/\/ecsfalu.hu\/honlap\/hireink\/2021\/doc\/20210422_Haziorvos.Rendeles.pdf\">2021.04.22.\u00a0H\u00e1ziorvosi rendel\u00e9s sz\u00fcnetel (2021.04.29-30.)<\/a><\/span><\/li>\n<li><span style=\"font-size: 10pt; font-family: arial, helvetica, sans-serif;\"><a href=\"https:\/\/ecsfalu.hu\/honlap\/hireink\/2021\/doc\/20210415_Palyazati.Felhivas.Haziorvos.pdf\">2021.04.15.\u00a0P\u00e1ly\u00e1zati felh\u00edv\u00e1s h\u00e1ziorvosi feladat ell\u00e1t\u00e1s\u00e1ra<\/a><\/span><\/li>\n<li><span style=\"font-size: 10pt; font-family: arial, helvetica, sans-serif;\"><a href=\"https:\/\/ecsfalu.hu\/honlap\/hireink\/2021\/ovoda\/ovoda.html\">2021.04.13.\u00a0Hirdetm\u00e9ny az \u00f3vod\u00e1ba t\u00f6rt\u00e9n\u0151 be\u00edratkoz\u00e1sr\u00f3l<\/a><\/span><\/li>\n<li><span style=\"font-size: 10pt; font-family: arial, helvetica, sans-serif;\"><a href=\"https:\/\/ecsfalu.hu\/honlap\/hireink\/2021\/doc\/20210403_Husveti.Koszonto.pdf\">2021.04.03.\u00a0H\u00fasv\u00e9ti k\u00f6sz\u00f6nt\u0151<\/a><\/span><\/li>\n<li><span style=\"font-size: 10pt; font-family: arial, helvetica, sans-serif;\"><a href=\"https:\/\/ecsfalu.hu\/honlap\/hireink\/2021\/doc\/20210401_Husveti.Miserend.pdf\">2021.04.01.\u00a0Egyh\u00e1zi h\u00edrek &#8211; H\u00fasv\u00e9ti miserend<\/a><\/span><\/li>\n<li><span style=\"font-size: 10pt; font-family: arial, helvetica, sans-serif;\"><a href=\"https:\/\/ecsfalu.hu\/honlap\/hireink\/2021\/doc\/20210329_Gyermekorvos.Helyettesites.pdf\">2021.03.26.\u00a0Gyermekorvosi helyettes\u00edt\u00e9s 2021.03.29-\u00e9n<\/a><\/span><\/li>\n<li><span style=\"font-size: 10pt; font-family: arial, helvetica, sans-serif;\"><a href=\"https:\/\/ecsfalu.hu\/honlap\/hireink\/2021\/doc\/20210317_Hulladekudvar.pdf\">2021.03.09.\u00a0T\u00e1j\u00e9koztat\u00e1s hullad\u00e9kudvar z\u00e1rvatart\u00e1s\u00e1r\u00f3l<\/a><\/span><\/li>\n<li><span style=\"font-size: 10pt; font-family: arial, helvetica, sans-serif;\"><a href=\"https:\/\/ecsfalu.hu\/honlap\/hireink\/2021\/doc\/20210313_marcius15.pdf\">2021.03.11.\u00a0Polg\u00e1rmesteri t\u00e1j\u00e9koztat\u00f3 a m\u00e1rcius 15-i k\u00f6zs\u00e9gi megeml\u00e9kez\u00e9s elmarad\u00e1s\u00e1r\u00f3l<\/a><\/span><\/li>\n<li><span style=\"font-size: 10pt; font-family: arial, helvetica, sans-serif;\"><a href=\"https:\/\/ecsfalu.hu\/honlap\/hireink\/2021\/doc\/20210310_Gyermekorvos.Helyettesites.pdf\">2021.03.10.\u00a0Gyermekorvosi helyettes\u00edt\u00e9s 2021.03.12-\u00e9n<\/a><\/span><\/li>\n<li><span style=\"font-size: 10pt; font-family: arial, helvetica, sans-serif;\"><a href=\"https:\/\/ecsfalu.hu\/honlap\/hireink\/2021\/doc\/20210226_Gyermekorvos.Rendelesi.Ido.pdf\">2021.02.26.\u00a0Gyermekorvosi rendel\u00e9si id\u0151 v\u00e1ltoz\u00e1s (2021.03.01.)<\/a><\/span><\/li>\n<li><span style=\"font-size: 10pt; font-family: arial, helvetica, sans-serif;\"><a href=\"https:\/\/ecsfalu.hu\/honlap\/hireink\/2021\/doc\/20210216_Palyazat.Haziorvos.pdf\">2021.02.16.\u00a0P\u00e1ly\u00e1zati felh\u00edv\u00e1s h\u00e1ziorvosi feladat ell\u00e1t\u00e1s\u00e1ra<\/a><\/span><\/li>\n<li><span style=\"font-size: 10pt; font-family: arial, helvetica, sans-serif;\"><a href=\"https:\/\/ecsfalu.hu\/honlap\/hireink\/2021\/doc\/20200127_Hulladekszallitas.pdf\">2021.01.27.\u00a0Vissza\u00e1ll a hullad\u00e9ksz\u00e1ll\u00edt\u00e1s a nappali \u00fcr\u00edt\u00e9sre<\/a><\/span><\/li>\n<li><span style=\"font-size: 10pt; font-family: arial, helvetica, sans-serif;\"><a href=\"https:\/\/ecsfalu.hu\/honlap\/hireink\/2021\/doc\/20210119_Gyermekorvos.Helyetesites.pdf\">2021.01.19.\u00a0Gyermekorvosi helyettes\u00edt\u00e9s 2021.01.21-\u00e9n<\/a><\/span><\/li>\n<li><span style=\"font-size: 10pt; font-family: arial, helvetica, sans-serif;\"><a href=\"https:\/\/ecsfalu.hu\/honlap\/hireink\/2021\/20210114_Bolcsode.html\">2021.01.14.\u00a0\u00daj b\u00f6lcs\u0151de kialak\u00edt\u00e1sa \u00c9csen<\/a><\/span><\/li>\n<\/ul>\n<p><strong><span style=\"font-size: 10pt; font-family: arial, helvetica, sans-serif;\">2020.<\/span><\/strong><\/p>\n<ul>\n<li><span style=\"font-size: 10pt; font-family: arial, helvetica, sans-serif;\"><a href=\"https:\/\/ecsfalu.hu\/honlap\/hireink\/2020\/doc\/20201224_Karacsonyi.Udvozlet.pdf\">2020.12.24.\u00a0Kar\u00e1csonyi \u00fcdv\u00f6zlet<\/a><\/span><\/li>\n<li><span style=\"font-size: 10pt; font-family: arial, helvetica, sans-serif;\"><a href=\"https:\/\/ecsfalu.hu\/honlap\/hireink\/2020\/doc\/20201222_Unnepi.Miserend.pdf\">2020.12.24.\u00a0Egyh\u00e1zi h\u00edrek &#8211; \u00dcnnepi miserend<\/a><\/span><\/li>\n<li><span style=\"font-size: 10pt; font-family: arial, helvetica, sans-serif;\"><a href=\"https:\/\/ecsfalu.hu\/honlap\/hireink\/2020\/doc\/20201223_Rendezesi.Terv.Hirdetmeny.pdf\">2020.12.23.\u00a0Partners\u00e9gi hirdetm\u00e9ny \u00e9s megh\u00edv\u00f3 elektronikus lakoss\u00e1gi f\u00f3rumra<\/a><\/span><\/li>\n<li><span style=\"font-size: 10pt; font-family: arial, helvetica, sans-serif;\"><a href=\"https:\/\/ecsfalu.hu\/honlap\/hireink\/2020\/doc\/20201223_Haziorvos.Rendeles.Januartol.pdf\">2020.12.23.\u00a0Feln\u0151tt h\u00e1ziorvosi rendel\u00e9si id\u0151 v\u00e1ltoz\u00e1s!<\/a><\/span><\/li>\n<li><span style=\"font-size: 10pt; font-family: arial, helvetica, sans-serif;\"><a href=\"https:\/\/ecsfalu.hu\/honlap\/hireink\/2020\/doc\/20201223_Unnepi.Haziorvos.Rendelesi.Ido.pdf\">2020.12.23.\u00a0H\u00e1ziorvos rendel\u00e9si ideje \u00fcnnepek alatt<\/a><\/span><\/li>\n<li><span style=\"font-size: 10pt; font-family: arial, helvetica, sans-serif;\"><a href=\"https:\/\/ecsfalu.hu\/honlap\/hireink\/2020\/doc\/20201223_Unnepi.Ugyfelfogadas.pdf\">2020.12.23.\u00a0\u00dcnnepi \u00fcgyf\u00e9lfogad\u00e1s az \u00d6nkorm\u00e1nyzati Hivatalban<\/a><\/span><\/li>\n<li><span style=\"font-size: 10pt; font-family: arial, helvetica, sans-serif;\"><a href=\"https:\/\/ecsfalu.hu\/honlap\/hireink\/2020\/doc\/20201221_Gyermekorvos.Unnepi.Rendelesi.Ido.pdf\">2020.12.21.\u00a0Gyermekorvos rendel\u00e9si ideje \u00fcnnepek alatt<\/a><\/span><\/li>\n<li><span style=\"font-size: 10pt; font-family: arial, helvetica, sans-serif;\"><a href=\"https:\/\/ecsfalu.hu\/honlap\/hireink\/2020\/doc\/20201209_Tajekoztato.pdf\">2020.12.09.\u00a0A Pannonhalmi-dombs\u00e1g fenntart\u00e1si terv\u00e9nek egyeztet\u00e9se<\/a><\/span><\/li>\n<li><span style=\"font-size: 10pt; font-family: arial, helvetica, sans-serif;\"><a href=\"https:\/\/ecsfalu.hu\/honlap\/hireink\/2020\/doc\/20201208_Gyermekorvos.helyetesites.pdf\">2020.12.08.\u00a0Gyermekorvosi helyettes\u00edt\u00e9s 2020.12.10-\u00e9n<\/a><\/span><\/li>\n<li><span style=\"font-size: 10pt; font-family: arial, helvetica, sans-serif;\"><a href=\"https:\/\/ecsfalu.hu\/honlap\/hireink\/2020\/doc\/20201202_Hulladekudvar.Teli.Nyitvatartas.pdf\">2020.12.02.\u00a0T\u00e1j\u00e9koztat\u00e1s hullad\u00e9kudvar 2020. \u00e9vi utols\u00f3 nyitvatart\u00e1si napj\u00e1r\u00f3l<\/a><\/span><\/li>\n<li><span style=\"font-size: 10pt; font-family: arial, helvetica, sans-serif;\"><a href=\"https:\/\/ecsfalu.hu\/honlap\/hireink\/2020\/doc\/20201129_ELBIR.Hirlevel.November.pdf\">2020.11.29.\u00a0B\u0171nmegel\u0151z\u00e9si h\u00edrlev\u00e9l november<\/a><\/span><\/li>\n<li><span style=\"font-size: 10pt; font-family: arial, helvetica, sans-serif;\"><a href=\"https:\/\/ecsfalu.hu\/honlap\/hireink\/2020\/doc\/20201111_Kormanyhivatal.Ugyfelfogadas.pdf\">2020.11.11.\u00a0Csak id\u0151pontfoglal\u00e1ssal fogadj\u00e1k \u00fcgyfelekeit a korm\u00e1nyhivatalok<\/a><\/span><\/li>\n<li><span style=\"font-size: 10pt; font-family: arial, helvetica, sans-serif;\"><a href=\"https:\/\/ecsfalu.hu\/honlap\/hireink\/2020\/doc\/20201108_Hirdetmeny.pdf\">2020.11.07.\u00a0Hirdetm\u00e9ny a vesz\u00e9lyhelyzet kihirdet\u00e9s\u00e9r\u0151l<\/a><\/span><\/li>\n<li><span style=\"font-size: 10pt; font-family: arial, helvetica, sans-serif;\"><a href=\"https:\/\/ecsfalu.hu\/honlap\/hireink\/2020\/doc\/20201105_Szocialis.Tuzifa.pdf\">2020.11.05.\u00a0T\u00e1j\u00e9koztat\u00f3 szoci\u00e1lis t\u0171zifa t\u00e1mogat\u00e1s ig\u00e9nyl\u00e9s\u00e9r\u0151l<\/a><\/span><\/li>\n<li><span style=\"font-size: 10pt; font-family: arial, helvetica, sans-serif;\"><a href=\"https:\/\/ecsfalu.hu\/honlap\/hireink\/2020\/doc\/20201118_Veradas.pdf\">2020.11.05.\u00a0V\u00e9rad\u00e1s (2020.11.18.)<\/a><\/span><\/li>\n<li><span style=\"font-size: 10pt; font-family: arial, helvetica, sans-serif;\"><a href=\"https:\/\/ecsfalu.hu\/honlap\/hireink\/2020\/doc\/20201105_ELBIR.pdf\">2020.10.29.\u00a0B\u0171nmegel\u0151z\u00e9si h\u00edrlev\u00e9l<\/a><\/span><\/li>\n<li><span style=\"font-size: 10pt; font-family: arial, helvetica, sans-serif;\"><a href=\"https:\/\/ecsfalu.hu\/honlap\/hireink\/2020\/doc\/20201026_Kormanyablak.pdf\">2020.10.26.\u00a0Mobil korm\u00e1nyablak busz \u00c9csen (2020.11.04.)<\/a><\/span><\/li>\n<li><span style=\"font-size: 10pt; font-family: arial, helvetica, sans-serif;\"><a href=\"https:\/\/ecsfalu.hu\/honlap\/hireink\/2020\/doc\/20201019_Szennyviziszap.pdf\">2020.10.19.\u00a0\u00c9rtes\u00edt\u00e9s szennyv\u00edziszap kisz\u00e1ll\u00edt\u00e1s id\u0151pontj\u00e1r\u00f3l<\/a><\/span><\/li>\n<li><span style=\"font-size: 10pt; font-family: arial, helvetica, sans-serif;\"><a href=\"https:\/\/ecsfalu.hu\/honlap\/hireink\/2020\/doc\/20201016_ELBIR_Oktober.pdf\">2020.10.16.\u00a0B\u0171nmegel\u0151z\u00e9si h\u00edrlev\u00e9l okt\u00f3ber<\/a><\/span><\/li>\n<li><span style=\"font-size: 10pt; font-family: arial, helvetica, sans-serif;\"><a href=\"https:\/\/ecsfalu.hu\/honlap\/hireink\/2020\/doc\/20201016_Aramszunet.pdf\">2020.10.16.\u00a0\u00c9rtes\u00edt\u00e9s \u00e1ramsz\u00fcnetr\u0151l (2020.09.20-21.)<\/a><\/span><\/li>\n<li><span style=\"font-size: 10pt; font-family: arial, helvetica, sans-serif;\"><a href=\"https:\/\/ecsfalu.hu\/honlap\/hireink\/2020\/doc\/20200930_Tajekoztatas_Hulladekgyujtes.pdf\">2020.09.30.\u00a0T\u00e1j\u00e9koztat\u00f3 &#8211; V\u00e1ltoz\u00e1s a hulladekgyujtes id\u0151pontj\u00e1ban<\/a><\/span><\/li>\n<li><span style=\"font-size: 10pt; font-family: arial, helvetica, sans-serif;\"><a href=\"https:\/\/ecsfalu.hu\/honlap\/hireink\/2020\/doc\/20200928_Haziorvos.Valtozas.pdf\">2020.09.28.\u00a0H\u00edrdetm\u00e9ny h\u00e1ziorvosi ell\u00e1t\u00e1sban t\u00f6rt\u00e9n\u0151 v\u00e1ltoz\u00e1sr\u00f3l<\/a><\/span><\/li>\n<li><span style=\"font-size: 10pt; font-family: arial, helvetica, sans-serif;\"><a href=\"https:\/\/ecsfalu.hu\/honlap\/hireink\/2020\/doc\/20200925_Aramszunet.pdf\">2020.09.22.\u00a0\u00c9rtes\u00edt\u00e9s \u00e1ramsz\u00fcnetr\u0151l (2020.09.25.)<\/a><\/span><\/li>\n<li><span style=\"font-size: 10pt; font-family: arial, helvetica, sans-serif;\"><a href=\"https:\/\/ecsfalu.hu\/honlap\/hireink\/2020\/doc\/20200924_Aramszunet.pdf\">2020.09.22.\u00a0\u00c9rtes\u00edt\u00e9s \u00e1ramsz\u00fcnetr\u0151l (2020.09.24.)<\/a><\/span><\/li>\n<li><span style=\"font-size: 10pt; font-family: arial, helvetica, sans-serif;\"><a href=\"https:\/\/ecsfalu.hu\/honlap\/hireink\/2020\/doc\/20200917_Eboltas.pdf\">2020.09.17.\u00a0Ebolt\u00e1s (2020.09.25.)<\/a><\/span><\/li>\n<li><span style=\"font-size: 10pt; font-family: arial, helvetica, sans-serif;\"><a href=\"https:\/\/ecsfalu.hu\/honlap\/hireink\/2020\/doc\/20200911_Falunap.pdf\">2020.09.11.\u00a0Elmarad sz\u00fcreti falunap<\/a><\/span><\/li>\n<li><span style=\"font-size: 10pt; font-family: arial, helvetica, sans-serif;\"><a href=\"https:\/\/ecsfalu.hu\/honlap\/hireink\/2020\/doc\/20200909_Aramszunet.pdf\">2020.09.03.\u00a0\u00c9rtes\u00edt\u00e9s \u00e1ramsz\u00fcnetr\u0151l (2020.09.09.)<\/a><\/span><\/li>\n<li><span style=\"font-size: 10pt; font-family: arial, helvetica, sans-serif;\"><a href=\"https:\/\/ecsfalu.hu\/honlap\/hireink\/2020\/doc\/20200903_Aramszunet.pdf\">2020.08.31.\u00a0\u00c9rtes\u00edt\u00e9s \u00e1ramsz\u00fcnetr\u0151l (2020.09.03. &#8211; 2020.09.04.)<\/a><\/span><\/li>\n<li><span style=\"font-size: 10pt; font-family: arial, helvetica, sans-serif;\"><a href=\"https:\/\/ecsfalu.hu\/honlap\/hireink\/2020\/doc\/20200902_Aramszunet.pdf\">2020.08.31.\u00a0\u00c9rtes\u00edt\u00e9s \u00e1ramsz\u00fcnetr\u0151l (2020.09.02.)<\/a><\/span><\/li>\n<li><span style=\"font-size: 10pt; font-family: arial, helvetica, sans-serif;\"><a href=\"https:\/\/ecsfalu.hu\/honlap\/hireink\/2020\/doc\/20200825_Aramszunet.pdf\">2020.08.25.\u00a0\u00c9rtes\u00edt\u00e9s \u00e1ramsz\u00fcnetr\u0151l (2020.08.27.-2020.08.28.)<\/a><\/span><\/li>\n<li><span style=\"font-size: 10pt; font-family: arial, helvetica, sans-serif;\"><a href=\"https:\/\/ecsfalu.hu\/honlap\/hireink\/2020\/doc\/20200825_ELBIR.Augusztus.pdf\">2020.08.25.\u00a0B\u0171nmegel\u0151z\u00e9si h\u00edrlev\u00e9l augusztus<\/a><\/span><\/li>\n<li><span style=\"font-size: 10pt; font-family: arial, helvetica, sans-serif;\"><a href=\"https:\/\/ecsfalu.hu\/honlap\/hireink\/2020\/doc\/20200804_Hirdetmeny.pdf\">2020.08.04.\u00a0Hirdetm\u00e9ny<\/a><\/span><\/li>\n<li><span style=\"font-size: 10pt; font-family: arial, helvetica, sans-serif;\"><a href=\"https:\/\/ecsfalu.hu\/honlap\/hireink\/2020\/doc\/20200728_Gyermekorvos.pdf\">2020.07.28.\u00a0Gyermekorvosi helyettes\u00edt\u00e9s 2020.08.03.-2020.08.07. k\u00f6z\u00f6tt<\/a><\/span><\/li>\n<li><span style=\"font-size: 10pt; font-family: arial, helvetica, sans-serif;\"><a href=\"https:\/\/ecsfalu.hu\/honlap\/hireink\/2020\/doc\/20200726_EON.Aramszunet.pdf\">2020.07.26.\u00a0\u00c9rtes\u00edt\u00e9s \u00e1ramsz\u00fcnetr\u0151l (2020.07.30.)<\/a><\/span><\/li>\n<li><span style=\"font-size: 10pt; font-family: arial, helvetica, sans-serif;\"><a href=\"https:\/\/ecsfalu.hu\/honlap\/hireink\/2020\/doc\/20200719_Takarek.pdf\">2020.07.19.\u00a0K\u00f6zlem\u00e9ny a Takar\u00e9kbank \u00c9cs k\u00f6zs\u00e9gben \u00fczemel\u0151 fi\u00f3kj\u00e1nak &#8211; hat\u00e1rozatlan idej\u0171 &#8211; nyitvatart\u00e1s v\u00e1ltoz\u00e1s\u00e1r\u00f3l<\/a><\/span><\/li>\n<li><span style=\"font-size: 10pt; font-family: arial, helvetica, sans-serif;\"><a href=\"https:\/\/ecsfalu.hu\/honlap\/hireink\/2020\/doc\/20200716_Pannon.Viz.Ertesites.pdf\">2020.07.17.\u00a0\u00c9rtes\u00edt\u00e9s szennyv\u00edziszap kisz\u00e1ll\u00edt\u00e1s id\u0151pontj\u00e1r\u00f3l<\/a><\/span><\/li>\n<li><span style=\"font-size: 10pt; font-family: arial, helvetica, sans-serif;\"><a href=\"https:\/\/ecsfalu.hu\/honlap\/hireink\/2020\/20200716_MFP.html\">2020.07.17.\u00a0Magyar Falu Program &#8211; P\u00e1ly\u00e1zatok<\/a><\/span><\/li>\n<li><span style=\"font-size: 10pt; font-family: arial, helvetica, sans-serif;\"><a href=\"https:\/\/ecsfalu.hu\/honlap\/hireink\/2020\/doc\/20200716_ELBIR.Hirlevel.Julius.pdf\">2020.07.17.\u00a0B\u0171nmegel\u0151z\u00e9si h\u00edrlev\u00e9l j\u00falius<\/a><\/span><\/li>\n<li><span style=\"font-size: 10pt; font-family: arial, helvetica, sans-serif;\"><a href=\"https:\/\/ecsfalu.hu\/honlap\/hireink\/2020\/doc\/20200706_Veradas.pdf\">2020.07.07.\u00a0V\u00e9rad\u00e1s (2020.07.14.)<\/a><\/span><\/li>\n<li><span style=\"font-size: 10pt; font-family: arial, helvetica, sans-serif;\"><a href=\"https:\/\/ecsfalu.hu\/honlap\/hireink\/2020\/doc\/20200703_Kereszt.Felujitas.pdf\">2020.07.03.\u00a0Adom\u00e1nygy\u0171jt\u00e9s az \u00d6reg utcai kereszt fel\u00faj\u00edt\u00e1s\u00e1ra<\/a><\/span><\/li>\n<li><span style=\"font-size: 10pt; font-family: arial, helvetica, sans-serif;\"><a href=\"https:\/\/ecsfalu.hu\/honlap\/hireink\/2020\/20200703_Diakmunka.html\">2020.07.03.\u00a0Ny\u00e1ri di\u00e1kmunka<\/a><\/span><\/li>\n<li><span style=\"font-size: 10pt; font-family: arial, helvetica, sans-serif;\"><a href=\"https:\/\/ecsfalu.hu\/honlap\/hireink\/2020\/doc\/20200702_Gyermekorvos.pdf\">2020.07.02.\u00a0Gyermekorvosi helyettes\u00edt\u00e9s 2020.07.06.-2020.07.10. k\u00f6z\u00f6tt<\/a><\/span><\/li>\n<li><span style=\"font-size: 10pt; font-family: arial, helvetica, sans-serif;\"><a href=\"https:\/\/ecsfalu.hu\/honlap\/hireink\/2020\/20200618_Orszagfasitas.html\">2020.06.18.\u00a0Orsz\u00e1gf\u00e1s\u00edt\u00e1si Program<\/a><\/span><\/li>\n<li><span style=\"font-size: 10pt; font-family: arial, helvetica, sans-serif;\"><a href=\"https:\/\/ecsfalu.hu\/honlap\/hireink\/2020\/doc\/20200618_ELBIR.Hirlevel.Junius.pdf\">2020.06.18.\u00a0B\u0171nmegel\u0151z\u00e9si h\u00edrlev\u00e9l j\u00fanius<\/a><\/span><\/li>\n<li><span style=\"font-size: 10pt; font-family: arial, helvetica, sans-serif;\"><a href=\"https:\/\/ecsfalu.hu\/honlap\/hireink\/2020\/20200609_Egyhazi.Hirek.html\">2020.06.09.\u00a0\u00darnapi szentmise (2020.06.14.)<\/a><\/span><\/li>\n<li><span style=\"font-size: 10pt; font-family: arial, helvetica, sans-serif;\"><a href=\"https:\/\/ecsfalu.hu\/honlap\/hireink\/2020\/20200609_Egyhazkozseg.html\">2020.06.09.\u00a0Egyh\u00e1zk\u00f6zs\u00e9gi k\u00e9pvisel\u0151k esk\u00fct\u00e9tele<\/a><\/span><\/li>\n<li><span style=\"font-size: 10pt; font-family: arial, helvetica, sans-serif;\"><a href=\"https:\/\/ecsfalu.hu\/honlap\/hireink\/2020\/doc\/20200608_Gyermekorvos_2.pdf\">2020.06.08.\u00a0Gyermekorvosi helyettes\u00edt\u00e9s 2020.06.15-2020.06.19 k\u00f6z\u00f6tt<\/a><\/span><\/li>\n<li><span style=\"font-size: 10pt; font-family: arial, helvetica, sans-serif;\"><a href=\"https:\/\/ecsfalu.hu\/honlap\/hireink\/2020\/doc\/20200608_Gyermekorvos_1.pdf\">2020.06.08.\u00a0Gyermekorvosi helyettes\u00edt\u00e9s 2020.06.11-\u00e9n<\/a><\/span><\/li>\n<li><span style=\"font-size: 10pt; font-family: arial, helvetica, sans-serif;\"><a href=\"https:\/\/ecsfalu.hu\/honlap\/hireink\/2020\/doc\/20200608_Pannonkamra.pdf\">2020.06.08.\u00a0Pannonkamra &#8211; Termel\u0151i piac Pannonhalm\u00e1n (2020.06.20.)<\/a><\/span><\/li>\n<li><span style=\"font-size: 10pt; font-family: arial, helvetica, sans-serif;\"><a href=\"https:\/\/ecsfalu.hu\/honlap\/hireink\/2020\/doc\/20200607_Sokoro.Es.Ertekei.Konyv.pdf\">2020.06.07.\u00a0Megjelent Sz\u0171cs Mih\u00e1ly \u201eA Sokor\u00f3 \u00e9s \u00e9rt\u00e9kei\u201d c. k\u00f6nyve<\/a><\/span><\/li>\n<li><span style=\"font-size: 10pt; font-family: arial, helvetica, sans-serif;\"><a href=\"https:\/\/ecsfalu.hu\/honlap\/hireink\/2020\/doc\/20200529_Gyogyszertari.Tajekoztatas.pdf\">2020.05.29.\u00a0Gy\u00f3gyszert\u00e1ri t\u00e1j\u00e9koztat\u00e1s<\/a><\/span><\/li>\n<li><span style=\"font-size: 10pt; font-family: arial, helvetica, sans-serif;\"><a href=\"https:\/\/ecsfalu.hu\/honlap\/hireink\/2020\/doc\/20200526_Hulladekudvar.Nyari.Nyitvatartas.pdf\">2020.05.26.\u00a0T\u00e1j\u00e9koztat\u00e1s hullad\u00e9kudvar ny\u00e1ri nyitvatart\u00e1s\u00e1r\u00f3l<\/a><\/span><\/li>\n<li><span style=\"font-size: 10pt; font-family: arial, helvetica, sans-serif;\"><a href=\"https:\/\/ecsfalu.hu\/honlap\/hireink\/2020\/doc\/20200505_ELBIR.Hirlevel.pdf\">2020.05.05.\u00a0B\u0171nmegel\u0151z\u00e9si h\u00edrlev\u00e9l<\/a><\/span><\/li>\n<li><span style=\"font-size: 10pt; font-family: arial, helvetica, sans-serif;\"><a href=\"https:\/\/ecsfalu.hu\/honlap\/hireink\/2020\/20200503_Anyak.Napja.html\">2020.05.03.\u00a0Any\u00e1k napi k\u00f6sz\u00f6nt\u0151<\/a><\/span><\/li>\n<li><span style=\"font-size: 10pt; font-family: arial, helvetica, sans-serif;\"><a href=\"https:\/\/ecsfalu.hu\/honlap\/hireink\/2020\/doc\/20200427_Rabakesz.Menu.pdf\">2020.04.28.\u00a0Eb\u00e9drendel\u00e9s<\/a><\/span><\/li>\n<li><span style=\"font-size: 10pt; font-family: arial, helvetica, sans-serif;\"><a href=\"https:\/\/ecsfalu.hu\/honlap\/hireink\/2020\/doc\/20200417_Lakossagi.Tajekoztato.pdf\">2020.04.17.\u00a0Lakoss\u00e1gi t\u00e1j\u00e9koztat\u00f3<\/a><\/span><\/li>\n<li><span style=\"font-size: 10pt; font-family: arial, helvetica, sans-serif;\"><a href=\"https:\/\/ecsfalu.hu\/honlap\/hireink\/2020\/doc\/20200411_Aldott.Husveti.Unnepeket.pdf\">2020.04.11.\u00a0H\u00fasv\u00e9ti k\u00f6sz\u00f6nt\u0151<\/a><\/span><\/li>\n<li><span style=\"font-size: 10pt; font-family: arial, helvetica, sans-serif;\"><a href=\"https:\/\/ecsfalu.hu\/honlap\/hireink\/2020\/doc\/20200411_Pannon.Viz.pdf\">2020.04.11.\u00a0T\u00e1j\u00e9koztat\u00e1s v\u00edzvezet\u00e9k kiz\u00e1r\u00e1sr\u00f3l<\/a><\/span><\/li>\n<li><span style=\"font-size: 10pt; font-family: arial, helvetica, sans-serif;\"><a href=\"https:\/\/ecsfalu.hu\/honlap\/hireink\/2020\/doc\/20200411_MRFK.ELBIR.Hirlevel.pdf\">2020.04.11.\u00a0B\u0171nmegel\u0151z\u00e9si h\u00edrlev\u00e9l<\/a><\/span><\/li>\n<li><span style=\"font-size: 10pt; font-family: arial, helvetica, sans-serif;\"><a href=\"https:\/\/ecsfalu.hu\/honlap\/hireink\/2020\/doc\/20200408_Iskolai.Beiratas.pdf\">2020.04.08.\u00a0Hirdetm\u00e9ny \u00e1ltal\u00e1nos iskol\u00e1ba t\u00f6rt\u00e9n\u0151 be\u00edratkoz\u00e1sr\u00f3l<\/a><\/span><\/li>\n<li><span style=\"font-size: 10pt; font-family: arial, helvetica, sans-serif;\"><a href=\"https:\/\/ecsfalu.hu\/honlap\/hireink\/2020\/ovoda\/ovoda.html\">2020.04.02.\u00a0Hirdetm\u00e9ny az \u00f3vod\u00e1ba t\u00f6rt\u00e9n\u0151 be\u00edratkoz\u00e1sr\u00f3l<\/a><\/span><\/li>\n<li><span style=\"font-size: 10pt; font-family: arial, helvetica, sans-serif;\"><a href=\"https:\/\/ecsfalu.hu\/honlap\/hireink\/2020\/doc\/20200317_Ertesites.Szennyviziszap.Kaszallitas.Idopontjarol.pdf\">2020.03.17.\u00a0\u00c9rtes\u00edt\u00e9s szennyv\u00edziszap kisz\u00e1ll\u00edt\u00e1s id\u0151pontj\u00e1r\u00f3l<\/a><\/span><\/li>\n<li><span style=\"font-size: 10pt; font-family: arial, helvetica, sans-serif;\"><a href=\"https:\/\/ecsfalu.hu\/honlap\/hireink\/2020\/doc\/20200316_Elektronikus.Fizetesi.Szolgaltatas.pdf\">2020.03.16.\u00a0Elektronikus fizet\u00e9si szolg\u00e1ltat\u00e1s t\u00e1j\u00e9koztat\u00f3<\/a><\/span><\/li>\n<li><span style=\"font-size: 10pt; font-family: arial, helvetica, sans-serif;\"><a href=\"https:\/\/ecsfalu.hu\/honlap\/hireink\/2020\/doc\/20200313_Tajekoztatas.pdf\">2020.03.13.\u00a0T\u00e1j\u00e9koztat\u00e1s a koronav\u00edrussal kapcsolatban<\/a><\/span><\/li>\n<li><span style=\"font-size: 10pt; font-family: arial, helvetica, sans-serif;\"><a href=\"https:\/\/ecsfalu.hu\/honlap\/hireink\/2020\/doc\/20200313_Haziorvos.Helyettesites.pdf\">2020.03.13.\u00a0H\u00e1ziorvosi helyettes\u00edt\u00e9s v\u00e1ltoz\u00e1s (2020.03.12.-2020.03.13.)<\/a><\/span><\/li>\n<li><span style=\"font-size: 10pt; font-family: arial, helvetica, sans-serif;\"><a href=\"https:\/\/ecsfalu.hu\/honlap\/hireink\/2020\/doc\/20200310_Tajkoztatas.Koronavirus.pdf\">2020.03.10.\u00a0Polg\u00e1rmesteri t\u00e1j\u00e9koztat\u00f3 a m\u00e1rcius 15-i k\u00f6zs\u00e9gi megeml\u00e9kez\u00e9s elmarad\u00e1s\u00e1r\u00f3l<\/a><\/span><\/li>\n<li><span style=\"font-size: 10pt; font-family: arial, helvetica, sans-serif;\"><a href=\"https:\/\/ecsfalu.hu\/honlap\/hireink\/2020\/doc\/20200309_Gyermekorvos.Rendeles.pdf\">2020.03.09.\u00a0T\u00e1j\u00e9koztat\u00e1s gyermekorvosi rendel\u00e9s v\u00e1ltoz\u00e1sr\u00f3l (2020.03.10.)<\/a><\/span><\/li>\n<li><span style=\"font-size: 10pt; font-family: arial, helvetica, sans-serif;\"><a href=\"https:\/\/ecsfalu.hu\/honlap\/hireink\/2020\/doc\/20200307_Haziorvos.Helyettesites.pdf\">2020.03.07.\u00a0H\u00e1ziorvosi helyettes\u00edt\u00e9s (2020.03.12.-2020.03.20.)<\/a><\/span><\/li>\n<li><span style=\"font-size: 10pt; font-family: arial, helvetica, sans-serif;\"><a href=\"https:\/\/ecsfalu.hu\/honlap\/hireink\/2020\/doc\/20200306_Felhivas.Tuzgyujtas.pdf\">2020.03.06.\u00a0Felh\u00edv\u00e1s ny\u00edltt\u00e9ri eget\u00e9ssel kapcsolatban<\/a><\/span><\/li>\n<li><span style=\"font-size: 10pt; font-family: arial, helvetica, sans-serif;\"><a href=\"https:\/\/ecsfalu.hu\/honlap\/hireink\/2020\/doc\/20200306_Pannon.Estek.pdf\">2020.03.06.\u00a0Pannon est\u00e9k &#8211; P\u00e1sztor Erzsi (2020.04.16.)<\/a><\/span><\/li>\n<li><span style=\"font-size: 10pt; font-family: arial, helvetica, sans-serif;\"><a href=\"https:\/\/ecsfalu.hu\/honlap\/hireink\/2020\/doc\/20200227_Termeloi.Piac.pdf\">2020.02.27.\u00a0Pannonkamra &#8211; Termel\u0151i piac Pannonhalm\u00e1n<\/a><\/span><\/li>\n<li><span style=\"font-size: 10pt; font-family: arial, helvetica, sans-serif;\"><a href=\"https:\/\/ecsfalu.hu\/honlap\/hireink\/2020\/doc\/20200224_Levendula.Buzavirag.utca.hazszamai.pdf\">2020.02.24.\u00a0Levendula \u00e9s B\u00fazavir\u00e1g utca h\u00e1zsz\u00e1mainak meg\u00e1llap\u00edt\u00e1sa<\/a><\/span><\/li>\n<li><span style=\"font-size: 10pt; font-family: arial, helvetica, sans-serif;\">2020.02.10.\u00a0<a href=\"https:\/\/ecsfalu.hu\/honlap\/hireink\/2020\/202002010_Partnersegi\/20200210_Partnersegi.Hirdetmeny_Meghivo.pdf\">Partners\u00e9gi Hirdetm\u00e9ny \u00e9s lakoss\u00e1gi f\u00f3rum megh\u00edv\u00f3 (2020.02.19.)<\/a><\/span>\n<ul>\n<li><span style=\"font-size: 10pt; font-family: arial, helvetica, sans-serif;\"><a href=\"https:\/\/ecsfalu.hu\/honlap\/hireink\/2020\/202002010_Partnersegi\/20200210_Partnersegi.Dokumentacio.pdf\">Partners\u00e9gi dokument\u00e1ci\u00f3<\/a><\/span><\/li>\n<li><span style=\"font-size: 10pt; font-family: arial, helvetica, sans-serif;\"><a href=\"https:\/\/ecsfalu.hu\/honlap\/hireink\/2020\/202002010_Partnersegi\/20200210_Szabalyozasi.Es.Ovezeti.Terv.Belterulet.pdf\">Szab\u00e1lyoz\u00e1si \u00e9s \u00f6vezeti terv belter\u00fclet (fedv\u00e9ny)<\/a><\/span><\/li>\n<li><span style=\"font-size: 10pt; font-family: arial, helvetica, sans-serif;\"><a href=\"https:\/\/ecsfalu.hu\/honlap\/hireink\/2020\/202002010_Partnersegi\/20200210_Szabalyozasi.Es.Ovezeti.Terv.Kulterulet.pdf\">Szab\u00e1lyoz\u00e1si \u00e9s \u00f6vezeti terv k\u00fclter\u00fclet (fedv\u00e9ny)<\/a><\/span><\/li>\n<li><span style=\"font-size: 10pt; font-family: arial, helvetica, sans-serif;\"><a href=\"https:\/\/ecsfalu.hu\/honlap\/hireink\/2020\/202002010_Partnersegi\/20200210_Teruletfelhasznalasi.Terv.Fedveny_1.pdf\">Ter\u00fcletfelhaszn\u00e1l\u00e1si terv (fedv\u00e9ny 1.)<\/a><\/span><\/li>\n<li><span style=\"font-size: 10pt; font-family: arial, helvetica, sans-serif;\"><a href=\"https:\/\/ecsfalu.hu\/honlap\/hireink\/2020\/202002010_Partnersegi\/20200210_Teruletfelhasznalasi.Terv.Fedveny_2.pdf\">Ter\u00fcletfelhaszn\u00e1l\u00e1si terv (fedv\u00e9ny 2.)<\/a><\/span><\/li>\n<\/ul>\n<\/li>\n<li><span style=\"font-size: 10pt; font-family: arial, helvetica, sans-serif;\"><a href=\"https:\/\/ecsfalu.hu\/honlap\/hireink\/2020\/doc\/20200210_Ecs.zartkerti.Palyazat.pdf\">2020.02.10.\u00a0Z\u00e1rtkerti mez\u0151gazdas\u00e1gi utak fejleszt\u00e9se \u00c9csen<\/a><\/span><\/li>\n<li><span style=\"font-size: 10pt; font-family: arial, helvetica, sans-serif;\"><a href=\"https:\/\/ecsfalu.hu\/honlap\/hireink\/2020\/doc\/20200207_Gyermekorvos.pdf\">2020.02.07.\u00a0Gyermekorvosi t\u00e1j\u00e9koztat\u00f3<\/a><\/span><\/li>\n<li><span style=\"font-size: 10pt; font-family: arial, helvetica, sans-serif;\"><a href=\"https:\/\/ecsfalu.hu\/honlap\/hireink\/2020\/doc\/20200203_Gyermekorvosi.Rendeles.pdf\">2020.02.03.\u00a0T\u00e1j\u00e9koztat\u00e1s gyermekorvosi rendel\u00e9s v\u00e1ltoz\u00e1sr\u00f3l (2020.02.04.)<\/a><\/span><\/li>\n<li><span style=\"font-size: 10pt; font-family: arial, helvetica, sans-serif;\"><a href=\"https:\/\/ecsfalu.hu\/honlap\/hireink\/2020\/doc\/20200121_Hulladekudvar.pdf\">2020.01.21.\u00a0T\u00e1j\u00e9koztat\u00e1s Hullad\u00e9kudvar 2020. \u00e9vi nyit\u00e1s\u00e1r\u00f3l<\/a><\/span><\/li>\n<li><span style=\"font-size: 10pt; font-family: arial, helvetica, sans-serif;\"><a href=\"https:\/\/ecsfalu.hu\/honlap\/hireink\/2020\/doc\/20200121_ELBIR.Hirlevel.Januar.pdf\">2020.01.21.\u00a0B\u0171nmegel\u0151z\u00e9si h\u00edrlev\u00e9l<\/a><\/span><\/li>\n<\/ul>\n<p><strong><span style=\"font-size: 10pt; font-family: arial, helvetica, sans-serif;\">2019.<\/span><\/strong><\/p>\n<ul>\n<li><span style=\"font-size: 10pt; font-family: arial, helvetica, sans-serif;\"><a href=\"https:\/\/ecsfalu.hu\/honlap\/hireink\/2019\/doc\/20191219_Karacsonyi.Udvozlet.pdf\">2019.12.19.\u00a0Kar\u00e1csonyi \u00fcdv\u00f6zlet<\/a><\/span><\/li>\n<li><span style=\"font-size: 10pt; font-family: arial, helvetica, sans-serif;\"><a href=\"https:\/\/ecsfalu.hu\/honlap\/hireink\/2019\/doc\/20191219_Kozos.Karacsonyi.Unnepvaras.pdf\">2019.12.19.\u00a0Megh\u00edv\u00f3 Kar\u00e1csonyi K\u00f6z\u00f6s \u00dcnnepv\u00e1r\u00e1sra (2019.12.22.)<\/a><\/span><\/li>\n<li><span style=\"font-size: 10pt; font-family: arial, helvetica, sans-serif;\"><a href=\"https:\/\/ecsfalu.hu\/honlap\/hireink\/2019\/doc\/20191219_Hulladekudvar.pdf\">2019.12.19.\u00a0T\u00e1j\u00e9koztat\u00e1s Hullad\u00e9kudvar z\u00e1rvatart\u00e1s\u00e1r\u00f3l<\/a><\/span><\/li>\n<li><span style=\"font-size: 10pt; font-family: arial, helvetica, sans-serif;\"><a href=\"https:\/\/ecsfalu.hu\/honlap\/hireink\/2019\/doc\/20191219_Hivatal.Unnepi.pdf\">2019.12.19.\u00a0\u00dcnnepi \u00fcgyf\u00e9lfogad\u00e1s az \u00d6nkorm\u00e1nyzati Hivatalban<\/a><\/span><\/li>\n<li><span style=\"font-size: 10pt; font-family: arial, helvetica, sans-serif;\"><a href=\"https:\/\/ecsfalu.hu\/honlap\/hireink\/2019\/doc\/20191219_Haziorvos.Helyetesites.pdf\">2019.12.19.\u00a0\u00c9rtes\u00edt\u00e9s h\u00e1ziorvosi helyetes\u00edt\u00e9sr\u0151l<\/a><\/span><\/li>\n<li><span style=\"font-size: 10pt; font-family: arial, helvetica, sans-serif;\"><a href=\"https:\/\/ecsfalu.hu\/honlap\/hireink\/2019\/doc\/20191216_ELBIR.Hirlevel.Kulonkiadas.pdf\">2019.12.16.\u00a0B\u0171nmegel\u0151z\u00e9si h\u00edrlev\u00e9l decemberi k\u00fcl\u00f6nsz\u00e1m<\/a><\/span><\/li>\n<li><span style=\"font-size: 10pt; font-family: arial, helvetica, sans-serif;\"><a href=\"https:\/\/ecsfalu.hu\/honlap\/hireink\/2019\/doc\/20191216_Gyermekorvos.Karacsonyi.Rendelesi.Idok.pdf\">2019.12.16.\u00a0Gyermekorvosi kar\u00e1csonyi rendel\u00e9si id\u0151k<\/a><\/span><\/li>\n<li><span style=\"font-size: 10pt; font-family: arial, helvetica, sans-serif;\"><a href=\"https:\/\/ecsfalu.hu\/honlap\/hireink\/2019\/doc\/20191216_ELBIR.Hirlevel.December.pdf\">2019.12.16.\u00a0B\u0171nmegel\u0151z\u00e9si h\u00edrlev\u00e9l<\/a><\/span><\/li>\n<li><span style=\"font-size: 10pt; font-family: arial, helvetica, sans-serif;\"><a href=\"https:\/\/ecsfalu.hu\/honlap\/hireink\/2019\/doc\/20191221_Halvasar.pdf\">2019.12.09.\u00a0Halv\u00e1s\u00e1r (2019.12.21.)<\/a><\/span><\/li>\n<li><span style=\"font-size: 10pt; font-family: arial, helvetica, sans-serif;\"><a href=\"https:\/\/ecsfalu.hu\/honlap\/hireink\/2019\/doc\/20191204_Gyermekorvos.pdf\">2019.12.04.\u00a0Gyermekorvosi helyetes\u00edt\u00e9s<\/a><\/span><\/li>\n<li><span style=\"font-size: 10pt; font-family: arial, helvetica, sans-serif;\"><a href=\"https:\/\/ecsfalu.hu\/honlap\/hireink\/2019\/doc\/20191209_Kozmeghallgatas.pdf\">2019.11.28.\u00a0Megh\u00edv\u00f3 &#8211; K\u00f6zmeghallgat\u00e1s (2019.12.09.)<\/a><\/span><\/li>\n<li><span style=\"font-size: 10pt; font-family: arial, helvetica, sans-serif;\"><a href=\"https:\/\/ecsfalu.hu\/honlap\/hireink\/2019\/doc\/20191129_Aramszunet.Ertesito.pdf\">2019.11.28.\u00a0\u00c9rtes\u00edt\u00e9s \u00e1ramsz\u00fcnetr\u0151l<\/a><\/span><\/li>\n<li><span style=\"font-size: 10pt; font-family: arial, helvetica, sans-serif;\"><a href=\"https:\/\/ecsfalu.hu\/honlap\/hireink\/2019\/doc\/20191126_ELBIR.pdf\">2019.11.26.\u00a0B\u0171nmegel\u0151z\u00e9si h\u00edrlev\u00e9l<\/a><\/span><\/li>\n<li><span style=\"font-size: 10pt; font-family: arial, helvetica, sans-serif;\"><a href=\"https:\/\/ecsfalu.hu\/honlap\/hireink\/2019\/doc\/20191115_Kepviselotetuleti.Ules.pdf\">2019.11.09.\u00a0K\u00e9pvisel\u0151-test\u00fcleti \u00fcl\u00e9s &#8211; 2019. november 15. &#8211; Megh\u00edv\u00f3<\/a><\/span><\/li>\n<li><span style=\"font-size: 10pt; font-family: arial, helvetica, sans-serif;\"><a href=\"https:\/\/ecsfalu.hu\/honlap\/hireink\/2019\/20191106_hulladekudvar.html#top\">2019.11.06.\u00a0Hullad\u00e9kudvar &#8211; t\u00e9li nyitvatart\u00e1s<\/a><\/span><\/li>\n<li><span style=\"font-size: 10pt; font-family: arial, helvetica, sans-serif;\"><a href=\"https:\/\/ecsfalu.hu\/honlap\/hireink\/2019\/doc\/20191021_Alakulo.Ules.pdf\">2019.11.09.\u00a0K\u00e9pvisel\u0151-test\u00fcleti alakul\u00f3 \u00fcl\u00e9s &#8211; 2019. okt\u00f3ber 25. &#8211; Megh\u00edv\u00f3<\/a><\/span><\/li>\n<li><span style=\"font-size: 10pt; font-family: arial, helvetica, sans-serif;\"><a href=\"https:\/\/ecsfalu.hu\/honlap\/hireink\/2019\/doc\/20191016_Ertesites.Utmunkakrol.pdf\">2019.10.16.\u00a0\u00c9rtes\u00edt\u00e9s \u00fatmunk\u00e1kr\u00f3l<\/a><\/span><\/li>\n<li><span style=\"font-size: 10pt; font-family: arial, helvetica, sans-serif;\"><a href=\"https:\/\/ecsfalu.hu\/honlap\/hireink\/2019\/doc\/20191011_Gallyazasi.Ertesito.pdf\">2019.10.11.\u00a0Gallyaz\u00e1si \u00e9rtes\u00edt\u0151<\/a><\/span><\/li>\n<li><span style=\"font-size: 10pt; font-family: arial, helvetica, sans-serif;\"><a href=\"https:\/\/ecsfalu.hu\/honlap\/hireink\/2019\/doc\/20191011_Csapadekviz.Gazdalkodas_II.Utem.pdf\">2019.10.11.\u00a0\u00c9cs k\u00f6zs\u00e9g telep\u00fcl\u00e9si k\u00f6rnyezetv\u00e9delmi infrastrukt\u00farafejleszt\u00e9se (TOP-2.1.3-16-GM1-2019-00003)<\/a><\/span><\/li>\n<li><span style=\"font-size: 10pt; font-family: arial, helvetica, sans-serif;\"><a href=\"https:\/\/ecsfalu.hu\/honlap\/hireink\/2019\/doc\/20191010_Folyamatban.Levo.Palyazataink.pdf\">2019.10.10.\u00a0Folyamatban \u00e9s elb\u00edr\u00e1l\u00e1s alatt l\u00e9v\u0151 p\u00e1ly\u00e1zataink<\/a><\/span><\/li>\n<li><span style=\"font-size: 10pt; font-family: arial, helvetica, sans-serif;\"><a href=\"https:\/\/ecsfalu.hu\/honlap\/hireink\/2019\/doc\/20191010_Vis.Maior.Palyazatok.pdf\">2019.10.10.\u00a0Vis-maior p\u00e1ly\u00e1zatok a 2019-es \u00e9vben<\/a><\/span><\/li>\n<li><span style=\"font-size: 10pt; font-family: arial, helvetica, sans-serif;\"><a href=\"https:\/\/ecsfalu.hu\/honlap\/hireink\/2019\/doc\/20191010_Napelemrendszer.Beszamolo.pdf\">2019.10.10.\u00a0Napelem rendszer telep\u00edt\u00e9se az \u00e9csi Polg\u00e1rmesteri Hivatal villamos energia ell\u00e1t\u00e1s\u00e1ra (TOP-3.2.1-16-GM1-2018-00003)<\/a><\/span><\/li>\n<li><span style=\"font-size: 10pt; font-family: arial, helvetica, sans-serif;\"><a href=\"https:\/\/ecsfalu.hu\/honlap\/hireink\/2019\/doc\/20191010_Kamerarendszer.Telepitese.pdf\">2019.10.10.\u00a0T\u00e9rfigyel\u0151 kamerarendszer \u00e9s eszk\u00f6zeinek felszerel\u00e9se \u00c9csen (VP6-19.2.1-70-3-17)<\/a><\/span><\/li>\n<li><span style=\"font-size: 10pt; font-family: arial, helvetica, sans-serif;\"><a href=\"https:\/\/ecsfalu.hu\/honlap\/hireink\/2019\/doc\/20191010_Ipari.Park.pdf\">2019.10.10.\u00a0Helyi gazdas\u00e1gfejleszt\u00e9s infrastruktur\u00e1lis felt\u00e9teleinek megteremt\u00e9se \u00c9csen (TOP-1.1.1-16-GM1-2017-00003)<\/a><\/span><\/li>\n<li><span style=\"font-size: 10pt; font-family: arial, helvetica, sans-serif;\"><a href=\"https:\/\/ecsfalu.hu\/honlap\/hireink\/2019\/doc\/20191010_Ecs.Uj.Lakoparki.Utcak.Epitese.pdf\">2019.10.10.\u00a0\u00c9cs, \u00faj lak\u00f3parki utc\u00e1k \u00e9p\u00edt\u00e9se<\/a><\/span><\/li>\n<li><span style=\"font-size: 10pt; font-family: arial, helvetica, sans-serif;\"><a href=\"https:\/\/ecsfalu.hu\/honlap\/hireink\/2019\/doc\/20191007_Meghivo.Eloadasra.pdf\">2019.10.07.\u00a0Megh\u00edv\u00f3 dr.Szijj\u00e1rt\u00f3 L\u00e1szl\u00f3 csecsem\u0151-gyermekgy\u00f3gy\u00e1sz \u00e9s gyermekt\u00fcd\u0151gy\u00f3gy\u00e1sz szakorvos el\u0151ad\u00e1s\u00e1ra (2019.10.18)<\/a><\/span><\/li>\n<li><span style=\"font-size: 10pt; font-family: arial, helvetica, sans-serif;\"><a href=\"https:\/\/ecsfalu.hu\/honlap\/hireink\/2019\/doc\/20190913_EMW_2019.pdf\">2019.09.13.\u00a0Eur\u00f3pai Mobilit\u00e1s H\u00e9t \u00c9csen<\/a><\/span><\/li>\n<li><span style=\"font-size: 10pt; font-family: arial, helvetica, sans-serif;\"><a href=\"https:\/\/ecsfalu.hu\/honlap\/hireink\/2019\/doc\/20190901_ELBIR_Iskolakezdes.pdf\">2019.09.01.\u00a0B\u0171nmegel\u0151z\u00e9si h\u00edrlev\u00e9l &#8211; Iskolakezd\u00e9s<\/a><\/span><\/li>\n<li><span style=\"font-size: 10pt; font-family: arial, helvetica, sans-serif;\"><a href=\"https:\/\/ecsfalu.hu\/honlap\/hireink\/2019\/doc\/20190827_Eboltas.pdf\">2019.08.27.\u00a0Ebolt\u00e1s (2019.09.06.)<\/a><\/span><\/li>\n<li><span style=\"font-size: 10pt; font-family: arial, helvetica, sans-serif;\"><a href=\"https:\/\/ecsfalu.hu\/honlap\/hireink\/2019\/doc\/20190827_Kemenysepres.pdf\">2019.08.27.\u00a0T\u00e1j\u00e9koztat\u00e1s a k\u00e9m\u00e9nysepr\u0151-ipari szolg\u00e1ltat\u00e1ssal kapcsolatos tudnival\u00f3kr\u00f3l<\/a><\/span><\/li>\n<li><span style=\"font-size: 10pt; font-family: arial, helvetica, sans-serif;\"><a href=\"https:\/\/ecsfalu.hu\/honlap\/hireink\/2019\/doc\/20190807_Haziorvos.pdf\">2019.08.07.\u00a0H\u00e1ziorvosi rendel\u00e9s v\u00e1ltoz\u00e1sa 2019. augusztus 12.-t\u00f6l<\/a><\/span><\/li>\n<li><span style=\"font-size: 10pt; font-family: arial, helvetica, sans-serif;\"><a href=\"https:\/\/ecsfalu.hu\/honlap\/hireink\/2019\/doc\/20190712_Defibrillator.pdf\">2019.07.12.\u00a0\u00c9letet ment &#8211; Gazdagodott k\u00f6zs\u00e9g\u00fcnk egy defibrill\u00e1tor k\u00e9sz\u00fcl\u00e9kkel<\/a><\/span><\/li>\n<li><span style=\"font-size: 10pt; font-family: arial, helvetica, sans-serif;\"><a href=\"https:\/\/ecsfalu.hu\/honlap\/hireink\/2019\/doc\/20190712_Bunmegelozesi.Hirlevel.pdf\">2019.07.12.\u00a0B\u0171nmegel\u0151z\u00e9si h\u00edrlev\u00e9l &#8211; Ny\u00e1r<\/a><\/span><\/li>\n<li><span style=\"font-size: 10pt; font-family: arial, helvetica, sans-serif;\"><a href=\"https:\/\/ecsfalu.hu\/honlap\/hireink\/2019\/doc\/20190712_Drogprevencios.Hirlevel.pdf\">2019.07.12.\u00a0Drogprevenci\u00f3s H\u00edrlev\u00e9l<\/a><\/span><\/li>\n<li><span style=\"font-size: 10pt; font-family: arial, helvetica, sans-serif;\"><a href=\"https:\/\/ecsfalu.hu\/honlap\/hireink\/2019\/doc\/20190708_ASP_online_ugyintezes.pdf\">2019.07.08.\u00a0ASP online \u00f6nkorm\u00e1nyzati \u00fcgyint\u00e9z\u00e9st bemutat\u00f3 r\u00f6vid vide\u00f3k<\/a><\/span><\/li>\n<li><span style=\"font-size: 10pt; font-family: arial, helvetica, sans-serif;\"><a href=\"https:\/\/ecsfalu.hu\/honlap\/hireink\/2019\/doc\/20190715_Veradas.pdf\">2019.07.08.\u00a0V\u00e9rad\u00e1s (2019.07.15.)<\/a><\/span><\/li>\n<li><span style=\"font-size: 10pt; font-family: arial, helvetica, sans-serif;\"><a href=\"https:\/\/ecsfalu.hu\/honlap\/hireink\/2019\/doc\/20190618_Bunmegelozesi.Hirlevel.pdf\">2019.06.18.\u00a0B\u0171nmegel\u0151z\u00e9si h\u00edrlev\u00e9l<\/a><\/span><\/li>\n<li><span style=\"font-size: 10pt; font-family: arial, helvetica, sans-serif;\"><a href=\"https:\/\/ecsfalu.hu\/honlap\/hireink\/2019\/doc\/20190618_111.Eletet.Menthet.pdf\">2019.06.18.\u00a0Csak vesz\u00e9lyhelyzetben! A 112-es sz\u00e1m \u00e9letet menthet.<\/a><\/span><\/li>\n<li><span style=\"font-size: 10pt; font-family: arial, helvetica, sans-serif;\"><a href=\"https:\/\/ecsfalu.hu\/honlap\/hireink\/2019\/doc\/20190618_Aldozatsegites.pdf\">2019.06.18.\u00a0Jogi seg\u00edts\u00e9gny\u00fajt\u00e1s, \u00e1ldozatseg\u00edt\u00e9s<\/a><\/span><\/li>\n<li><span style=\"font-size: 10pt; font-family: arial, helvetica, sans-serif;\"><a href=\"https:\/\/ecsfalu.hu\/honlap\/hireink\/2019\/doc\/20190606_Ovodapedagogus.Allas.pdf\">2019.06.06.\u00a0\u00d3vodapedag\u00f3gus \u00e1ll\u00e1shirdet\u00e9s<\/a><\/span><\/li>\n<li><span style=\"font-size: 10pt; font-family: arial, helvetica, sans-serif;\"><a href=\"https:\/\/ecsfalu.hu\/honlap\/hireink\/2019\/doc\/20190417_Eugyintezes_2.pdf\">2019.04.17.\u00a0\u00d6nkorm\u00e1nyzati \u00fcgyek. Mindenkinek. B\u00e1rhonnan.<\/a><\/span><\/li>\n<li><span style=\"font-size: 10pt; font-family: arial, helvetica, sans-serif;\"><a href=\"https:\/\/ecsfalu.hu\/honlap\/hireink\/2019\/doc\/20190417_Eugyintezes_1.pdf\">2019.04.17.\u00a0Int\u00e9zze \u00f6nkorm\u00e1nyzati \u00fcgyeit elektronikusan<\/a><\/span><\/li>\n<li><span style=\"font-size: 10pt; font-family: arial, helvetica, sans-serif;\"><a href=\"https:\/\/ecsfalu.hu\/honlap\/hireink\/2019\/doc\/20190408_Haziorvos.Rendelesi.Ido.pdf\">2019.04.05.\u00a0H\u00e1ziorvosi rendel\u00e9s v\u00e1ltoz\u00e1sa 2019. \u00e1prilis 8-t\u00f3l<\/a><\/span><\/li>\n<li><span style=\"font-size: 10pt; font-family: arial, helvetica, sans-serif;\"><a href=\"https:\/\/ecsfalu.hu\/honlap\/hireink\/2019\/doc\/20190403_Ovodai.beiratas.pdf\">2019.04.03.\u00a0K\u00f6zlem\u00e9ny az \u00f3vod\u00e1ba t\u00f6rt\u00e9n\u0151 be\u00edratkoz\u00e1sr\u00f3l<\/a><\/span><\/li>\n<li><span style=\"font-size: 10pt; font-family: arial, helvetica, sans-serif;\"><a href=\"https:\/\/ecsfalu.hu\/honlap\/hireink\/2019\/doc\/20190404_Szurovizsgalat.pdf\">2019.03.28.\u00a0N\u0151gy\u00f3gy\u00e1szati sz\u0171r\u0151vizsg\u00e1lat (2019.04.04.)<\/a><\/span><\/li>\n<li><span style=\"font-size: 10pt; font-family: arial, helvetica, sans-serif;\"><a href=\"https:\/\/ecsfalu.hu\/honlap\/hireink\/2019\/doc\/20190222_Szennyviziszap.pdf\">2019.02.22.\u00a0\u00c9rtes\u00edt\u00e9s szennyv\u00edziszap kisz\u00e1ll\u00edt\u00e1s id\u0151pontj\u00e1r\u00f3l<\/a><\/span><\/li>\n<li><span style=\"font-size: 10pt; font-family: arial, helvetica, sans-serif;\"><a href=\"https:\/\/ecsfalu.hu\/honlap\/hireink\/2019\/doc\/20190218_Tajekoztato.pdf\">2019.02.18.\u00a0T\u00e1j\u00e9koztat\u00f3 hullad\u00e9kudvarban h\u00e1ztart\u00e1si vesz\u00e9lyes hullad\u00e9k \u00e1tv\u00e9tel\u00e9r\u0151l<\/a><\/span><\/li>\n<li><span style=\"font-size: 10pt; font-family: arial, helvetica, sans-serif;\"><a href=\"https:\/\/ecsfalu.hu\/honlap\/hireink\/2019\/doc\/20190130_Falugazdasz.pdf\">2019.01.30.\u00a0A falugazd\u00e1sz \u00fcgyf\u00e9lfogad\u00e1si rendje<\/a><\/span><\/li>\n<li><span style=\"font-size: 10pt; font-family: arial, helvetica, sans-serif;\"><a href=\"https:\/\/ecsfalu.hu\/honlap\/hireink\/2019\/doc\/20190109_felhivas.pdf\">2019.01.09.\u00a0Felh\u00edv\u00e1s<\/a><\/span><\/li>\n<\/ul>\n<p><strong><span style=\"font-size: 10pt; font-family: arial, helvetica, sans-serif;\">2018.<\/span><\/strong><\/p>\n<ul>\n<li><span style=\"font-size: 10pt; font-family: arial, helvetica, sans-serif;\"><a href=\"https:\/\/ecsfalu.hu\/honlap\/hireink\/2018\/20181219_karacsony.html#top\">2018.12.19.\u00a0Kar\u00e1csonyi \u00fcdv\u00f6zlet<\/a><\/span><\/li>\n<li><span style=\"font-size: 10pt; font-family: arial, helvetica, sans-serif;\"><a href=\"https:\/\/ecsfalu.hu\/honlap\/hireink\/2018\/20181115_Kutak.Engedelyeztetese.Megszuntetese.html#top\">2018.11.15.\u00a0Kutak enged\u00e9lyeztet\u00e9s\u00e9hez illetve megsz\u00fcntet\u00e9s\u00e9hez sz\u00fcks\u00e9ges k\u00e9relem nyomtatv\u00e1nyai<\/a><\/span><\/li>\n<li><span style=\"font-size: 10pt; font-family: arial, helvetica, sans-serif;\"><a href=\"https:\/\/ecsfalu.hu\/honlap\/hireink\/2018\/doc\/20181121_Kozmeghallgatas.pdf\">2018.11.11.\u00a0Megh\u00edv\u00f3 &#8211; K\u00f6zmeghallgat\u00e1s (2018.11.21.)<\/a><\/span><\/li>\n<li><span style=\"font-size: 10pt; font-family: arial, helvetica, sans-serif;\"><a href=\"https:\/\/ecsfalu.hu\/honlap\/hireink\/2018\/doc\/20181019_Szirena.pdf\">2018.10.19.\u00a0Lakoss\u00e1gi riaszt\u00f3 eszk\u00f6z\u00f6k (szir\u00e9na) pr\u00f3b\u00e1ja \u00c9cs ter\u00fclet\u00e9n<\/a><\/span><\/li>\n<li><span style=\"font-size: 10pt; font-family: arial, helvetica, sans-serif;\"><a href=\"https:\/\/ecsfalu.hu\/honlap\/hireink\/2018\/doc\/20181019_Szennyviziszap.Kisz%E1llitas.pdf\">2018.10.19.\u00a0\u00c9rtes\u00edt\u00e9s szennyv\u00edziszap kisz\u00e1ll\u00edt\u00e1s id\u0151pontj\u00e1r\u00f3l<\/a><\/span><\/li>\n<li><span style=\"font-size: 10pt; font-family: arial, helvetica, sans-serif;\"><a href=\"https:\/\/ecsfalu.hu\/honlap\/hireink\/2018\/20181009_hulladekudvar.html#top\">2018.10.09.\u00a0Hullad\u00e9kudvar &#8211; t\u00e9li nyitvatart\u00e1s<\/a><\/span><\/li>\n<li><span style=\"font-size: 10pt; font-family: arial, helvetica, sans-serif;\"><a href=\"https:\/\/ecsfalu.hu\/honlap\/hireink\/2018\/doc\/20180830_Menetrendi.Ertesites.pdf\">2018.08.30.\u00a0Buszk\u00f6zleked\u00e9s m\u00f3dosul\u00e1sa &#8211; \u00e9rtes\u00edt\u00e9s<\/a><\/span><\/li>\n<li><span style=\"font-size: 10pt; font-family: arial, helvetica, sans-serif;\"><a href=\"https:\/\/ecsfalu.hu\/honlap\/hireink\/2018\/doc\/20180828_kemenysepro.pdf\">2018.08.28.\u00a0A k\u00e9m\u00e9nysepr\u00e9ssel kapcsolatos fontos tudnival\u00f3k<\/a><\/span><\/li>\n<li><span style=\"font-size: 10pt; font-family: arial, helvetica, sans-serif;\"><a href=\"https:\/\/ecsfalu.hu\/honlap\/hireink\/2018\/doc\/20180828_kemenysepro_1.pdf\">2018.08.28.\u00a0K\u00e9m\u00e9nysepr\u00e9si kisokos<\/a><\/span><\/li>\n<li><span style=\"font-size: 10pt; font-family: arial, helvetica, sans-serif;\"><a href=\"https:\/\/ecsfalu.hu\/honlap\/hireink\/2018\/doc\/20180828_Eboltas.pdf\">2018.08.28.\u00a0Ebolt\u00e1s (2018.09.07.)<\/a><\/span><\/li>\n<li><span style=\"font-size: 10pt; font-family: arial, helvetica, sans-serif;\"><a href=\"https:\/\/ecsfalu.hu\/honlap\/hireink\/2018\/doc\/20180816_Bucsu.pdf\">2018.08.16.\u00a0T\u00e1j\u00e9koztat\u00e1s<\/a><\/span><\/li>\n<li><span style=\"font-size: 10pt; font-family: arial, helvetica, sans-serif;\"><a href=\"https:\/\/ecsfalu.hu\/honlap\/hireink\/2018\/doc\/20180808_Partnersegi.Hirdetmeny.pdf\">2018.08.14.\u00a0Partners\u00e9gi hirdetm\u00e9ny &#8211; \u00c9cs telep\u00fcl\u00e9srendez\u00e9si eszk\u00f6z\u00f6k m\u00f3dos\u00edt\u00e1sa<\/a><\/span><\/li>\n<li><span style=\"font-size: 10pt; font-family: arial, helvetica, sans-serif;\"><a href=\"https:\/\/ecsfalu.hu\/honlap\/asp\/asp.html\">2018.07.19.\u00a0\u00c9CS K\u00d6ZS\u00c9GI \u00d6NKORM\u00c1NYZATA CSATLAKOZIK AZ ASP K\u00d6ZPONTHOZ<\/a><\/span><\/li>\n<li><span style=\"font-size: 10pt; font-family: arial, helvetica, sans-serif;\"><a href=\"https:\/\/ecsfalu.hu\/honlap\/hireink\/2018\/doc\/20180714_Ertesites.Szennyviziszap.pdf\">2018.07.14.\u00a0\u00c9rtes\u00edt\u00e9s szennyv\u00edziszap kisz\u00e1ll\u00edt\u00e1s id\u0151pontj\u00e1nak v\u00e1ltoz\u00e1s\u00e1r\u00f3l<\/a><\/span><\/li>\n<li><span style=\"font-size: 10pt; font-family: arial, helvetica, sans-serif;\"><a href=\"https:\/\/ecsfalu.hu\/honlap\/hireink\/2018\/doc\/20180702_Ertesites.Szennyviziszap.pdf\">2018.07.02.\u00a0\u00c9rtes\u00edt\u00e9s szennyv\u00edziszap kisz\u00e1ll\u00edt\u00e1s id\u0151pontj\u00e1r\u00f3l<\/a><\/span><\/li>\n<li><span style=\"font-size: 10pt; font-family: arial, helvetica, sans-serif;\"><a href=\"https:\/\/ecsfalu.hu\/honlap\/hireink\/2018\/doc\/20180717_Veradas.pdf\">2018.07.02.\u00a0V\u00e9rad\u00e1s (2018.07.17.)<\/a><\/span><\/li>\n<li><span style=\"font-size: 10pt; font-family: arial, helvetica, sans-serif;\"><a href=\"https:\/\/ecsfalu.hu\/honlap\/hireink\/2018\/doc\/20180702_Pal.Ferenc.Gyaszhir.pdf\">2018.07.02.\u00a0ELHUNYT P\u00c1L FERENC N\u00c9PT\u00c1NCOKTAT\u00d3, KOREOGR\u00c1FUS<\/a><\/span><\/li>\n<li><span style=\"font-size: 10pt; font-family: arial, helvetica, sans-serif;\"><a href=\"https:\/\/ecsfalu.hu\/honlap\/hireink\/2018\/doc\/20180621_FESZEK_Nyari.Gyalogtura.pdf\">2018.06.21.\u00a0N\u00e9gy \u00e9vszak t\u00fara \u2013 ny\u00e1resti kalandt\u00fara (2018.06.23.)<\/a><\/span><\/li>\n<li><span style=\"font-size: 10pt; font-family: arial, helvetica, sans-serif;\"><a href=\"https:\/\/ecsfalu.hu\/honlap\/hireink\/2018\/doc\/20180620_Cifra.Muhely.Betekinto.pdf\">2018.06.20.\u00a0CIFRA M\u0170HELY betekint\u0151<\/a><\/span><\/li>\n<li><span style=\"font-size: 10pt; font-family: arial, helvetica, sans-serif;\"><a href=\"https:\/\/ecsfalu.hu\/honlap\/hireink\/2018\/doc\/20180529_Audi.Felveteli.Nap.pdf\">2018.05.29.\u00a0Audi felv\u00e9teli nap (2018.06.02.)<\/a><\/span><\/li>\n<li><span style=\"font-size: 10pt; font-family: arial, helvetica, sans-serif;\"><a href=\"https:\/\/ecsfalu.hu\/honlap\/hireink\/2018\/doc\/20180516_Megemlekezes.pdf\">2018.05.16.\u00a0Megeml\u00e9kez\u00e9s Koz\u00e1k J\u00e1nos esperes\u2013pl\u00e9b\u00e1nos \u00c9cs k\u00f6zs\u00e9g d\u00edszpolg\u00e1ra (2018.05.20.)<\/a><\/span><\/li>\n<li><span style=\"font-size: 10pt; font-family: arial, helvetica, sans-serif;\"><a href=\"https:\/\/ecsfalu.hu\/honlap\/hireink\/2018\/doc\/20180503_Szurovizsgalat.pdf\">2018.05.03.\u00a0N\u0151gy\u00f3gy\u00e1szati sz\u0171r\u0151vizsg\u00e1lat (2018.05.17.)<\/a><\/span><\/li>\n<li><span style=\"font-size: 10pt; font-family: arial, helvetica, sans-serif;\"><a href=\"https:\/\/ecsfalu.hu\/honlap\/hireink\/2018\/doc\/20180410_Ovodai.beiratas.pdf\">2018.04.10.\u00a0K\u00f6zlem\u00e9ny az \u00f3vod\u00e1ba t\u00f6rt\u00e9n\u0151 be\u00edratkoz\u00e1sr\u00f3l<\/a><\/span><\/li>\n<li><span style=\"font-size: 10pt; font-family: arial, helvetica, sans-serif;\"><a href=\"https:\/\/ecsfalu.hu\/honlap\/hireink\/2018\/20180406_Kormany.html#top\">2018.04.06.\u00a0A korm\u00e1ny tov\u00e1bb is t\u00e1mogatja a kistelep\u00fcl\u00e9seket<\/a><\/span><\/li>\n<li><span style=\"font-size: 10pt; font-family: arial, helvetica, sans-serif;\"><a href=\"https:\/\/ecsfalu.hu\/honlap\/hireink\/2018\/doc\/20180406_Egyenlo.Banasmod.pdf\">2018.04.06.\u00a0Egyenl\u0151 b\u00e1n\u00e1sm\u00f3d referensi \u00fcgyf\u00e9lfogad\u00e1s \u00e1prilisban<\/a><\/span><\/li>\n<li><span style=\"font-size: 10pt; font-family: arial, helvetica, sans-serif;\"><a href=\"https:\/\/ecsfalu.hu\/honlap\/hireink\/2018\/doc\/20180404_Partnersegi.Hirdetmeny.pdf\">2018.04.04.\u00a0Partners\u00e9gi hirdetm\u00e9ny &#8211; \u00c9cs telep\u00fcl\u00e9srendez\u00e9si eszk\u00f6z\u00f6k m\u00f3dos\u00edt\u00e1sa<\/a><\/span><\/li>\n<li><span style=\"font-size: 10pt; font-family: arial, helvetica, sans-serif;\"><a href=\"https:\/\/ecsfalu.hu\/honlap\/hireink\/2018\/20180403_fogorvos.html#top\">2018.04.03.\u00a0Fog\u00e1szati rendel\u00e9s betegs\u00e9g miatti v\u00e1ltoz\u00e1sa<\/a><\/span><\/li>\n<li><span style=\"font-size: 10pt; font-family: arial, helvetica, sans-serif;\"><a href=\"https:\/\/ecsfalu.hu\/honlap\/hireink\/2013\/20130329_husvet.html#top\">2018.03.29.\u00a0H\u00fasv\u00e9ti k\u00f6sz\u00f6nt\u0151<\/a><\/span><\/li>\n<li><span style=\"font-size: 10pt; font-family: arial, helvetica, sans-serif;\"><a href=\"https:\/\/ecsfalu.hu\/honlap\/hireink\/2018\/doc\/20180323_Husveti.Kepeslap.pdf\">2018.03.13.\u00a0Kara \u00c1kos k\u00e9pvisel\u0151 \u00far a h\u00fasv\u00e9ti \u00fcdv\u00f6zlete<\/a><\/span><\/li>\n<li><span style=\"font-size: 10pt; font-family: arial, helvetica, sans-serif;\"><a href=\"https:\/\/ecsfalu.hu\/honlap\/hireink\/2018\/doc\/20180313_Altalanos.Iskola.Beiratkozas.pdf\">2018.03.13.\u00a0K\u00f6zlem\u00e9ny az \u00e1ltal\u00e1nos iskol\u00e1k els\u0151 \u00e9vfolyam\u00e1ra t\u00f6rt\u00e9n\u0151 be\u00edratkoz\u00e1sr\u00f3l 2018\/2019. tan\u00e9vre<\/a><\/span><\/li>\n<li><span style=\"font-size: 10pt; font-family: arial, helvetica, sans-serif;\"><a href=\"https:\/\/ecsfalu.hu\/honlap\/hireink\/2018\/doc\/20180304_Aramszunet.Ertesito.pdf\">2018.03.04.\u00a0\u00c1ramsz\u00fcnet \u00e9rtes\u00edt\u0151 (2018.03.29.)<\/a><\/span><\/li>\n<li><span style=\"font-size: 10pt; font-family: arial, helvetica, sans-serif;\"><a href=\"https:\/\/ecsfalu.hu\/honlap\/hireink\/2018\/doc\/20180301_Egyenlo.Banasmod.pdf\">2018.03.01.\u00a0Egyenl\u0151 b\u00e1n\u00e1sm\u00f3d referensi \u00fcgyf\u00e9lfogad\u00e1s m\u00e1rciusban<\/a><\/span><\/li>\n<li><span style=\"font-size: 10pt; font-family: arial, helvetica, sans-serif;\"><a href=\"https:\/\/ecsfalu.hu\/honlap\/hireink\/2018\/doc\/20180215_Allashirdetes.pdf\">2018.02.15.\u00a0\u00c1ll\u00e1shirdet\u00e9s<\/a><\/span><\/li>\n<li><span style=\"font-size: 10pt; font-family: arial, helvetica, sans-serif;\"><a href=\"https:\/\/ecsfalu.hu\/honlap\/hireink\/2018\/doc\/20180130_Egyenlo.Banasmod.pdf\">2018.01.30.\u00a0Egyenl\u0151 b\u00e1n\u00e1sm\u00f3d referensi \u00fcgyf\u00e9lfogad\u00e1s<\/a><\/span><\/li>\n<li><span style=\"font-size: 10pt; font-family: arial, helvetica, sans-serif;\"><a href=\"https:\/\/ecsfalu.hu\/honlap\/hireink\/2018\/doc\/20180203_Civil.Bal.pdf\">2017.02.17.\u00a0Meghiv\u00f3 civil b\u00e1lra (2018.02.03.)<\/a><\/span><\/li>\n<\/ul>\n<p><strong><span style=\"font-size: 10pt; font-family: arial, helvetica, sans-serif;\">2017.<\/span><\/strong><\/p>\n<ul>\n<li><span style=\"font-size: 10pt; font-family: arial, helvetica, sans-serif;\"><a href=\"https:\/\/ecsfalu.hu\/honlap\/hireink\/2017\/20171221_karacsony.html#top\">2017.12.21.\u00a0Kar\u00e1csonyi \u00fcdv\u00f6zlet<\/a><\/span><\/li>\n<li><span style=\"font-size: 10pt; font-family: arial, helvetica, sans-serif;\"><a href=\"https:\/\/ecsfalu.hu\/honlap\/hireink\/2017\/doc\/20171221_unnepi.ugyfelfogadas.pdf\">2017.12.21.\u00a0\u00dcnnepi \u00fcgyf\u00e9lfogad\u00e1s<\/a><\/span><\/li>\n<li><span style=\"font-size: 10pt; font-family: arial, helvetica, sans-serif;\"><a href=\"https:\/\/ecsfalu.hu\/honlap\/hireink\/2017\/doc\/20171207_Kara.Akos_Fogadoraja.pdf\">2017.12.05.\u00a0Kara \u00c1kos a t\u00e9rs\u00e9g orsz\u00e1ggy\u0171l\u00e9si k\u00e9pvisel\u0151j\u00e9nek fogad\u00f3\u00f3r\u00e1ja (2017.12.07.)<\/a><\/span><\/li>\n<li><span style=\"font-size: 10pt; font-family: arial, helvetica, sans-serif;\"><a href=\"https:\/\/ecsfalu.hu\/honlap\/hireink\/2017\/doc\/Ecs.TKR.Egyeztetesi.Valtozat_20171114.pdf\">2017.11.10.\u00a0Telep\u00fcl\u00e9sk\u00e9pi Arculati K\u00e9zik\u00f6nyv rendelet tervezetet<\/a><\/span><\/li>\n<li><span style=\"font-size: 10pt; font-family: arial, helvetica, sans-serif;\"><a href=\"https:\/\/ecsfalu.hu\/honlap\/hireink\/2017\/20171116_Filharmonikus.Zenekar.html#top\">2017.11.16.\u00a0\u201e17:18\u201d a Gy\u0151ri Filharmonikus Zenekar \u00faj hangversenysorozata<\/a><\/span><\/li>\n<li><span style=\"font-size: 10pt; font-family: arial, helvetica, sans-serif;\"><a href=\"https:\/\/ecsfalu.hu\/honlap\/hireink\/2017\/doc\/20171110_Kozmeghallgatas.pdf\">2017.11.10.\u00a0Megh\u00edv\u00f3 &#8211; K\u00f6zmeghallgat\u00e1s (2017.11.21.)<\/a><\/span><\/li>\n<li><span style=\"font-size: 10pt; font-family: arial, helvetica, sans-serif;\"><a href=\"https:\/\/ecsfalu.hu\/honlap\/hireink\/2017\/doc\/20171110_Arculati.Kezikonyv.pdf\">2017.11.10.\u00a0Telep\u00fcl\u00e9sk\u00e9pi Arculati K\u00e9zik\u00f6nyv<\/a><\/span><\/li>\n<li><span style=\"font-size: 10pt; font-family: arial, helvetica, sans-serif;\"><a href=\"https:\/\/ecsfalu.hu\/honlap\/hireink\/2017\/doc\/20171012_Pannon.Viz.pdf\">2017.10.12.\u00a0\u00c9rtes\u00edt\u00e9s szannyv\u00edziszap kisz\u00e1ll\u00edt\u00e1s id\u0151pontj\u00e1r\u00f3l<\/a><\/span><\/li>\n<li><span style=\"font-size: 10pt; font-family: arial, helvetica, sans-serif;\"><a href=\"https:\/\/ecsfalu.hu\/honlap\/hireink\/2017\/20171012_hulladekudvar.html#top\">2017.10.12.\u00a0Hullad\u00e9kudvar &#8211; t\u00e9li nyitvatart\u00e1s<\/a><\/span><\/li>\n<li><span style=\"font-size: 10pt; font-family: arial, helvetica, sans-serif;\"><a href=\"https:\/\/ecsfalu.hu\/honlap\/hireink\/2017\/20170918_haziorvos.html#top\">2017.09.18.\u00a0H\u00e1ziorvosi rendel\u00e9si id\u0151 v\u00e1ltoz\u00e1s<\/a><\/span><\/li>\n<li><span style=\"font-size: 10pt; font-family: arial, helvetica, sans-serif;\"><a href=\"https:\/\/ecsfalu.hu\/honlap\/hireink\/2017\/doc\/20170901_Eboltas.pdf\">2017.09.01.\u00a0Ebolt\u00e1s (2017.09.08.)<\/a><\/span><\/li>\n<li><span style=\"font-size: 10pt; font-family: arial, helvetica, sans-serif;\"><a href=\"https:\/\/ecsfalu.hu\/honlap\/hireink\/2017\/doc\/20170817_Allashirdetes.pdf\">2017.08.18.\u00a0\u00c1ll\u00e1shirdet\u00e9s<\/a><\/span><\/li>\n<li><span style=\"font-size: 10pt; font-family: arial, helvetica, sans-serif;\"><a href=\"https:\/\/ecsfalu.hu\/honlap\/hireink\/2017\/doc\/20170804_Lakossagi.Tajekoztato.pdf\">2017.08.04.\u00a0T\u00e1j\u00e9koztat\u00f3 a telep\u00fcl\u00e9sk\u00e9pi arculati k\u00e9zik\u00f6nyv \u00e9s a telep\u00fcl\u00e9sk\u00e9pi rendelet k\u00e9sz\u00edt\u00e9s\u00e9nek megkezd\u00e9s\u00e9r\u0151l<\/a><\/span><\/li>\n<li><span style=\"font-size: 10pt; font-family: arial, helvetica, sans-serif;\"><a href=\"https:\/\/ecsfalu.hu\/honlap\/hireink\/2017\/doc\/20170714_Palyazat.pdf\">2017.07.14.\u00a0P\u00e1ly\u00e1zati ki\u00edr\u00e1s az \u00c9csi Napraforg\u00f3 \u00d3voda \u00e9s B\u00f6lcs\u00f6de T\u00f6bbc\u00e9l\u00fa int\u00e9zm\u00e9nyvezet\u0151 (magasabb vezet\u0151) munkak\u00f6r ell\u00e1t\u00e1s\u00e1ra<\/a><\/span><\/li>\n<li><span style=\"font-size: 10pt; font-family: arial, helvetica, sans-serif;\"><a href=\"https:\/\/ecsfalu.hu\/honlap\/hireink\/2017\/doc\/20170629_EYOF.Faklyafutas.pdf\">2017.06.17.\u00a0EYOF Gy\u0151r 2017 f\u00e1klyafut\u00e1s program (2017.06.29.)<\/a><\/span><\/li>\n<li><span style=\"font-size: 10pt; font-family: arial, helvetica, sans-serif;\"><a href=\"https:\/\/ecsfalu.hu\/honlap\/hireink\/2017\/doc\/20170610_EYOF.pdf\">2017.06.10.\u00a0EYOF Gy\u0151r 2017 f\u00e1klyafut\u00e1s program &#8211; El\u0151zetes t\u00e1j\u00e9koztat\u00e1s<\/a><\/span><\/li>\n<li><span style=\"font-size: 10pt; font-family: arial, helvetica, sans-serif;\"><a href=\"https:\/\/ecsfalu.hu\/honlap\/hireink\/2017\/doc\/20170510_Gyaszjelentes.pdf\">2017.05.10.\u00a0Gy\u00e1szjelent\u00e9s<\/a><\/span><\/li>\n<li><span style=\"font-size: 10pt; font-family: arial, helvetica, sans-serif;\"><a href=\"https:\/\/ecsfalu.hu\/honlap\/hireink\/2017\/doc\/20170412_Hulladekudvar.pdf\">2017.03.31.\u00a0Hullad\u00e9kudvarban hullad\u00e9k \u00e1tv\u00e9tel felf\u00fcggeszt\u00e9se<\/a><\/span><\/li>\n<li><span style=\"font-size: 10pt; font-family: arial, helvetica, sans-serif;\"><a href=\"https:\/\/ecsfalu.hu\/honlap\/hireink\/2017\/doc\/20170331_K%F6sz%F6net.pdf\">2017.03.31.\u00a0K\u00f6sz\u00f6net a civil szervezeteinknek<\/a><\/span><\/li>\n<li><span style=\"font-size: 10pt; font-family: arial, helvetica, sans-serif;\"><a href=\"https:\/\/ecsfalu.hu\/honlap\/hireink\/2017\/doc\/20170321_Polgarok.Haza.pdf\">2017.03.21.\u00a0Polg\u00e1rok H\u00e1za programaj\u00e1nl\u00f3<\/a><\/span><\/li>\n<li><span style=\"font-size: 10pt; font-family: arial, helvetica, sans-serif;\"><a href=\"https:\/\/ecsfalu.hu\/honlap\/hireink\/2017\/doc\/20170320_Hirdetmeny.pdf\">2017.03.20.\u00a0Hirdetm\u00e9ny<\/a><\/span><\/li>\n<li><span style=\"font-size: 10pt; font-family: arial, helvetica, sans-serif;\"><a href=\"https:\/\/ecsfalu.hu\/honlap\/hireink\/2017\/doc\/20170320_Hulladekgyujtes.pdf\">2017.03.20.\u00a0K\u00f6zt\u00e9ri hullad\u00e9kgy\u0171jt\u00e9si akci\u00f3 &#8211; Id\u0151pont v\u00e1ltoz\u00e1s!<\/a><\/span><\/li>\n<li><span style=\"font-size: 10pt; font-family: arial, helvetica, sans-serif;\"><a href=\"https:\/\/ecsfalu.hu\/honlap\/hireink\/2017\/doc\/20170314_Ovoda.Beiratas.pdf\">2017.03.14.\u00a0\u00d3vodai be\u00edrat\u00e1s<\/a><\/span><\/li>\n<li><span style=\"font-size: 10pt; font-family: arial, helvetica, sans-serif;\"><a href=\"https:\/\/ecsfalu.hu\/honlap\/hireink\/2017\/doc\/20170314_Ovoda.Tajekoztato.pdf\">2017.03.14.\u00a0T\u00e1j\u00e9koztat\u00f3 \u00d3voda \u00e9s B\u00f6lcs\u00f6de ny\u00e1ri karbantart\u00e1si idej\u00e9r\u0151l<\/a><\/span><\/li>\n<li><span style=\"font-size: 10pt; font-family: arial, helvetica, sans-serif;\"><a href=\"https:\/\/ecsfalu.hu\/honlap\/hireink\/2017\/doc\/20170307_Hirdetmeny.pdf\">2017.03.07.\u00a0Hullad\u00e9kgy\u0171jt\u00e9si akci\u00f3<\/a><\/span><\/li>\n<li><span style=\"font-size: 10pt; font-family: arial, helvetica, sans-serif;\"><a href=\"https:\/\/ecsfalu.hu\/honlap\/hireink\/2017\/doc\/20170217_Felhivas.pdf\">2017.02.17.\u00a0Felh\u00edv\u00e1s<\/a><\/span><\/li>\n<\/ul>\n<p><strong><span style=\"font-size: 10pt; font-family: arial, helvetica, sans-serif;\">2016.<\/span><\/strong><\/p>\n<ul>\n<li><span style=\"font-size: 10pt; font-family: arial, helvetica, sans-serif;\"><a href=\"https:\/\/ecsfalu.hu\/honlap\/hireink\/2016\/doc\/20161129_Kozmeghallgatas.pdf\">2016.11.22.\u00a0Megh\u00edv\u00f3 &#8211; K\u00f6zmeghallgat\u00e1s (2016.11.29.)<\/a><\/span><\/li>\n<li><span style=\"font-size: 10pt; font-family: arial, helvetica, sans-serif;\"><a href=\"https:\/\/ecsfalu.hu\/honlap\/hireink\/2016\/doc\/20161110_Kemenysepres.pdf\">2016.11.10.\u00a0A legfontosabb tudnival\u00f3k a k\u00e9m\u00e9nysepr\u00e9sr\u0151l<\/a><\/span><\/li>\n<li><span style=\"font-size: 10pt; font-family: arial, helvetica, sans-serif;\"><a href=\"https:\/\/ecsfalu.hu\/honlap\/hireink\/2016\/20161024_hulladekudvar.html#top\">2016.10.25.\u00a0Hullad\u00e9kudvar &#8211; t\u00e9li nyitvatart\u00e1s<\/a><\/span><\/li>\n<li><span style=\"font-size: 10pt; font-family: arial, helvetica, sans-serif;\"><a href=\"https:\/\/ecsfalu.hu\/honlap\/hireink\/2016\/20161007_Nepszavazas.Eredmenyei.html#top\">2016.10.07.\u00a0N\u00e9pszavaz\u00e1s eredm\u00e9nyei<\/a><\/span><\/li>\n<li><span style=\"font-size: 10pt; font-family: arial, helvetica, sans-serif;\"><a href=\"https:\/\/ecsfalu.hu\/honlap\/hireink\/2016\/doc\/20160929_Kis.Nepszamlalas.pdf\">2016.09.26.\u00a0Kis n\u00e9psz\u00e1ml\u00e1l\u00e1st ind\u00edt okt\u00f3ber 1-j\u00e9n a KSH<\/a><\/span><\/li>\n<li><span style=\"font-size: 10pt; font-family: arial, helvetica, sans-serif;\"><a href=\"https:\/\/ecsfalu.hu\/honlap\/hireink\/2016\/doc\/20160909_Eboltas.pdf\">2016.08.30.\u00a0Ebolt\u00e1s (2016.09.09.)<\/a><\/span><\/li>\n<li><span style=\"font-size: 10pt; font-family: arial, helvetica, sans-serif;\"><a href=\"https:\/\/ecsfalu.hu\/honlap\/hireink\/2016\/doc\/20160803_Veradas.pdf\">2016.08.01.\u00a0V\u00e9rad\u00e1s (2016.08.03.)<\/a><\/span><\/li>\n<li><span style=\"font-size: 10pt; font-family: arial, helvetica, sans-serif;\"><a href=\"https:\/\/ecsfalu.hu\/honlap\/hireink\/2016\/doc\/20160630_Radir.Palyazati.Kiiras.pdf\">2016.06.30.\u00a0MAGYAR RAD\u00cdR 2016 &#8211; ORSZ\u00c1GOS SZ\u00c9PIRODALMI P\u00c1LY\u00c1ZAT<\/a><\/span><\/li>\n<li><span style=\"font-size: 10pt; font-family: arial, helvetica, sans-serif;\"><a href=\"https:\/\/ecsfalu.hu\/honlap\/hireink\/2016\/doc\/vadaszteruletek\/20160623_Vadaszterulet.pdf\">2016.06.23.\u00a0Vad\u00e1szter\u00fcletek hat\u00e1r\u00e1ra meg\u00e1llap\u00edt\u00e1sa<\/a><\/span><\/li>\n<li><span style=\"font-size: 10pt; font-family: arial, helvetica, sans-serif;\"><a href=\"https:\/\/ecsfalu.hu\/honlap\/hireink\/2016\/doc\/20160601_Egyenlo.Banasmod.pdf\">2016.06.01.\u00a0Egyenl\u0151 b\u00e1n\u00e1sm\u00f3d referensi \u00fcgyf\u00e9lfogad\u00e1s<\/a><\/span><\/li>\n<li><span style=\"font-size: 10pt; font-family: arial, helvetica, sans-serif;\"><a href=\"https:\/\/ecsfalu.hu\/honlap\/hireink\/2016\/doc\/20160519_Ovodavezetoi.Palyazat.pdf\">2016.05.19.\u00a0P\u00e1ly\u00e1zati ki\u00edr\u00e1s az \u00c9csi Napraforg\u00f3 \u00d3voda \u00e9s B\u00f6lcs\u00f6de T\u00f6bbc\u00e9l\u00fa int\u00e9zm\u00e9nyvezet\u0151 (magasabb vezet\u0151) munkak\u00f6r bet\u00f6lt\u00e9s\u00e9re<\/a><\/span><\/li>\n<li><span style=\"font-size: 10pt; font-family: arial, helvetica, sans-serif;\"><a href=\"https:\/\/ecsfalu.hu\/honlap\/hireink\/2016\/doc\/20160503_Informatikai.Oktatas.pdf\">2016.05.03.\u00a0INGYENES INFORMATIKAI OKTAT\u00c1S (Nem csak fiataloknak!)<\/a><\/span><\/li>\n<li><span style=\"font-size: 10pt; font-family: arial, helvetica, sans-serif;\"><a href=\"https:\/\/ecsfalu.hu\/honlap\/hireink\/2016\/doc\/20160427_Rakszures.pdf\">2016.04.13.\u00a0N\u0151gy\u00f3gy\u00e1szati sz\u0171r\u0151vizsg\u00e1lat (2016.04.27.)<\/a><\/span><\/li>\n<li><span style=\"font-size: 10pt; font-family: arial, helvetica, sans-serif;\"><a href=\"https:\/\/ecsfalu.hu\/honlap\/hireink\/2016\/20160413_hulladekudvar.html#top\">2016.04.13.\u00a0Hullad\u00e9kudvar &#8211; ny\u00e1ri nyitvatart\u00e1s<\/a><\/span><\/li>\n<li><span style=\"font-size: 10pt; font-family: arial, helvetica, sans-serif;\">2016.03.31. Vad\u00e1szter\u00fcletek hat\u00e1r\u00e1ra vonatkoz\u00f3 aj\u00e1nl\u00e1s<\/span>\n<ul>\n<li><span style=\"font-size: 10pt; font-family: arial, helvetica, sans-serif;\"><a href=\"https:\/\/ecsfalu.hu\/honlap\/hireink\/2016\/doc\/vadaszteruletek\/ajanlas_08-101450.pdf\">Aj\u00e1nl\u00e1s az\u00a0 08-101450 k\u00f3dsz\u00e1m\u00fa vad\u00e1szter\u00fclet hat\u00e1r\u00e1ra<\/a><\/span><\/li>\n<\/ul>\n<\/li>\n<li style=\"list-style-type: none;\">\n<ul>\n<li style=\"list-style-type: none;\">\n<ul>\n<li><span style=\"font-size: 10pt; font-family: arial, helvetica, sans-serif;\"><a href=\"https:\/\/ecsfalu.hu\/honlap\/hireink\/2016\/doc\/vadaszteruletek\/terkep_08-101450.pdf\">T\u00e9rk\u00e9p 08-101450 vad\u00e1szter\u00fclet aj\u00e1nl\u00e1s\u00e1hoz<\/a><\/span><\/li>\n<\/ul>\n<\/li>\n<\/ul>\n<\/li>\n<li style=\"list-style-type: none;\">\n<ul>\n<li><span style=\"font-size: 10pt; font-family: arial, helvetica, sans-serif;\"><a href=\"https:\/\/ecsfalu.hu\/honlap\/hireink\/2016\/doc\/vadaszteruletek\/ajanlas_08-102050.pdf\">Aj\u00e1nl\u00e1s az\u00a0 08-102050 k\u00f3dsz\u00e1m\u00fa vad\u00e1szter\u00fclet hat\u00e1r\u00e1ra<\/a><\/span><\/li>\n<\/ul>\n<\/li>\n<li style=\"list-style-type: none;\">\n<ul>\n<li style=\"list-style-type: none;\">\n<ul>\n<li><span style=\"font-size: 10pt; font-family: arial, helvetica, sans-serif;\"><a href=\"https:\/\/ecsfalu.hu\/honlap\/hireink\/2016\/doc\/vadaszteruletek\/terkep1_08-102050.pdf\">T\u00e9rk\u00e9p (1)\u00a0 08-102050 vad\u00e1szter\u00fclet aj\u00e1nl\u00e1s\u00e1hoz<\/a><\/span><\/li>\n<\/ul>\n<\/li>\n<li style=\"list-style-type: none;\">\n<ul>\n<li><span style=\"font-size: 10pt; font-family: arial, helvetica, sans-serif;\"><a href=\"https:\/\/ecsfalu.hu\/honlap\/hireink\/2016\/doc\/vadaszteruletek\/terkep2_08-102050.pdf\">T\u00e9rk\u00e9p (2)\u00a0 08-102050 vad\u00e1szter\u00fclet aj\u00e1nl\u00e1s\u00e1hoz<\/a><\/span><\/li>\n<\/ul>\n<\/li>\n<\/ul>\n<\/li>\n<li style=\"list-style-type: none;\">\n<ul>\n<li><span style=\"font-size: 10pt; font-family: arial, helvetica, sans-serif;\"><a href=\"https:\/\/ecsfalu.hu\/honlap\/hireink\/2016\/doc\/vadaszteruletek\/GYMS_megye_attekinto_terkep.pdf\">Gy\u0151r-Moson-Sopron megye aj\u00e1nlott vad\u00e1szter\u00fcleteinek \u00e1ttekint\u0151 t\u00e9rk\u00e9pe<br \/>\n<\/a><\/span><\/li>\n<\/ul>\n<\/li>\n<li><span style=\"font-size: 10pt; font-family: arial, helvetica, sans-serif;\"><a href=\"https:\/\/ecsfalu.hu\/honlap\/hireink\/2016\/doc\/20160323_Emberei.Jogok.pdf\">2016.03.23.\u00a0Az Emberi Jogok\u00e9rt Alap\u00edtv\u00e1ny t\u00e1j\u00e9koztat\u00e1sa<\/a><\/span><\/li>\n<li><span style=\"font-size: 10pt; font-family: arial, helvetica, sans-serif;\"><a href=\"https:\/\/ecsfalu.hu\/honlap\/hireink\/2016\/doc\/20160318_beiratkozas.pdf\">2016.03.18.\u00a0K\u00f6zlem\u00e9ny az \u00e1ltal\u00e1nos iskol\u00e1k els\u0151 \u00e9vfolyam\u00e1ra t\u00f6rt\u00e9n\u0151 be\u00edratkoz\u00e1sr\u00f3l a 2016\/2017. tan\u00e9vre<\/a><\/span><\/li>\n<li><span style=\"font-size: 10pt; font-family: arial, helvetica, sans-serif;\"><a href=\"https:\/\/ecsfalu.hu\/honlap\/hireink\/2016\/doc\/20160202_Ketusz.pdf\">2016.02.02.\u00a0K\u00e9m\u00e9nysepr\u00e9s<\/a><\/span><\/li>\n<li><span style=\"font-size: 10pt; font-family: arial, helvetica, sans-serif;\"><a href=\"https:\/\/ecsfalu.hu\/honlap\/hireink\/2016\/doc\/20160113_Ovodai.dajka.pdf\">2016.01.13.\u00a0P\u00e1ly\u00e1zat dajka munkak\u00f6r bet\u00f6lt\u00e9s\u00e9re<\/a><\/span><\/li>\n<li><span style=\"font-size: 10pt; font-family: arial, helvetica, sans-serif;\"><a href=\"https:\/\/ecsfalu.hu\/honlap\/hireink\/2016\/doc\/20160113_Egyenlo.Banasmod.pdf\">2016.01.13.\u00a0Egyenl\u0151 b\u00e1n\u00e1sm\u00f3d referensi \u00fcgyf\u00e9lfogad\u00e1s Pannonhalm\u00e1n<\/a><\/span><\/li>\n<\/ul>\n<p><strong><span style=\"font-size: 10pt; font-family: arial, helvetica, sans-serif;\">2015.<\/span><\/strong><\/p>\n<ul>\n<li><span style=\"font-size: 10pt; font-family: arial, helvetica, sans-serif;\"><a href=\"https:\/\/ecsfalu.hu\/honlap\/hireink\/2015\/20151227_unnepi.ugyfelfogadas.html#top\">2015.12.27.\u00a0\u00dcnnepi \u00fcgyf\u00e9lfogad\u00e1s<\/a><\/span><\/li>\n<li><span style=\"font-size: 10pt; font-family: arial, helvetica, sans-serif;\"><a href=\"https:\/\/ecsfalu.hu\/honlap\/hireink\/2015\/20151222_karacsony.html#top\">2015.12.22.\u00a0Kar\u00e1csonyi \u00fcdv\u00f6zlet<\/a><\/span><\/li>\n<li><span style=\"font-size: 10pt; font-family: arial, helvetica, sans-serif;\"><a href=\"https:\/\/ecsfalu.hu\/honlap\/hireink\/2015\/doc\/20151207_Orszagos.Egeszsegugyi.Informacios.Kozpont.pdf\">2015.12.07.\u00a0K\u00f6zlem\u00e9ny Orsz\u00e1gos Eg\u00e9szs\u00e9g\u00fcgyi Inform\u00e1ci\u00f3s K\u00f6zpontr\u00f3l<\/a><\/span><\/li>\n<li><span style=\"font-size: 10pt; font-family: arial, helvetica, sans-serif;\"><a href=\"https:\/\/ecsfalu.hu\/honlap\/hireink\/2015\/doc\/20151128_Hulladekudvar.pdf\">2015.11.28.\u00a0T\u00e1j\u00e9koztat\u00e1s hullad\u00e9kudvar 2015. \u00e9vi utols\u00f3 nyitvatart\u00e1si napj\u00e1r\u00f3l<\/a><\/span><\/li>\n<li><span style=\"font-size: 10pt; font-family: arial, helvetica, sans-serif;\"><a href=\"https:\/\/ecsfalu.hu\/honlap\/hireink\/2015\/doc\/20151125_Sajtokozlemeny.pdf\">2015.11.25.\u00a0Sajt\u00f3k\u00f6zlem\u00e9ny a napelemes energiatermel\u0151 rendszerek az \u00c9csi \u00d6nkorm\u00e1nyzat tulajdon\u00e1ban l\u00e9v\u0151 \u00e9p\u00fcletek tetej\u00e9n<\/a><\/span><\/li>\n<li><span style=\"font-size: 10pt; font-family: arial, helvetica, sans-serif;\"><a href=\"https:\/\/ecsfalu.hu\/honlap\/hireink\/2015\/20151125_hulladekudvar.html#top\">2015.11.25.\u00a0Hullad\u00e9kudvar &#8211; t\u00e9li nyitvatart\u00e1s<\/a><\/span><\/li>\n<li><span style=\"font-size: 10pt; font-family: arial, helvetica, sans-serif;\"><a href=\"https:\/\/ecsfalu.hu\/honlap\/hireink\/2015\/doc\/20151119_Kozmeghallgatas.pdf\">2015.11.12.\u00a0Megh\u00edv\u00f3 &#8211; K\u00f6zmeghallgat\u00e1s (2015.11.19.)<\/a><\/span><\/li>\n<li><span style=\"font-size: 10pt; font-family: arial, helvetica, sans-serif;\"><a href=\"https:\/\/ecsfalu.hu\/honlap\/hireink\/2015\/20150911_eboltas.html#top\">2015.09.03.\u00a0Ebolt\u00e1s (2014.09.11.)<\/a><\/span><\/li>\n<li><span style=\"font-size: 10pt; font-family: arial, helvetica, sans-serif;\"><a href=\"https:\/\/ecsfalu.hu\/honlap\/hireink\/2015\/doc\/20150805_Veradas.pdf\">2015.07.28.\u00a0V\u00e9rad\u00e1s (2015.08.05.)<\/a><\/span><\/li>\n<li><span style=\"font-size: 10pt; font-family: arial, helvetica, sans-serif;\"><a href=\"https:\/\/ecsfalu.hu\/honlap\/hireink\/2015\/doc\/20150722_Lakossagi.Tajekoztato.pdf\">2015.07.22.\u00a0LAKOSS\u00c1GI T\u00c1J\u00c9KOZTAT\u00d3!<\/a><\/span><\/li>\n<li><span style=\"font-size: 10pt; font-family: arial, helvetica, sans-serif;\"><a href=\"https:\/\/ecsfalu.hu\/honlap\/hireink\/2015\/images\/20150529_E-ON.Tajekoztato.jpg\">2015.05.28.\u00a0E-ON t\u00e1j\u00e9koztat\u00e1s a m\u00e1gneses \u00f6ntapad\u00f3 matrica felhelyez\u00e9s\u00e9vel kapcsolatban<\/a><\/span><\/li>\n<li><span style=\"font-size: 10pt; font-family: arial, helvetica, sans-serif;\"><a href=\"https:\/\/ecsfalu.hu\/honlap\/hireink\/2015\/images\/20150528_Mesterecset.Rajzpalyazat.jpg\">2015.05.28.\u00a0Mesterecset rajzp\u00e1ly\u00e1zat a Magyar \u00c1llamkincst\u00e1rn\u00e1l<\/a><\/span><\/li>\n<li><span style=\"font-size: 10pt; font-family: arial, helvetica, sans-serif;\"><a href=\"https:\/\/ecsfalu.hu\/honlap\/hireink\/2015\/doc\/20150515_Kozlem%E9ny.Banki.Karosultak.pdf\">2015.05.15.\u00a0K\u00f6zlem\u00e9ny banki k\u00e1rosultak \u00e9s elad\u00f3sodott csal\u00e1dok r\u00e9sz\u00e9re<\/a><\/span><\/li>\n<li><span style=\"font-size: 10pt; font-family: arial, helvetica, sans-serif;\"><a href=\"https:\/\/ecsfalu.hu\/honlap\/hireink\/2015\/20150423_hulladekudvar.html#top\">2015.04.23.\u00a0Hullad\u00e9kudvar &#8211; ny\u00e1ri nyitvatart\u00e1s<\/a><\/span><\/li>\n<li><span style=\"font-size: 10pt; font-family: arial, helvetica, sans-serif;\"><a href=\"https:\/\/ecsfalu.hu\/honlap\/hireink\/2015\/doc\/20150421_Nogyogyaszati.Szurovizsgalat.pdf\">2015.04.07.\u00a0N\u0151gy\u00f3gy\u00e1szati sz\u0171r\u0151vizsg\u00e1lat (2015.04.21.)<\/a><\/span><\/li>\n<li><span style=\"font-size: 10pt; font-family: arial, helvetica, sans-serif;\"><a href=\"https:\/\/ecsfalu.hu\/honlap\/hireink\/2015\/20150402_husvet.html#top\">2015.04.02.\u00a0H\u00fasv\u00e9ti k\u00f6sz\u00f6nt\u0151<\/a><\/span><\/li>\n<li><span style=\"font-size: 10pt; font-family: arial, helvetica, sans-serif;\"><a href=\"https:\/\/ecsfalu.hu\/honlap\/hireink\/2015\/20150326_Honvedsegi.Tajekoztato.html#top\">2015.03.26.\u00a0Munkalehet\u0151s\u00e9g a Magyar Honv\u00e9ds\u00e9gen bel\u00fcl!<\/a><\/span><\/li>\n<li><span style=\"font-size: 10pt; font-family: arial, helvetica, sans-serif;\"><a href=\"https:\/\/ecsfalu.hu\/honlap\/hireink\/2015\/doc\/20150323_Ovodai.Beiratas.pdf\">2015.03.23.\u00a0\u00d3vodai be\u00edrat\u00e1s<\/a><\/span><\/li>\n<li><span style=\"font-size: 10pt; font-family: arial, helvetica, sans-serif;\"><a href=\"https:\/\/ecsfalu.hu\/honlap\/hireink\/2015\/20150311_Egyenlo.Banasmod.Hatosag.Ugyfelszolgalat.html#top\">2015.03.11.\u00a0Egyenl\u0151 B\u00e1n\u00e1sm\u00f3d Hat\u00f3s\u00e1g m\u00e1rciusi \u00fcgyf\u00e9lszolg\u00e1lati rendje<\/a><\/span><\/li>\n<li><span style=\"font-size: 10pt; font-family: arial, helvetica, sans-serif;\"><a href=\"https:\/\/ecsfalu.hu\/honlap\/hireink\/2015\/doc\/20150304_A.szocialis.Ellatorendszer.Atalakulasa.pdf\">2015.03.04.\u00a0T\u00e1j\u00e9koztat\u00f3 a szoci\u00e1lis ell\u00e1t\u00f3rendszer \u00e1talakuls\u00e1r\u00f3l<\/a><\/span><\/li>\n<li><span style=\"font-size: 10pt; font-family: arial, helvetica, sans-serif;\"><a href=\"https:\/\/ecsfalu.hu\/honlap\/hireink\/2015\/doc\/20150301_Pannonhalmi.Kormanyhivatal.Ugyfelfogadasa.pdf\">2015.03.01.\u00a0T\u00e1j\u00e9koztat\u00e1s Korm\u00e1nyablak \u00fcgyf\u00e9lfogad\u00e1si rendj\u00e9nek v\u00e1ltoz\u00e1s\u00e1r\u00f3l<\/a><\/span><\/li>\n<li><span style=\"font-size: 10pt; font-family: arial, helvetica, sans-serif;\"><a href=\"https:\/\/ecsfalu.hu\/honlap\/hireink\/2015\/doc\/20150301_Valtozasok.A.Szocialis.Ellatasok.Rendszereben.pdf\">2015.03.01.\u00a0T\u00e1j\u00e9koztat\u00f3 a szoci\u00e1lis ell\u00e1t\u00f3 rendszer v\u00e1ltoz\u00e1s\u00e1r\u00f3l<\/a><\/span><\/li>\n<li><span style=\"font-size: 10pt; font-family: arial, helvetica, sans-serif;\"><a href=\"https:\/\/ecsfalu.hu\/honlap\/hireink\/2015\/20150226_Felhivas.html#top\">2015.02.26.\u00a0Felh\u00edv\u00e1s<\/a><\/span><\/li>\n<li><span style=\"font-size: 10pt; font-family: arial, helvetica, sans-serif;\"><a href=\"https:\/\/ecsfalu.hu\/honlap\/hireink\/2015\/doc\/20150226_Ebosszeiras.Felhivas.pdf\">2015.02.26.\u00a0Eb\u00f6ssze\u00edr\u00e1s felh\u00edv\u00e1s kutyatulajdonosok fel\u00e9 k\u00f6telez\u0151 adatszolg\u00e1ltat\u00e1sra<\/a><\/span><\/li>\n<li><span style=\"font-size: 10pt; font-family: arial, helvetica, sans-serif;\"><a href=\"https:\/\/ecsfalu.hu\/honlap\/hireink\/2015\/20150127_hulladekudvar.html#top\">2015.01.27.\u00a0Hullad\u00e9kudvar nyitvatart\u00e1s<\/a><\/span><\/li>\n<li><span style=\"font-size: 10pt; font-family: arial, helvetica, sans-serif;\"><a href=\"https:\/\/ecsfalu.hu\/honlap\/hireink\/2015\/20150113_Parlat.maganfozes.es.Desztillalo.berendez%E9s.bejelent%E9se.html#top\">2015.01.13.\u00a0P\u00e1rlat mag\u00e1nf\u0151z\u00e9s \u00e9s Desztill\u00e1l\u00f3 berendez\u00e9s bejelent\u00e9se<\/a><\/span><\/li>\n<li><span style=\"font-size: 10pt; font-family: arial, helvetica, sans-serif;\"><a href=\"https:\/\/ecsfalu.hu\/honlap\/hireink\/2015\/20150113_falugazdasz.html#top\">2015.01.13.\u00a0Falugazd\u00e1sz fogad\u00f3idej\u00e9nek v\u00e1ltoz\u00e1sa<\/a><\/span><\/li>\n<li><span style=\"font-size: 10pt; font-family: arial, helvetica, sans-serif;\"><a href=\"https:\/\/ecsfalu.hu\/honlap\/hireink\/2015\/doc\/20150107_ketusz.pdf\">2015.01.07.\u00a0K\u00e9m\u00e9nysepr\u00e9s<\/a><\/span><\/li>\n<\/ul>\n<p><strong><span style=\"font-size: 10pt; font-family: arial, helvetica, sans-serif;\">2014.<\/span><\/strong><\/p>\n<ul>\n<li><span style=\"font-size: 10pt; font-family: arial, helvetica, sans-serif;\"><a href=\"https:\/\/ecsfalu.hu\/honlap\/hireink\/2014\/20141223_karacsony.html#top\">2014.12.23.\u00a0Kar\u00e1csonyi \u00fcdv\u00f6zlet<\/a><\/span><\/li>\n<li><span style=\"font-size: 10pt; font-family: arial, helvetica, sans-serif;\"><a href=\"https:\/\/ecsfalu.hu\/honlap\/hireink\/2014\/doc\/20141210_Kozmeghallgatas.pdf\">2014.12.08.\u00a0Megh\u00edv\u00f3 &#8211; K\u00f6zmeghallgat\u00e1s (2014.12.10.)<\/a><\/span><\/li>\n<li><span style=\"font-size: 10pt; font-family: arial, helvetica, sans-serif;\"><a href=\"https:\/\/ecsfalu.hu\/honlap\/hireink\/2014\/doc\/20141107_Palyazati.Felhivas.pdf\">2014.11.07.\u00a0Megyei B\u00fcntet\u00e9s-v\u00e9grehajt\u00e1si Int\u00e9zet Gazdas\u00e1gi Oszt\u00e1ly seg\u00e9del\u0151ad\u00f3i (foglalkoztat\u00e1si) beoszt\u00e1sra ki\u00edrt p\u00e1ly\u00e1zati felh\u00edv\u00e1sa<\/a><\/span><\/li>\n<li><span style=\"font-size: 10pt; font-family: arial, helvetica, sans-serif;\"><a href=\"https:\/\/ecsfalu.hu\/honlap\/hireink\/2014\/doc\/20141029_Meghivo.pdf\">2014.10.28.\u00a0Megh\u00edv\u00f3 a k\u00e9pvisel\u0151 test\u00fclet \u00fcnnep\u00e9lyes alakul\u00f3 \u00fcl\u00e9s\u00e9re<\/a><\/span><\/li>\n<li><span style=\"font-size: 10pt; font-family: arial, helvetica, sans-serif;\"><a href=\"https:\/\/ecsfalu.hu\/honlap\/hireink\/2014\/20141011_Falusi.Turizmus.Kepzes.html#top\">2014.10.11.\u00a0Felh\u00edv\u00e1s falusi turizmus akkredit\u00e1lt k\u00e9pz\u00e9sre<\/a><\/span><\/li>\n<li><span style=\"font-size: 10pt; font-family: arial, helvetica, sans-serif;\"><a href=\"https:\/\/ecsfalu.hu\/honlap\/hireink\/2014\/20140909_Eboltas.html#top\">2014.09.09.\u00a0Ebolt\u00e1s (2014.09.19.)<\/a><\/span><\/li>\n<li><span style=\"font-size: 10pt; font-family: arial, helvetica, sans-serif;\"><a href=\"https:\/\/ecsfalu.hu\/honlap\/hireink\/2014\/20140806_veradas.html#top\">2014.08.01.\u00a0V\u00e9rad\u00e1s (2014.08.06.)<\/a><\/span><\/li>\n<li><span style=\"font-size: 10pt; font-family: arial, helvetica, sans-serif;\"><a href=\"https:\/\/ecsfalu.hu\/honlap\/hireink\/2014\/doc\/20140711_Tobbcelu.Intezmeny.vezetese.pdf\">2014.07.11.\u00a0P\u00e1ly\u00e1zati ki\u00edr\u00e1s az \u00c9csi Napraforg\u00f3 \u00d3voda \u00e9s B\u00f6lcs\u00f6de T\u00f6bbc\u00e9l\u00fa int\u00e9zm\u00e9ny vezet\u00e9se (magasabb vezet\u0151) munkak\u00f6r bet\u00f6lt\u00e9s\u00e9re<\/a><\/span><\/li>\n<li><span style=\"font-size: 10pt; font-family: arial, helvetica, sans-serif;\"><a href=\"https:\/\/ecsfalu.hu\/honlap\/hireink\/2014\/20140619_rendelesi.ido.html#top\">2014.06.19.\u00a0H\u00e1ziorvosi rendel\u00e9si id\u0151 v\u00e1ltoz\u00e1s<\/a><\/span><\/li>\n<li><span style=\"font-size: 10pt; font-family: arial, helvetica, sans-serif;\"><a href=\"https:\/\/ecsfalu.hu\/honlap\/hireink\/2014\/20140410_hulladekudvar.html#top\">2014.04.10.\u00a0Hullad\u00e9kudvar &#8211; ny\u00e1ri nyitvatart\u00e1s<\/a><\/span><\/li>\n<li><span style=\"font-size: 10pt; font-family: arial, helvetica, sans-serif;\"><a href=\"https:\/\/ecsfalu.hu\/honlap\/hireink\/2014\/doc\/EBH.ugyfelfogadasi.idopontok.februar.pdf\">2014.02.06.\u00a0Egyenl\u0151 B\u00e1n\u00e1sm\u00f3d Hat\u00f3s\u00e1g \u00fcgyf\u00e9lszolg\u00e1lat<\/a><\/span><\/li>\n<li><span style=\"font-size: 10pt; font-family: arial, helvetica, sans-serif;\"><a href=\"https:\/\/ecsfalu.hu\/honlap\/hireink\/2014\/20140120_hulladekudvar.html#top\">2014.01.20.\u00a0Hullad\u00e9kudvar nyitvatart\u00e1s<\/a><\/span><\/li>\n<\/ul>\n<p><strong><span style=\"font-size: 10pt; font-family: arial, helvetica, sans-serif;\">2013.<\/span><\/strong><\/p>\n<ul>\n<li><span style=\"font-size: 10pt; font-family: arial, helvetica, sans-serif;\"><a href=\"https:\/\/ecsfalu.hu\/honlap\/hireink\/2013\/20131216_hulladekudvar.html#top\">2013.12.16.\u00a0Hullad\u00e9kudvar &#8211; \u00dcnnepi nyitvatart\u00e1s<\/a><\/span><\/li>\n<li><span style=\"font-size: 10pt; font-family: arial, helvetica, sans-serif;\"><a href=\"https:\/\/ecsfalu.hu\/honlap\/hireink\/2013\/20131209_segitseg.html#top\">2013.12.09.\u00a0Tisztelettel k\u00e9rj\u00fck seg\u00edts\u00e9g\u00e9t &#8230;<\/a><\/span><\/li>\n<li><span style=\"font-size: 10pt; font-family: arial, helvetica, sans-serif;\"><a href=\"https:\/\/ecsfalu.hu\/honlap\/hireink\/2013\/20131119_hulladekudvar.html#top\">2013.11.19.\u00a0Hullad\u00e9kudvar &#8211; t\u00e9li nyitvatart\u00e1s<\/a><\/span><\/li>\n<li><span style=\"font-size: 10pt; font-family: arial, helvetica, sans-serif;\"><a href=\"https:\/\/ecsfalu.hu\/honlap\/hireink\/2013\/doc\/20131121_Kozmeghallgatas.pdf\">2013.11.13.\u00a0Megh\u00edv\u00f3 &#8211; K\u00f6zmeghallgat\u00e1s (2013.11.21.)<\/a><\/span><\/li>\n<li><span style=\"font-size: 10pt; font-family: arial, helvetica, sans-serif;\"><a href=\"https:\/\/ecsfalu.hu\/honlap\/hireink\/2013\/doc\/20131122_vallalkozoi.forum.pdf\">2013.11.12.\u00a0Megh\u00edv\u00f3 a Pannonhalmi V\u00e1llalkoz\u00f3i F\u00f3rumra (2013.11.22.)<\/a><\/span><\/li>\n<li><span style=\"font-size: 10pt; font-family: arial, helvetica, sans-serif;\"><a href=\"https:\/\/ecsfalu.hu\/honlap\/hireink\/2013\/20131006_Aradi.Vertanuk.html#top\">2013.10.06.\u00a0Eml\u00e9kezz\u00fcnk az aradi v\u00e9rtan\u00fakra!<\/a><\/span><\/li>\n<li><span style=\"font-size: 10pt; font-family: arial, helvetica, sans-serif;\"><a href=\"https:\/\/ecsfalu.hu\/honlap\/hireink\/2013\/20130902_Eboltas.html#top\">2013.09.02.\u00a0Ebolt\u00e1s (2013.09.20.)<\/a><\/span><\/li>\n<li><span style=\"font-size: 10pt; font-family: arial, helvetica, sans-serif;\"><a href=\"https:\/\/ecsfalu.hu\/honlap\/hireink\/2013\/20130809_Bucsu.dr.Barsi.Ernotol.html\">2013.08.09.\u00a0B\u00facs\u00fa dr. Barsi Ern\u0151t\u0151l<\/a><\/span><\/li>\n<li><span style=\"font-size: 10pt; font-family: arial, helvetica, sans-serif;\"><a href=\"https:\/\/ecsfalu.hu\/honlap\/hireink\/2013\/doc\/20130523_Hirdetmeny.pdf\">2013.05.23.\u00a0Hirdetm\u00e9ny<\/a><\/span><\/li>\n<li><span style=\"font-size: 10pt; font-family: arial, helvetica, sans-serif;\"><a href=\"https:\/\/ecsfalu.hu\/honlap\/hireink\/2013\/20130521_Meghivo.html#top\">2013.05.21.\u00a0Megh\u00edv\u00f3 a helyi munkaer\u0151piac b\u0151v\u00edt\u00e9se \u00e9s a foglakoztat\u00e1s n\u00f6vel\u00e9se a Pannonhalmi T\u00e9rs\u00e9gben c. projekt keret\u00e9ben szervezett t\u00e1j\u00e9koztat\u00f3 napra<\/a><\/span><\/li>\n<li><span style=\"font-size: 10pt; font-family: arial, helvetica, sans-serif;\"><a href=\"https:\/\/ecsfalu.hu\/honlap\/hireink\/2013\/doc\/20130516_digitalis.atalas.pdf\">2013.05.16.\u00a0T\u00e1j\u00e9koztat\u00e1s a digit\u00e1lis \u00e1t\u00e1l\u00e1s \u00e1llami t\u00e1mogat\u00e1s\u00e1r\u00f3l<\/a><\/span><\/li>\n<li><span style=\"font-size: 10pt; font-family: arial, helvetica, sans-serif;\"><a href=\"https:\/\/ecsfalu.hu\/honlap\/hireink\/2013\/20130502_hulladekudvar.html#top\">2013.05.02.\u00a0Hullad\u00e9kudvar &#8211; ny\u00e1ri nyitvatart\u00e1s<\/a><\/span><\/li>\n<li><span style=\"font-size: 10pt; font-family: arial, helvetica, sans-serif;\"><a href=\"https:\/\/ecsfalu.hu\/honlap\/hireink\/2013\/doc\/20130417_Foldhasznalat.Hirdetmeny.pdf\">2013.04.17.\u00a0Hirdetm\u00e9ny (F\u00d6LDHASZN\u00c1LATI BEJELENT\u00c9S)<\/a><\/span><\/li>\n<li><span style=\"font-size: 10pt; font-family: arial, helvetica, sans-serif;\"><a href=\"https:\/\/ecsfalu.hu\/honlap\/hireink\/2013\/20130403_beiratkozas-ovoda.html#top\">2013.04.03.\u00a0FELH\u00cdV\u00c1S \u00d3VODAI JELENTKEZ\u00c9SRE<\/a><\/span><\/li>\n<li><span style=\"font-size: 10pt; font-family: arial, helvetica, sans-serif;\"><a href=\"https:\/\/ecsfalu.hu\/honlap\/hireink\/2013\/20130329_husvet.html#top\">2013.03.29.\u00a0H\u00fasv\u00e9ti k\u00f6sz\u00f6nt\u0151<\/a><\/span><\/li>\n<li><span style=\"font-size: 10pt; font-family: arial, helvetica, sans-serif;\"><a href=\"https:\/\/ecsfalu.hu\/honlap\/hireink\/2013\/doc\/jarasi.hivatal.pdf\">2013.01.30.\u00a0T\u00e1j\u00e9koztat\u00f3 a j\u00e1r\u00e1si hivatalr\u00f3l \u00e9s a telep\u00fcl\u00e9si \u00fcgyseg\u00e9dr\u0151l<\/a><\/span><\/li>\n<li><span style=\"font-size: 10pt; font-family: arial, helvetica, sans-serif;\"><a href=\"https:\/\/ecsfalu.hu\/honlap\/hireink\/2013\/20130111_hulladekudvar.html#top\">2013.01.11.\u00a0Hullad\u00e9kudvar<\/a><\/span><\/li>\n<\/ul>\n<p><strong><span style=\"font-size: 10pt; font-family: arial, helvetica, sans-serif;\">2012.<\/span><\/strong><\/p>\n<ul>\n<li><span style=\"font-size: 10pt; font-family: arial, helvetica, sans-serif;\"><a href=\"https:\/\/ecsfalu.hu\/honlap\/hireink\/2012\/20121219_karacsony.html#top\">2012.12.19.\u00a0Kar\u00e1csonyi \u00fcdv\u00f6zlet<\/a><\/span><\/li>\n<li><span style=\"font-size: 10pt; font-family: arial, helvetica, sans-serif;\"><a href=\"https:\/\/ecsfalu.hu\/honlap\/hireink\/2012\/20121219_hulladekudvar.html#top\">2012.12.19.\u00a0Hullad\u00e9kudvar &#8211; \u00dcnnepi nyitvatart\u00e1s<\/a><\/span><\/li>\n<li><span style=\"font-size: 10pt; font-family: arial, helvetica, sans-serif;\"><a href=\"https:\/\/ecsfalu.hu\/honlap\/hireink\/2012\/20121128_kozmeghallgatas.html#top\">2012.11.21.\u00a0K\u00f6zmeghallgat\u00e1s (2012.11.28.)<\/a><\/span><\/li>\n<li><span style=\"font-size: 10pt; font-family: arial, helvetica, sans-serif;\"><a href=\"https:\/\/ecsfalu.hu\/honlap\/hireink\/2012\/20121012_posta.koltozes.html#top\">2012.10.12.\u00a0Posta k\u00f6lt\u00f6z\u00e9s<\/a><\/span><\/li>\n<li><span style=\"font-size: 10pt; font-family: arial, helvetica, sans-serif;\"><a href=\"https:\/\/ecsfalu.hu\/honlap\/hireink\/2012\/20120924_europa.verseny.html#top\">2012.09.24.\u00a04 FOR EUROPE \u2013 k\u00f6z\u00e9piskol\u00e1sok EU-s versenye<\/a><\/span><\/li>\n<li><span style=\"font-size: 10pt; font-family: arial, helvetica, sans-serif;\"><a href=\"https:\/\/ecsfalu.hu\/honlap\/hireink\/2012\/20120924_europa.html#top\">2012.09.24.\u00a0Konferencia a Nyelvek Eur\u00f3pai Napja alkalm\u00e1b\u00f3l<\/a><\/span><\/li>\n<li><span style=\"font-size: 10pt; font-family: arial, helvetica, sans-serif;\"><a href=\"https:\/\/ecsfalu.hu\/honlap\/hireink\/2012\/20120919_eboltas.html#top\">2012.09.19.\u00a0Ebolt\u00e1s (2012.09.21.)<\/a><\/span><\/li>\n<li><span style=\"font-size: 10pt; font-family: arial, helvetica, sans-serif;\"><a href=\"https:\/\/ecsfalu.hu\/honlap\/hireink\/2012\/20120822_palyazati.kiiras.html#top\">2012.08.22.\u00a0P\u00e1ly\u00e1zati ki\u00edr\u00e1s a Pet\u0151fi S\u00e1ndor \u00c1ltal\u00e1nos Iskola, \u00d3voda,B\u00f6lcs\u0151de \u00e9s Alapfok\u00fa M\u0171v\u00e9szetoktat\u00e1si Int\u00e9zm\u00e9ny \u00c9cs-Ravazd K\u00f6zoktat\u00e1si T\u00e1rsul\u00e1sa Int\u00e9zm\u00e9nyvezet\u0151i (magasabb vezet\u0151) munkak\u00f6r bet\u00f6lt\u00e9s\u00e9re<\/a><\/span><\/li>\n<li><span style=\"font-size: 10pt; font-family: arial, helvetica, sans-serif;\"><a href=\"https:\/\/ecsfalu.hu\/honlap\/hireink\/2012\/20120821_ING.html#top\">2012.08.21.\u00a0\u00c1ll\u00e1saj\u00e1nlat<\/a><\/span><\/li>\n<li><span style=\"font-size: 10pt; font-family: arial, helvetica, sans-serif;\"><a href=\"https:\/\/ecsfalu.hu\/honlap\/hireink\/2012\/20120730_Hirdetmeny.html#top\">2012.07.30.\u00a0Hirdetm\u00e9ny<\/a><\/span><\/li>\n<li><span style=\"font-size: 10pt; font-family: arial, helvetica, sans-serif;\"><a href=\"https:\/\/ecsfalu.hu\/honlap\/hireink\/2012\/20120608_Intezmenyvezetoi.Palyazat.html#top\">2012.06.08.\u00a0Int\u00e9zm\u00e9nyvezet\u0151i p\u00e1ly\u00e1zat dokumentumai<\/a><\/span><\/li>\n<li><span style=\"font-size: 10pt; font-family: arial, helvetica, sans-serif;\"><a href=\"https:\/\/ecsfalu.hu\/honlap\/hireink\/2012\/20120601_pincefesztival.html#top\">2012.06.01.\u00a0Pannonhalmi Borvid\u00e9k II. Pincefesztiv\u00e1lja<\/a><\/span><\/li>\n<li><span style=\"font-size: 10pt; font-family: arial, helvetica, sans-serif;\"><a href=\"https:\/\/ecsfalu.hu\/honlap\/hireink\/2012\/20120523_Lakossagi.Tajekoztato.html#top\">2012.05.23.\u00a0Osztatlan k\u00f6z\u00f6s tulajdonban l\u00e9v\u0151 term\u0151f\u00f6ldek tulajdonviszonyainak rendez\u00e9se<\/a><\/span><\/li>\n<li><span style=\"font-size: 10pt; font-family: arial, helvetica, sans-serif;\"><a href=\"https:\/\/ecsfalu.hu\/honlap\/hireink\/2012\/20120522_Intezmenyvezetoi.Palyazat.html#top\">2012.05.22.\u00a0Int\u00e9zm\u00e9nyvezet\u0151i p\u00e1ly\u00e1zatok<\/a><\/span><\/li>\n<li><span style=\"font-size: 10pt; font-family: arial, helvetica, sans-serif;\"><a href=\"https:\/\/ecsfalu.hu\/honlap\/hireink\/2012\/20120508_hulladekudvar.html#top\">2012.05.08.\u00a0Hullad\u00e9kudvar &#8211; ny\u00e1ri nyitvatart\u00e1s<\/a><\/span><\/li>\n<li><span style=\"font-size: 10pt; font-family: arial, helvetica, sans-serif;\"><a href=\"https:\/\/ecsfalu.hu\/honlap\/hireink\/2012\/20120417_veradas.html#top\">2012.04.17.\u00a0V\u00e9rad\u00e1s (2012.05.09.)<\/a><\/span><\/li>\n<li><span style=\"font-size: 10pt; font-family: arial, helvetica, sans-serif;\"><a href=\"https:\/\/ecsfalu.hu\/honlap\/hireink\/2012\/20120404_husvet.html#top\">2012.04.04.\u00a0H\u00fasv\u00e9ti k\u00f6sz\u00f6nt\u0151<\/a><\/span><\/li>\n<li><span style=\"font-size: 10pt; font-family: arial, helvetica, sans-serif;\"><a href=\"https:\/\/ecsfalu.hu\/honlap\/hireink\/2012\/20120330_Hirdetmeny.html#top\">2012.03.30.\u00a0Hirdetm\u00e9ny<\/a><\/span><\/li>\n<li><span style=\"font-size: 10pt; font-family: arial, helvetica, sans-serif;\"><a href=\"https:\/\/ecsfalu.hu\/honlap\/hireink\/2012\/20120326_palyazati.kiiras.html#top\">2012.03.26.\u00a0P\u00e1ly\u00e1zati ki\u00edr\u00e1s az \u00c1ltal\u00e1nos Iskola, \u00d3voda-B\u00f6lcs\u0151de \u00e9s Alapfok\u00fa M\u0171v\u00e9szetoktat\u00e1si Int\u00e9zm\u00e9ny \u00c9cs-Ravazd K\u00f6zoktat\u00e1si T\u00e1rsul\u00e1sa int\u00e9zm\u00e9nyvezet\u0151i (magasabb vezet\u0151) munkak\u00f6r bet\u00f6lt\u00e9s\u00e9re<\/a><\/span><\/li>\n<li><span style=\"font-size: 10pt; font-family: arial, helvetica, sans-serif;\"><a href=\"https:\/\/ecsfalu.hu\/honlap\/hireink\/2012\/20120319_beiratkozas-ovoda.html#top\">2012.03.19.\u00a0\u00d3vodai beiratkoz\u00e1s<\/a><\/span><\/li>\n<li><span style=\"font-size: 10pt; font-family: arial, helvetica, sans-serif;\"><a href=\"https:\/\/ecsfalu.hu\/honlap\/hireink\/2012\/20120306_beiratkozas-iskola.html#top\">2012.03.06.\u00a0Iskolai beiratkoz\u00e1s<\/a><\/span><\/li>\n<li><span style=\"font-size: 10pt; font-family: arial, helvetica, sans-serif;\"><a href=\"https:\/\/ecsfalu.hu\/honlap\/hireink\/2012\/20120220_felhivas.vallalkozoknak.html#top\">2012.02.20.\u00a0FONTOS FELH\u00cdV\u00c1S V\u00c1LLALKOZ\u00d3KNAK!<\/a><\/span><\/li>\n<li><span style=\"font-size: 10pt; font-family: arial, helvetica, sans-serif;\"><a href=\"https:\/\/ecsfalu.hu\/honlap\/hireink\/2012\/20120215_csendrendelet.tajekoztato.html#top\">2012.02.15.\u00a0Csendrendelet t\u00e1j\u00e9koztat\u00f3<\/a><\/span><\/li>\n<li><span style=\"font-size: 10pt; font-family: arial, helvetica, sans-serif;\"><a href=\"https:\/\/ecsfalu.hu\/honlap\/hireink\/2012\/20120205_nyiltnap.html#top\">2012.02.05.\u00a0Ny\u00edlt nap az iskol\u00e1ban (2012.03.05. , 2012.03.07.)<\/a><\/span><\/li>\n<li><span style=\"font-size: 10pt; font-family: arial, helvetica, sans-serif;\"><a href=\"https:\/\/ecsfalu.hu\/honlap\/hireink\/2012\/20120104_kemenysepres.html#top\">2012.01.04.\u00a0K\u00e9m\u00e9nysepr\u00e9s<\/a><\/span><\/li>\n<li><span style=\"font-size: 10pt; font-family: arial, helvetica, sans-serif;\"><a href=\"https:\/\/ecsfalu.hu\/honlap\/hireink\/2012\/20120103_lakossagi.tajekoztato.html#top\">2012.01.03.\u00a0Lakoss\u00e1gi t\u00e1j\u00e9koztat\u00f3<\/a><\/span><\/li>\n<li><span style=\"font-size: 10pt; font-family: arial, helvetica, sans-serif;\"><a href=\"https:\/\/ecsfalu.hu\/honlap\/onkormanyzat\/rendeletek\/doc\/25.pdf\">2012.01.03.\u00a017.\/2011.(XII.20.) sz\u00e1m\u00fa rendelet a gyermekint\u00e9zm\u00e9nyek int\u00e9zm\u00e9nyi \u00e9tkez\u00e9si t\u00e9r\u00edt\u00e9si d\u00edj\u00e1nak meg\u00e1llap\u00edt\u00e1s\u00e1r\u00f3l<\/a><\/span><\/li>\n<li><span style=\"font-size: 10pt; font-family: arial, helvetica, sans-serif;\"><a href=\"https:\/\/ecsfalu.hu\/honlap\/onkormanyzat\/rendeletek\/doc\/26.pdf\">2012.01.03.\u00a018.\/2011.(XII.20.) sz\u00e1m\u00fa rendelet az iv\u00f3v\u00edz- \u00e9s csatorna-szolg\u00e1ltat\u00e1si d\u00edjak meg\u00e1llap\u00edt\u00e1s\u00e1r\u00f3l<\/a><\/span><\/li>\n<li><span style=\"font-size: 10pt; font-family: arial, helvetica, sans-serif;\"><a href=\"https:\/\/ecsfalu.hu\/honlap\/onkormanyzat\/rendeletek\/doc\/27.pdf\">2012.01.03.\u00a019.\/2011.(XII.20.) sz\u00e1m\u00fa rendelet a mag\u00e1nszem\u00e9lyek kommun\u00e1lis ad\u00f3j\u00e1r\u00f3l<\/a><\/span><\/li>\n<\/ul>\n<p><strong><span style=\"font-size: 10pt; font-family: arial, helvetica, sans-serif;\">2011.<\/span><\/strong><\/p>\n<ul>\n<li><span style=\"font-size: 10pt; font-family: arial, helvetica, sans-serif;\"><a href=\"https:\/\/ecsfalu.hu\/honlap\/hireink\/2011\/20111220_gyorszol.html#top\">2011.12.20.\u00a0\u00dcnnepi nyitva tart\u00e1s &#8211; Hullad\u00e9kudvar<\/a><\/span><\/li>\n<li><span style=\"font-size: 10pt; font-family: arial, helvetica, sans-serif;\"><a href=\"https:\/\/ecsfalu.hu\/honlap\/hireink\/2011\/20111213_karacsony.html#top\">2011.12.13.\u00a0Kar\u00e1csonyi \u00fcdv\u00f6zlet<\/a><\/span><\/li>\n<li><span style=\"font-size: 10pt; font-family: arial, helvetica, sans-serif;\"><a href=\"https:\/\/ecsfalu.hu\/honlap\/hireink\/2011\/20111213_unnepi.ugyfelfogadas.html#top\">2011.12.12.\u00a0\u00dcnnepi \u00fcgyf\u00e9lfogad\u00e1s<\/a><\/span><\/li>\n<li><span style=\"font-size: 10pt; font-family: arial, helvetica, sans-serif;\"><a href=\"https:\/\/ecsfalu.hu\/honlap\/hireink\/2011\/20111201_tudoszuro.html#top\">2011.12.01.\u00a0T\u00fcd\u0151sz\u0171r\u00e9s<\/a><\/span><\/li>\n<li><span style=\"font-size: 10pt; font-family: arial, helvetica, sans-serif;\"><a href=\"https:\/\/ecsfalu.hu\/honlap\/hireink\/2011\/20111115_hulladekudvar.html#top\">2011.11.15.\u00a0Hullad\u00e9kudvar &#8211; t\u00e9li nyitvatart\u00e1s<\/a><\/span><\/li>\n<li><span style=\"font-size: 10pt; font-family: arial, helvetica, sans-serif;\"><a href=\"https:\/\/ecsfalu.hu\/honlap\/hireink\/2011\/20111107_iskola_honlap.html#top\">2011.11.07.\u00a0Elindult iskol\u00e1nk \u00faj honlapja!<\/a><\/span><\/li>\n<li><span style=\"font-size: 10pt; font-family: arial, helvetica, sans-serif;\"><a href=\"https:\/\/ecsfalu.hu\/honlap\/hireink\/2011\/20111107_nepszamlalas.html#top\">2011.11.07.\u00a0N\u00e9psz\u00e1ml\u00e1l\u00e1s<\/a><\/span><\/li>\n<li><span style=\"font-size: 10pt; font-family: arial, helvetica, sans-serif;\"><a href=\"https:\/\/ecsfalu.hu\/honlap\/hireink\/2011\/20111117_kozmeghallgatas.html#top\">2011.10.17.\u00a0K\u00f6zmeghallgat\u00e1s (2011.11.17.)<\/a><\/span><\/li>\n<li><span style=\"font-size: 10pt; font-family: arial, helvetica, sans-serif;\"><a href=\"https:\/\/ecsfalu.hu\/honlap\/hireink\/2011\/20111017_lakas.html#top\">2011.10.17.\u00a0T\u00e1j\u00e9koztat\u00e1s a lak\u00e1sfenntart\u00e1si t\u00e1mogat\u00e1sr\u00f3l<\/a><\/span><\/li>\n<li><span style=\"font-size: 10pt; font-family: arial, helvetica, sans-serif;\"><a href=\"https:\/\/ecsfalu.hu\/honlap\/hireink\/2011\/20111010_tervezett.html#top\">2011.10.10.\u00a0Tervezett rendezv\u00e9nyek &#8211; 2011.IV. negyed\u00e9v<\/a><\/span><\/li>\n<li><span style=\"font-size: 10pt; font-family: arial, helvetica, sans-serif;\"><a href=\"https:\/\/ecsfalu.hu\/honlap\/hireink\/2011\/20111001_fogaszat.html#top\">2011.10.01.\u00a0T\u00e1j\u00e9koztat\u00f3 a s\u00fcrg\u0151ss\u00e9gi fog\u00e1szati ell\u00e1t\u00e1sr\u00f3l<\/a><\/span><\/li>\n<li><span style=\"font-size: 10pt; font-family: arial, helvetica, sans-serif;\"><a href=\"https:\/\/ecsfalu.hu\/honlap\/onkormanyzat\/rendeletek\/doc\/24.pdf\">2011.09.29.\u00a013\/2011. (VIII.25.) sz\u00e1m\u00fa rendelete \u201e A gyermekint\u00e9zm\u00e9nyek int\u00e9zm\u00e9nyi \u00e9tkez\u00e9si t\u00e9r\u00edt\u00e9si d\u00edj\u00e1nak meg\u00e1llap\u00edt\u00e1s\u00e1r\u00f3l\u201d<\/a><\/span><\/li>\n<li><span style=\"font-size: 10pt; font-family: arial, helvetica, sans-serif;\"><a href=\"https:\/\/ecsfalu.hu\/honlap\/hireink\/2011\/20110905_nepszamlalas.html#top\">2011.09.05.\u00a0N\u00e9psz\u00e1ml\u00e1l\u00e1s 2011<\/a><\/span><\/li>\n<li><span style=\"font-size: 10pt; font-family: arial, helvetica, sans-serif;\"><a href=\"https:\/\/ecsfalu.hu\/honlap\/hireink\/2011\/20110901_alaptorveny.html#top\">2011.09.01.\u00a0AZ ALAPT\u00d6RV\u00c9NY ASZTALA<\/a><\/span><\/li>\n<li><span style=\"font-size: 10pt; font-family: arial, helvetica, sans-serif;\"><a href=\"https:\/\/ecsfalu.hu\/honlap\/hireink\/2011\/20110809_gyorszol.html#top\">2011.08.09.\u00a0Hullad\u00e9kgy\u0171jt\u0151 ed\u00e9nyek mos\u00e1sa (2011.08.10.)<\/a><\/span><\/li>\n<li><span style=\"font-size: 10pt; font-family: arial, helvetica, sans-serif;\"><a href=\"https:\/\/ecsfalu.hu\/honlap\/hireink\/2011\/20110622_gyorszol.html#top\">2011.06.22.\u00a0Hullad\u00e9kgy\u0171jt\u0151 ed\u00e9nyek mos\u00e1sa (2011.06.29.)<\/a><\/span><\/li>\n<li><span style=\"font-size: 10pt; font-family: arial, helvetica, sans-serif;\"><a href=\"https:\/\/ecsfalu.hu\/honlap\/hireink\/2011\/20110620_ugyelet.html#top\">2011.06.20.\u00a0Iskola &#8211; Ny\u00e1ri \u00fcgyelet<\/a><\/span><\/li>\n<li><span style=\"font-size: 10pt; font-family: arial, helvetica, sans-serif;\"><a href=\"https:\/\/ecsfalu.hu\/honlap\/hireink\/2011\/20110420_husvet.html#top\">2011.04.20.\u00a0H\u00fasv\u00e9ti k\u00f6sz\u00f6nt\u0151<\/a><\/span><\/li>\n<li><span style=\"font-size: 10pt; font-family: arial, helvetica, sans-serif;\"><a href=\"https:\/\/ecsfalu.hu\/honlap\/hireink\/2011\/20110406_hulladekudvar.html#top\">2011.04.06.\u00a0Hullad\u00e9kudvar &#8211; ny\u00e1ri nyitvatart\u00e1s<\/a><\/span><\/li>\n<li><span style=\"font-size: 10pt; font-family: arial, helvetica, sans-serif;\"><a href=\"https:\/\/ecsfalu.hu\/honlap\/hireink\/2011\/20110329_hulladek.html#top\">2011.03.29.\u00a0T\u00e1j\u00e9koztat\u00e1s hullad\u00e9kgy\u0171jt\u00e9si napok v\u00e1ltoz\u00e1s\u00e1r\u00f3l<\/a><\/span><\/li>\n<li><span style=\"font-size: 10pt; font-family: arial, helvetica, sans-serif;\"><a href=\"https:\/\/ecsfalu.hu\/honlap\/korjegyzo\/nyomtatvanyok\/ado\/20.pdf\">2011.03.17.\u00a0Nyomtatv\u00e1ny a 2011-es &#8222;Helyi ipar\u0171z\u00e9si ad\u00f3r\u00f3l \u00e1lland\u00f3 jelleg\u0171 ipar\u0171z\u00e9si tev\u00e9kenys\u00e9g eset\u00e9n&#8221; bevall\u00e1shoz<\/a><\/span><\/li>\n<li><span style=\"font-size: 10pt; font-family: arial, helvetica, sans-serif;\"><a href=\"https:\/\/ecsfalu.hu\/honlap\/korjegyzo\/nyomtatvanyok\/ado\/02.pdf\">2011.03.17.\u00a0Megv\u00e1ltozott az 2010-es &#8222;Helyi ipar\u0171z\u00e9si ad\u00f3r\u00f3l \u00e1lland\u00f3 jelleg\u0171 ipar\u0171z\u00e9si tev\u00e9kenys\u00e9g eset\u00e9n&#8221; bevall\u00e1s nyomtatv\u00e1nya<\/a><\/span><\/li>\n<li><span style=\"font-size: 10pt; font-family: arial, helvetica, sans-serif;\"><a href=\"https:\/\/ecsfalu.hu\/honlap\/rendezvenyeink\/aktualis\/20110320_jarobeteg.html\">2011.03.10.\u00a0T\u00e1j\u00e9koztat\u00f3 a Kist\u00e9rs\u00e9gi Betegell\u00e1t\u00f3 K\u00f6zpontr\u00f3l (2011.03.20)<\/a><\/span><\/li>\n<li><span style=\"font-size: 10pt; font-family: arial, helvetica, sans-serif;\"><a href=\"https:\/\/ecsfalu.hu\/honlap\/hireink\/2011\/20110302_beiratkozas-iskola.html#top\">2011.03.02.\u00a0Iskolai beiratkoz\u00e1s<\/a><\/span><\/li>\n<li><span style=\"font-size: 10pt; font-family: arial, helvetica, sans-serif;\"><a href=\"https:\/\/ecsfalu.hu\/honlap\/hireink\/2011\/20110302_beiratkozas-ovoda.html#top\">2011.03.02.\u00a0\u00d3vodai beiratkoz\u00e1s<\/a><\/span><\/li>\n<li><span style=\"font-size: 10pt; font-family: arial, helvetica, sans-serif;\"><a href=\"https:\/\/ecsfalu.hu\/honlap\/tiop\/tiop_2.html\">2011.02.28.\u00a0TIOP-1.1.1-07\/1-2008-0780 projekt nyit\u00f3nap<\/a><\/span><\/li>\n<li><span style=\"font-size: 10pt; font-family: arial, helvetica, sans-serif;\"><a href=\"https:\/\/ecsfalu.hu\/honlap\/hireink\/2011\/20110131_nyiltnap.html#top\">2011.01.31.\u00a0Ny\u00edlt nap az iskol\u00e1ban (2011.02.07. &#8211; 2011.02.08.)<\/a><\/span><\/li>\n<li><span style=\"font-size: 10pt; font-family: arial, helvetica, sans-serif;\"><a href=\"https:\/\/ecsfalu.hu\/honlap\/korjegyzo\/nyomtatvanyok\/ado\/12.pdf\">2011.01.31.\u00a0Megv\u00e1ltozott az &#8222;Ideiglenes ipar\u0171z\u00e9si ad\u00f3bevall\u00e1s&#8221; nyomtatv\u00e1ny<\/a><\/span><\/li>\n<li><span style=\"font-size: 10pt; font-family: arial, helvetica, sans-serif;\"><a href=\"https:\/\/ecsfalu.hu\/honlap\/korjegyzo\/nyomtatvanyok\/ado\/11.pdf\">2011.01.31.\u00a0Megv\u00e1ltozott az &#8222;Ad\u00f3bejelentkez\u00e9si lap helyi ipar\u0171z\u00e9si ad\u00f3ra&#8221; nyomtatv\u00e1ny<\/a><\/span><\/li>\n<li><span style=\"font-size: 10pt; font-family: arial, helvetica, sans-serif;\"><a href=\"https:\/\/ecsfalu.hu\/honlap\/hireink\/2011\/20110117_1szazalek.html#top\">2011.01.17.\u00a0SZJA 1%-\u00e1ra jogosult helyi szervezetek<\/a><\/span><\/li>\n<li><span style=\"font-size: 10pt; font-family: arial, helvetica, sans-serif;\"><a href=\"https:\/\/ecsfalu.hu\/honlap\/korjegyzo\/nyomtatvanyok\/ado\/14.pdf\">2011.01.12.\u00a0Megv\u00e1ltozott a &#8222;Bejelent\u00e9s a belf\u00f6ldi forgalmi rendsz\u00e1m\u00fa g\u00e9pj\u00e1rm\u0171ad\u00f3 ut\u00e1ni ad\u00f3fizet\u00e9si k\u00f6telezetts\u00e9g v\u00e1ltoz\u00e1shoz&#8221; nyomtatv\u00e1ny<\/a><\/span><\/li>\n<li><span style=\"font-size: 10pt; font-family: arial, helvetica, sans-serif;\"><a href=\"https:\/\/ecsfalu.hu\/honlap\/onkormanyzat\/rendeletek\/doc\/15.pdf\">2011.01.10.\u00a014\/2010. (XII.18.) sz\u00e1m\u00fa rendelet a gyermekint\u00e9zm\u00e9nyek int\u00e9zm\u00e9nyi \u00e9tkez\u00e9si t\u00e9r\u00edt\u00e9si d\u00edj\u00e1nak meg\u00e1llap\u00edt\u00e1s\u00e1r\u00f3l<\/a><\/span><\/li>\n<li><span style=\"font-size: 10pt; font-family: arial, helvetica, sans-serif;\"><a href=\"https:\/\/ecsfalu.hu\/honlap\/onkormanyzat\/rendeletek\/doc\/14.pdf\">2011.01.10.\u00a013\/2010. (XII.18.) sz\u00e1m\u00fa rendelet a telep\u00fcl\u00e9si szil\u00e1rd hullad\u00e9kok kezel\u00e9s\u00e9vel kapcsolatos k\u00f6zszolg\u00e1ltat\u00e1sr\u00f3l<\/a><\/span><\/li>\n<li><span style=\"font-size: 10pt; font-family: arial, helvetica, sans-serif;\"><a href=\"https:\/\/ecsfalu.hu\/honlap\/onkormanyzat\/rendeletek\/doc\/13.pdf\">2011.01.10.\u00a012\/2010. (XII.18.) sz\u00e1mu rendelet az iv\u00f3v\u00edz- \u00e9s csatorna-szolg\u00e1ltat\u00e1si d\u00edjak meg\u00e1llap\u00edt\u00e1s\u00e1r\u00f3l<\/a><\/span><\/li>\n<li><span style=\"font-size: 10pt; font-family: arial, helvetica, sans-serif;\"><a href=\"https:\/\/ecsfalu.hu\/honlap\/hireink\/2011\/20110105_kemenysepres.html#top\">2011.01.05.\u00a0K\u00e9m\u00e9nysepr\u00e9s<\/a><\/span><\/li>\n<li><span style=\"font-size: 10pt; font-family: arial, helvetica, sans-serif;\"><a href=\"https:\/\/ecsfalu.hu\/honlap\/hireink\/2011\/20110104_veradas.html#top\">2011.01.04.\u00a0V\u00e9rad\u00e1s (2011.01.17.)<\/a><\/span><\/li>\n<\/ul>\n<p><strong><span style=\"font-size: 10pt; font-family: arial, helvetica, sans-serif;\">2010.<\/span><\/strong><\/p>\n<ul>\n<li><span style=\"font-size: 10pt; font-family: arial, helvetica, sans-serif;\"><a href=\"https:\/\/ecsfalu.hu\/honlap\/hireink\/2010\/hulladekszallitas.html#top\">2010.12.20.\u00a0\u00dcnnepi hullad\u00e9ksz\u00e1ll\u00edt\u00e1s rendje<\/a><\/span><\/li>\n<li><span style=\"font-size: 10pt; font-family: arial, helvetica, sans-serif;\"><a href=\"https:\/\/ecsfalu.hu\/honlap\/hireink\/2010\/korzetimegbizott.html#top\">2010.12.20.\u00a0Rend\u0151rs\u00e9g &#8211; K\u00f6rzeti megb\u00edzott<\/a><\/span><\/li>\n<li><span style=\"font-size: 10pt; font-family: arial, helvetica, sans-serif;\"><a href=\"https:\/\/ecsfalu.hu\/honlap\/hireink\/2010\/karacsony.html#top\">2010.12.15.\u00a0Kar\u00e1csonyi \u00fcdv\u00f6zlet<\/a><\/span><\/li>\n<li><span style=\"font-size: 10pt; font-family: arial, helvetica, sans-serif;\"><a href=\"https:\/\/ecsfalu.hu\/honlap\/hireink\/2010\/hivatal.html#top\">2010.12.14.\u00a0Polg\u00e1rmesteri Hivatal &#8211; \u00dcnnepi \u00fcgyf\u00e9lfogad\u00e1si rend<\/a><\/span><\/li>\n<li><span style=\"font-size: 10pt; font-family: arial, helvetica, sans-serif;\"><a href=\"https:\/\/ecsfalu.hu\/honlap\/hireink\/2010\/honlap.html#top\">2010.11.26.\u00a0Meg\u00fajult k\u00f6zs\u00e9g\u00fcnk honlapja<\/a><\/span><\/li>\n<li><span style=\"font-size: 10pt; font-family: arial, helvetica, sans-serif;\"><a href=\"https:\/\/ecsfalu.hu\/honlap\/hireink\/2010\/hulladek_tel.html#top\">2010.10.31.\u00a0Hullad\u00e9kudvar &#8211; t\u00e9li nyitvatart\u00e1s<\/a><\/span><\/li>\n<li><span style=\"font-size: 10pt; font-family: arial, helvetica, sans-serif;\"><a href=\"https:\/\/ecsfalu.hu\/honlap\/hireink\/2010\/valasztas_3.html#top\">2010.10.03.\u00a0V\u00e1laszt\u00e1si el\u0151zetes eredm\u00e9ny<\/a><\/span><\/li>\n<li><span style=\"font-size: 10pt; font-family: arial, helvetica, sans-serif;\"><a href=\"https:\/\/ecsfalu.hu\/honlap\/hireink\/2010\/falunap.html#top\">2010.09.11.\u00a0Falunap<\/a><\/span><\/li>\n<li><span style=\"font-size: 10pt; font-family: arial, helvetica, sans-serif;\"><a href=\"https:\/\/ecsfalu.hu\/honlap\/hireink\/2010\/valasztas_2.html#top\">2010.09.06.\u00a0V\u00e1laszt\u00e1si jel\u00f6ltek list\u00e1ja<\/a><\/span><\/li>\n<li><span style=\"font-size: 10pt; font-family: arial, helvetica, sans-serif;\"><a href=\"https:\/\/ecsfalu.hu\/honlap\/hireink\/2010\/vagyoni.html#top\">2010.09.02.\u00a0\u00c9cs K\u00f6zs\u00e9g \u00d6nkorm\u00e1nyzat\u00e1nak 2006-2010. I. f\u00e9l\u00e9v\u00e9nek Vagyoni \u00e9s p\u00e9nz\u00fcgyi alakul\u00e1sa<\/a><\/span><\/li>\n<li><span style=\"font-size: 10pt; font-family: arial, helvetica, sans-serif;\"><a href=\"https:\/\/ecsfalu.hu\/honlap\/hireink\/2010\/HVI.html#top\">2010.08.12.\u00a0HVI k\u0151zlem\u00e9ny<\/a><\/span><\/li>\n<li><span style=\"font-size: 10pt; font-family: arial, helvetica, sans-serif;\"><a href=\"https:\/\/ecsfalu.hu\/honlap\/hireink\/2010\/valasztas_1.html#top\">2010.07.09.\u00a0V\u00e1laszt\u00e1si k\u00f6zlem\u00e9ny<\/a><\/span><\/li>\n<li><span style=\"font-size: 10pt; font-family: arial, helvetica, sans-serif;\"><a href=\"https:\/\/ecsfalu.hu\/honlap\/hireink\/2010\/beiratkozas.html#top\">2010.03.10.\u00a0Beiratkoz\u00e1s<\/a><\/span><\/li>\n<li><span style=\"font-size: 10pt; font-family: arial, helvetica, sans-serif;\"><a href=\"https:\/\/ecsfalu.hu\/honlap\/hireink\/2010\/sirhely.html#top\">2010.01.05.\u00a0S\u00edrhely megv\u00e1lt\u00e1s<\/a><\/span><\/li>\n<\/ul>\n","protected":false},"excerpt":{"rendered":"<p>2023. 2023.12.17.\u00a0Egyh\u00e1zi h\u00edrek &#8211; Miserend v\u00e1ltoz\u00e1s az \u00fcnnepi id\u0151szakra 2023.12.17.\u00a0\u00dcnnepi nyitvatart\u00e1s &#8211; Szent Bal\u00e1zs Gy\u00f3gyszert\u00e1r \u00c9csi Fi\u00f3kpatika 2023.12.17.\u00a0\u00dcnnepi hullad\u00e9ksz\u00e1ll\u00edt\u00e1s 2023.12.11.\u00a0\u00c1ll\u00e1sp\u00e1ly\u00e1zat<\/p>\n","protected":false},"author":1,"featured_media":1171,"comment_status":"closed","ping_status":"open","sticky":false,"template":"","format":"standard","meta":{"colormag_page_container_layout":"default_layout","colormag_page_sidebar_layout":"default_layout","footnotes":""},"categories":[21],"tags":[313,314,315],"class_list":["post-1169","post","type-post","status-publish","format-standard","has-post-thumbnail","hentry","category-hirek","tag-ecs-falu-hirek-2023-es-regebbi-hirek","tag-hirarchivum","tag-hirarchivum-ecs"],"_links":{"self":[{"href":"https:\/\/ecsfalu.hu\/web\/wp-json\/wp\/v2\/posts\/1169","targetHints":{"allow":["GET"]}}],"collection":[{"href":"https:\/\/ecsfalu.hu\/web\/wp-json\/wp\/v2\/posts"}],"about":[{"href":"https:\/\/ecsfalu.hu\/web\/wp-json\/wp\/v2\/types\/post"}],"author":[{"embeddable":true,"href":"https:\/\/ecsfalu.hu\/web\/wp-json\/wp\/v2\/users\/1"}],"replies":[{"embeddable":true,"href":"https:\/\/ecsfalu.hu\/web\/wp-json\/wp\/v2\/comments?post=1169"}],"version-history":[{"count":1,"href":"https:\/\/ecsfalu.hu\/web\/wp-json\/wp\/v2\/posts\/1169\/revisions"}],"predecessor-version":[{"id":1170,"href":"https:\/\/ecsfalu.hu\/web\/wp-json\/wp\/v2\/posts\/1169\/revisions\/1170"}],"wp:featuredmedia":[{"embeddable":true,"href":"https:\/\/ecsfalu.hu\/web\/wp-json\/wp\/v2\/media\/1171"}],"wp:attachment":[{"href":"https:\/\/ecsfalu.hu\/web\/wp-json\/wp\/v2\/media?parent=1169"}],"wp:term":[{"taxonomy":"category","embeddable":true,"href":"https:\/\/ecsfalu.hu\/web\/wp-json\/wp\/v2\/categories?post=1169"},{"taxonomy":"post_tag","embeddable":true,"href":"https:\/\/ecsfalu.hu\/web\/wp-json\/wp\/v2\/tags?post=1169"}],"curies":[{"name":"wp","href":"https:\/\/api.w.org\/{rel}","templated":true}]}}