{"id":1383,"date":"2024-09-03T08:53:48","date_gmt":"2024-09-03T06:53:48","guid":{"rendered":"https:\/\/ecsfalu.hu\/web\/?p=1383"},"modified":"2025-03-31T14:07:49","modified_gmt":"2025-03-31T12:07:49","slug":"jelkepeink","status":"publish","type":"post","link":"https:\/\/ecsfalu.hu\/web\/jelkepeink\/","title":{"rendered":"Jelk\u00e9peink"},"content":{"rendered":"<p style=\"text-align: center;\"><span style=\"font-size: 24pt; font-family: arial, helvetica, sans-serif;\">K\u00f6zs\u00e9g\u00fcnk c\u00edmere<\/span><\/p>\n<div class=\"wp-block-image\">\n<div class=\"wp-block-image\">\n<div class=\"wp-block-image\"><img fetchpriority=\"high\" decoding=\"async\" class=\"wpa-warning wpa-image-missing-alt size-full wp-image-1187 aligncenter\" src=\"https:\/\/ecsfalu.hu\/web\/wp-content\/uploads\/2024\/05\/cimer.png\" alt=\"\" width=\"291\" height=\"271\" data-warning=\"Missing alt text\" \/><\/div>\n<\/div>\n<\/div>\n<p><span style=\"font-family: arial, helvetica, sans-serif;\">A k\u00f6zs\u00e9g c\u00edmer\u00e9nek le\u00edr\u00e1sa: \u00c1ll\u00f3 cs\u00fccsk\u00f6s talp\u00fa pajzs k\u00e9k mezej\u00e9nek term\u00e9szetes sz\u00edn\u0171 (barna) udvar\u00e1n a c\u00f6l\u00f6p hely\u00e9n arany b\u00fazak\u00e9ve \u00e1ll. T\u0151le jobbra \u00f6t\u00e1g\u00fa lev\u00e9llel \u00e9s v\u00f6r\u00f6s f\u00fcrttel sz\u0151l\u0151vessz\u0151 lebeg, t\u0151le balra ugyancsak sz\u0151l\u0151leveles, de aranybogy\u00f3j\u00fa f\u00fcrttel tal\u00e1lhat\u00f3 sz\u0151l\u0151f\u00fcrt.<\/span><\/p>\n<p><span style=\"font-family: arial, helvetica, sans-serif;\">A pajzsot k\u00e9t stiliz\u00e1lt bab\u00e9r\u00e1g fogja k\u00f6zre, amelyeknek sz\u00e1rai a pajzs cs\u00facsa alatt keresztezik egym\u00e1st. A pajzs fels\u0151 \u00e9le felett &#8211; a c\u00edmerhez heraldikailag szorosan nem tartoz\u00f3an &#8211; aranybet\u0171kkel a felirat: \u00c9CS.<\/span><\/p>\n","protected":false},"excerpt":{"rendered":"<p>K\u00f6zs\u00e9g\u00fcnk c\u00edmere A k\u00f6zs\u00e9g c\u00edmer\u00e9nek le\u00edr\u00e1sa: \u00c1ll\u00f3 cs\u00fccsk\u00f6s talp\u00fa pajzs k\u00e9k mezej\u00e9nek term\u00e9szetes sz\u00edn\u0171 (barna) udvar\u00e1n a c\u00f6l\u00f6p hely\u00e9n arany<\/p>\n","protected":false},"author":3,"featured_media":1187,"comment_status":"closed","ping_status":"open","sticky":false,"template":"","format":"standard","meta":{"colormag_page_container_layout":"default_layout","colormag_page_sidebar_layout":"default_layout","footnotes":""},"categories":[23],"tags":[165],"class_list":["post-1383","post","type-post","status-publish","format-standard","has-post-thumbnail","hentry","category-kozsegunkrol","tag-ecs-cimere"],"_links":{"self":[{"href":"https:\/\/ecsfalu.hu\/web\/wp-json\/wp\/v2\/posts\/1383","targetHints":{"allow":["GET"]}}],"collection":[{"href":"https:\/\/ecsfalu.hu\/web\/wp-json\/wp\/v2\/posts"}],"about":[{"href":"https:\/\/ecsfalu.hu\/web\/wp-json\/wp\/v2\/types\/post"}],"author":[{"embeddable":true,"href":"https:\/\/ecsfalu.hu\/web\/wp-json\/wp\/v2\/users\/3"}],"replies":[{"embeddable":true,"href":"https:\/\/ecsfalu.hu\/web\/wp-json\/wp\/v2\/comments?post=1383"}],"version-history":[{"count":4,"href":"https:\/\/ecsfalu.hu\/web\/wp-json\/wp\/v2\/posts\/1383\/revisions"}],"predecessor-version":[{"id":2808,"href":"https:\/\/ecsfalu.hu\/web\/wp-json\/wp\/v2\/posts\/1383\/revisions\/2808"}],"wp:featuredmedia":[{"embeddable":true,"href":"https:\/\/ecsfalu.hu\/web\/wp-json\/wp\/v2\/media\/1187"}],"wp:attachment":[{"href":"https:\/\/ecsfalu.hu\/web\/wp-json\/wp\/v2\/media?parent=1383"}],"wp:term":[{"taxonomy":"category","embeddable":true,"href":"https:\/\/ecsfalu.hu\/web\/wp-json\/wp\/v2\/categories?post=1383"},{"taxonomy":"post_tag","embeddable":true,"href":"https:\/\/ecsfalu.hu\/web\/wp-json\/wp\/v2\/tags?post=1383"}],"curies":[{"name":"wp","href":"https:\/\/api.w.org\/{rel}","templated":true}]}}