{"id":1613,"date":"2024-09-17T11:06:03","date_gmt":"2024-09-17T09:06:03","guid":{"rendered":"https:\/\/ecsfalu.hu\/web\/?p=1613"},"modified":"2025-10-14T09:57:06","modified_gmt":"2025-10-14T07:57:06","slug":"kozerdeku-adatok","status":"publish","type":"post","link":"https:\/\/ecsfalu.hu\/web\/kozerdeku-adatok\/","title":{"rendered":"K\u00f6z\u00e9rdek\u0171 adatok"},"content":{"rendered":"<p><strong><span style=\"font-family: arial, helvetica, sans-serif;\">1. Szervezeti, szem\u00e9lyzeti adatok<\/span><\/strong><\/p>\n<p style=\"padding-left: 40px;\"><strong><span style=\"font-family: arial, helvetica, sans-serif;\">1.1. Kapcsolat, szervezet, vezet\u0151k<\/span><\/strong><\/p>\n<p style=\"padding-left: 80px;\"><span style=\"font-family: arial, helvetica, sans-serif;\">I. K\u00f6zz\u00e9t\u00e9teli egys\u00e9g: El\u00e9rhet\u0151s\u00e9gi adatok<\/span><\/p>\n<p style=\"padding-left: 80px;\"><span style=\"font-family: arial, helvetica, sans-serif;\">II. K\u00f6zz\u00e9t\u00e9teli egys\u00e9g: A szervezeti strukt\u00fara<\/span><\/p>\n<p style=\"padding-left: 80px;\"><span style=\"font-family: arial, helvetica, sans-serif;\">III. K\u00f6zz\u00e9t\u00e9teli egys\u00e9g: A szerv vezet\u0151i<\/span><\/p>\n<p style=\"padding-left: 40px;\"><strong><span style=\"font-family: arial, helvetica, sans-serif;\">1.2. A fel\u00fcgyelt k\u00f6lts\u00e9gvet\u00e9si szervek<\/span><\/strong><\/p>\n<p style=\"padding-left: 80px;\"><span style=\"font-family: arial, helvetica, sans-serif;\">I. K\u00f6zz\u00e9t\u00e9teli egys\u00e9g: A szerv ir\u00e1ny\u00edt\u00e1sa, fel\u00fcgyelete vagy ellen\u0151rz\u00e9se alatt \u00e1ll\u00f3, vagy al\u00e1rendelts\u00e9g\u00e9ben m\u0171k\u00f6d\u0151 m\u00e1s k\u00f6zfeladatot ell\u00e1t\u00f3 szerv<\/span><\/p>\n<p style=\"padding-left: 120px;\"><span style=\"font-family: arial, helvetica, sans-serif;\">Nincs az \u00f6nkorm\u00e1nyzat ir\u00e1ny\u00edt\u00e1sa, fel\u00fcgyelete vagy ellen\u0151rz\u00e9se alatt \u00e1ll\u00f3, vagy al\u00e1rendelts\u00e9g\u00e9ben m\u0171k\u00f6d\u0151 m\u00e1s k\u00f6zfeladatot ell\u00e1t\u00f3 szerv.<\/span><br \/>\n<span style=\"font-family: arial, helvetica, sans-serif;\">Az \u00f6nkorm\u00e1nyzat \u00e1ltal alap\u00edtott k\u00f6lts\u00e9gvet\u00e9si szervek adatai az 1.7 pont alatt ker\u00fclnek r\u00e9szletez\u00e9sre.<\/span><\/p>\n<p style=\"padding-left: 40px;\"><strong><span style=\"font-family: arial, helvetica, sans-serif;\">1.3. Gazd\u00e1lkod\u00f3 szervezetek<\/span><\/strong><\/p>\n<p style=\"padding-left: 80px;\"><span style=\"font-family: arial, helvetica, sans-serif;\">I. K\u00f6zz\u00e9t\u00e9teli egys\u00e9g: A szerv tulajdon\u00e1ban \u00e1ll\u00f3 vagy r\u00e9szv\u00e9tel\u00e9vel m\u0171k\u00f6d\u0151 gazd\u00e1lkod\u00f3 szervezetek<\/span><\/p>\n<p style=\"padding-left: 120px;\"><span style=\"font-family: arial, helvetica, sans-serif;\">Nincs a szerv tulajdon\u00e1ban \u00e1ll\u00f3 vagy r\u00e9szv\u00e9tel\u00e9vel m\u0171k\u00f6d\u0151 gazd\u00e1lkod\u00f3 szervezet.<\/span><\/p>\n<p style=\"padding-left: 40px;\"><strong><span style=\"font-family: arial, helvetica, sans-serif;\">1.4. K\u00f6zalap\u00edtv\u00e1nyok<\/span><\/strong><\/p>\n<p style=\"padding-left: 80px;\"><span style=\"font-family: arial, helvetica, sans-serif;\">I. K\u00f6zz\u00e9t\u00e9teli egys\u00e9g: A szerv \u00e1ltal alap\u00edtott k\u00f6zalap\u00edtv\u00e1nyok<\/span><\/p>\n<p style=\"padding-left: 120px;\"><span style=\"font-family: arial, helvetica, sans-serif;\">Nincs a szerv \u00e1ltal alap\u00edtott k\u00f6zalap\u00edtv\u00e1ny.<\/span><\/p>\n<p style=\"padding-left: 40px;\"><strong><span style=\"font-family: arial, helvetica, sans-serif;\">1.5. Lapok<\/span><\/strong><\/p>\n<p style=\"padding-left: 80px;\"><span style=\"font-family: arial, helvetica, sans-serif;\">I. K\u00f6zz\u00e9t\u00e9teli egys\u00e9g: Lapok<\/span><\/p>\n<p style=\"padding-left: 120px;\"><span style=\"font-family: arial, helvetica, sans-serif;\">\u00c9cs Hangja<\/span><br \/>\n<a href=\"https:\/\/ecsfalu.hu\/honlap\/index.html\"><span style=\"font-family: arial, helvetica, sans-serif;\">https:\/\/ecsfalu.hu\/honlap\/index.html<\/span><\/a><\/p>\n<p style=\"padding-left: 40px;\"><strong><span style=\"font-family: arial, helvetica, sans-serif;\">1.6. Felettes, fel\u00fcgyeleti, t\u00f6rv\u00e9nyess\u00e9gi ellen\u0151rz\u00e9st vagy fel\u00fcgyeletet gyakorl\u00f3 szerv<\/span><\/strong><\/p>\n<p style=\"padding-left: 80px;\"><span style=\"font-family: arial, helvetica, sans-serif;\">I. K\u00f6zz\u00e9t\u00e9teli egys\u00e9g: Felettes, fel\u00fcgyeleti, t\u00f6rv\u00e9nyess\u00e9gi ellen\u0151rz\u00e9st vagy fel\u00fcgyeletet gyakorl\u00f3 szerv<\/span><\/p>\n<p style=\"padding-left: 120px;\"><span style=\"font-family: arial, helvetica, sans-serif;\">Gy\u0151r-Moson-Sopron Megyei Korm\u00e1nyhivatal<\/span><br \/>\n<span style=\"font-family: arial, helvetica, sans-serif;\">C\u00edm: 9021 Gy\u0151r, \u00c1rp\u00e1d \u00fat 32.<\/span><br \/>\n<span style=\"font-family: arial, helvetica, sans-serif;\">Telefonsz\u00e1m: +36 96 795 801<\/span><br \/>\n<a href=\"http:\/\/www.kormanyhivatal.hu\/hu\/gyor-moson-sopron\"><span style=\"font-family: arial, helvetica, sans-serif;\">http:\/\/www.kormanyhivatal.hu\/hu\/gyor-moson-sopron<\/span><\/a><br \/>\n<span style=\"font-family: arial, helvetica, sans-serif;\">Nyitvatart\u00e1s:<\/span><br \/>\n<span style=\"font-family: arial, helvetica, sans-serif;\">H\u00e9tf\u0151: 8:00-16:00, Kedd: 8:00-16:00<\/span><br \/>\n<span style=\"font-family: arial, helvetica, sans-serif;\">Szerda: 8:00-16:00, Cs\u00fct\u00f6rt\u00f6k: 8:00-16:00<\/span><br \/>\n<span style=\"font-family: arial, helvetica, sans-serif;\">P\u00e9ntek: 8:00-13:00, Szombat, Vas\u00e1rnap: z\u00e1rva<\/span><\/p>\n<p style=\"padding-left: 40px;\"><strong><span style=\"font-family: arial, helvetica, sans-serif;\">1.7. K\u00f6lts\u00e9gvet\u00e9si szervek<\/span><\/strong><\/p>\n<p style=\"padding-left: 80px;\"><span style=\"font-family: arial, helvetica, sans-serif;\">\u00c9csi Napraforg\u00f3 \u00d3voda \u00e9s B\u00f6lcs\u0151de<\/span><br \/>\n<span style=\"font-family: arial, helvetica, sans-serif;\">C\u00edm: 9083 \u00c9cs, Kossuth u. 38.<\/span><br \/>\n<span style=\"font-family: arial, helvetica, sans-serif;\">E-mail:ecsovoda[kukac]gmail[pont]com<\/span><br \/>\n<span style=\"font-family: arial, helvetica, sans-serif;\">F\u0151igazgat\u00f3: Pletli-Kocsis Gabriella<\/span><\/p>\n<p style=\"padding-left: 80px;\"><span style=\"font-family: arial, helvetica, sans-serif;\">Napraforg\u00f3 B\u00f6lcs\u0151de<\/span><br \/>\n<span style=\"font-family: arial, helvetica, sans-serif;\">C\u00edm: 9083 \u00c9cs, K\u00e1polna u. 14.<\/span><br \/>\n<span style=\"font-family: arial, helvetica, sans-serif;\">E-mail: ecsbolcsode[kukac]gmail[pont]com<\/span><br \/>\n<span style=\"font-family: arial, helvetica, sans-serif;\">Vezet\u0151i feladatokat ell\u00e1t\u00f3 kisgyermek nevel\u0151: Cziglern\u00e9 V\u00e9gh Hajnalka<\/span><\/p>\n<p><strong><span style=\"font-family: arial, helvetica, sans-serif;\">2. Tev\u00e9kenys\u00e9gre, m\u0171k\u00f6d\u00e9sre vonatkoz\u00f3 adatok<\/span><\/strong><\/p>\n<p style=\"padding-left: 40px;\"><span style=\"text-decoration: underline;\"><span style=\"font-family: arial, helvetica, sans-serif;\">I. K\u00f6zz\u00e9t\u00e9teli egys\u00e9g: A szerv alaptev\u00e9kenys\u00e9ge, feladat- \u00e9s hat\u00e1sk\u00f6re<\/span><\/span><\/p>\n<p style=\"padding-left: 80px;\"><a href=\"https:\/\/net.jogtar.hu\/jogszabaly?docid=a1100425.atv\"><span style=\"font-family: arial, helvetica, sans-serif;\">Magyarorsz\u00e1g Alapt\u00f6rv\u00e9nye<\/span><\/a><\/p>\n<p style=\"padding-left: 80px;\"><a href=\"https:\/\/ecsfalu.hu\/web\/wp-content\/uploads\/2024\/09\/Onkormanyzat-szervezeti-es-mukodesi-szabalyzat.pdf\"><span style=\"font-family: arial, helvetica, sans-serif;\">Az \u00f6nkorm\u00e1nyzat Szervezeti \u00e9s M\u0171k\u00f6d\u00e9si Szab\u00e1lyzata<\/span><\/a><\/p>\n<p style=\"padding-left: 80px;\"><a href=\"https:\/\/ecsfalu.hu\/web\/wp-content\/uploads\/2024\/09\/adatvedelmi-szabalyzat.pdf\"><span style=\"font-family: arial, helvetica, sans-serif;\">Adatv\u00e9delmi \u00e9s adatbiztons\u00e1gi szab\u00e1lyzat<\/span><\/a><\/p>\n<p style=\"padding-left: 80px;\"><a href=\"https:\/\/ecsfalu.hu\/web\/wp-content\/uploads\/2024\/09\/onkormanyzat_kotelezo_es_onkent_vallalt_feladatai_ECS.pdf\"><span style=\"font-family: arial, helvetica, sans-serif;\">Az \u00f6nkorm\u00e1nyzat \u00f6nk\u00e9nt v\u00e1llalt feladatai<\/span><\/a><\/p>\n<p style=\"padding-left: 80px;\"><a href=\"https:\/\/net.jogtar.hu\/jogszabaly?docid=a1100189.tv\"><span style=\"font-family: arial, helvetica, sans-serif;\">Magyarorsz\u00e1g helyi \u00f6nkorm\u00e1nyzatair\u00f3l sz\u00f3l\u00f3 2011. \u00e9vi CLXXXIX. t\u00f6rv\u00e9ny<\/span><\/a><\/p>\n<p style=\"padding-left: 80px;\"><a href=\"https:\/\/ecsfalu.hu\/web\/wp-content\/uploads\/2024\/09\/Ovoda_SZMSZ-2024.09.01.pdf\"><span style=\"font-family: arial, helvetica, sans-serif;\">\u00c9csi Napraforg\u00f3 \u00d3voda \u00e9s B\u00f6lcs\u0151de Szervezeti \u00e9s M\u0171k\u00f6d\u00e9si Szab\u00e1lyzata<\/span><\/a><\/p>\n<p style=\"padding-left: 40px;\"><span style=\"text-decoration: underline;\"><span style=\"font-family: arial, helvetica, sans-serif;\">II. K\u00f6zz\u00e9t\u00e9teli egys\u00e9g: A hat\u00f3s\u00e1gi \u00fcgyek int\u00e9z\u00e9s\u00e9nek rendj\u00e9vel kapcsolatos adatok<\/span><\/span><\/p>\n<p style=\"padding-left: 80px;\"><a href=\"https:\/\/ecsfalu.hu\/web\/wp-content\/uploads\/2024\/09\/kozerdeku-bejelentesek-panaszok-kezelesenek-eljarasrendje.pdf\"><span style=\"font-family: arial, helvetica, sans-serif;\">K\u00f6z\u00e9rdek\u0171 bejelent\u00e9sek, panaszok kezel\u00e9s\u00e9nek elj\u00e1r\u00e1srendje<\/span><\/a><\/p>\n<p style=\"padding-left: 80px;\"><a href=\"https:\/\/ecsfalu.hu\/web\/wp-content\/uploads\/2024\/09\/Ecsi-Kozos-Onkormanyzati-Hivatal-Ugyrendje-1.pdf\"><span style=\"font-family: arial, helvetica, sans-serif;\">\u00c9csi K\u00f6z\u00f6s \u00d6nkorm\u00e1nyzati Hivatal \u00dcgyrendje<\/span><\/a><\/p>\n<p style=\"padding-left: 80px;\"><a href=\"https:\/\/net.jogtar.hu\/jogszabaly?docid=a1600150.tv\"><span style=\"font-family: arial, helvetica, sans-serif;\">Az \u00e1ltal\u00e1nos k\u00f6zigazgat\u00e1si rendtart\u00e1sr\u00f3l sz\u00f3l\u00f3 2016. \u00e9vi CL. t\u00f6rv\u00e9ny<\/span><\/a><\/p>\n<p style=\"padding-left: 80px;\"><a href=\"https:\/\/mkogy.jogtar.hu\/jogszabaly?docid=99000093.TV\"><span style=\"font-family: arial, helvetica, sans-serif;\">Az illet\u00e9kekr\u0151l sz\u00f3l\u00f3 1990. \u00e9vi XCIII. t\u00f6rv\u00e9ny<\/span><\/a><\/p>\n<p style=\"padding-left: 80px;\"><span style=\"font-family: arial, helvetica, sans-serif;\">Elj\u00e1r\u00e1st megind\u00edt\u00f3 irat beny\u00fajt\u00e1s\u00e1ra szolg\u00e1l\u00f3 postac\u00edm:<\/span><\/p>\n<p style=\"padding-left: 120px; text-align: center;\"><strong><span style=\"font-family: arial, helvetica, sans-serif;\">\u00c9cs K\u00f6zs\u00e9gi \u00d6nkorm\u00e1nyzat<\/span><\/strong><br \/>\n<span style=\"font-family: arial, helvetica, sans-serif;\">9083 \u00c9cs, F\u0151 utca 94.<\/span><br \/>\n<span style=\"font-family: arial, helvetica, sans-serif;\">Tel.: 96\/473-168 <\/span><br \/>\n<span style=\"font-family: arial, helvetica, sans-serif;\">e-mail: <a href=\"mailto:ecs-hivatal@ecsfalu.hu\">e<\/a>cs-hivatal[kukac]ecsfalu[pont]hu<\/span><\/p>\n<p style=\"padding-left: 40px;\"><span style=\"text-decoration: underline;\"><span style=\"font-family: arial, helvetica, sans-serif;\">III. K\u00f6zz\u00e9t\u00e9teli egys\u00e9g: K\u00f6zszolg\u00e1ltat\u00e1sok<\/span><\/span><\/p>\n<p style=\"padding-left: 80px;\"><strong><em><span style=\"font-family: arial, helvetica, sans-serif;\">\u00c1ramszolg\u00e1ltat\u00f3: E.ON Zrt.<\/span><\/em><\/strong><\/p>\n<p style=\"padding-left: 120px;\"><span style=\"font-family: arial, helvetica, sans-serif;\">M\u0171szaki hibabejelent\u00e9s: Telefon: +36 80 533 533<\/span><\/p>\n<p style=\"padding-left: 80px;\"><strong><em><span style=\"font-family: arial, helvetica, sans-serif;\">V\u00edz, Csatorna: Pannon-V\u00edz Zrt.<\/span><\/em><\/strong><\/p>\n<p style=\"padding-left: 120px;\"><span style=\"font-family: arial, helvetica, sans-serif;\">Hibabejelent\u00e9s:<\/span><br \/>\n<span style=\"font-family: arial, helvetica, sans-serif;\">C\u00edm: 9082 Ny\u00fal, Kossuth Lajos utca 183.<\/span><br \/>\n<span style=\"font-family: arial, helvetica, sans-serif;\">Telefon: +36 96 364-071<\/span><br \/>\n<span style=\"font-family: arial, helvetica, sans-serif;\">\u00dcgyf\u00e9lfogad\u00e1s: h\u00e9tf\u0151, kedd \u00e9s cs\u00fct\u00f6rt\u00f6k: 7:00 &#8211; 13:00<\/span><\/p>\n<p style=\"padding-left: 80px;\"><strong><em><span style=\"font-family: arial, helvetica, sans-serif;\">G\u00e1zszolg\u00e1ltat\u00e1s: MVM Next Energiakereskedelmi Zrt.<\/span><\/em><\/strong><\/p>\n<p style=\"padding-left: 120px;\"><span style=\"font-family: arial, helvetica, sans-serif;\">\u00fcgyf\u00e9lszolg\u00e1lat: <\/span><br \/>\n<span style=\"font-family: arial, helvetica, sans-serif;\">9024 Gy\u0151r, Wessel\u00e9nyi utca 6. <\/span><br \/>\n<span style=\"font-family: arial, helvetica, sans-serif;\">(Leier City Center &#8211; Arzen\u00e1l Irodah\u00e1z, f\u00f6ldszint)<\/span><br \/>\n<span style=\"font-family: arial, helvetica, sans-serif;\">K\u00f6zm\u0171 egyeztet\u00e9s, tervt\u00e1r nyitva tart\u00e1sa: <\/span><br \/>\n<span style=\"font-family: arial, helvetica, sans-serif;\">Kedd, Cs\u00fct\u00f6rt\u00f6k 8:00 \u2013 12:00<\/span><br \/>\n<span style=\"font-family: arial, helvetica, sans-serif;\">9027 Gy\u0151r, Pusk\u00e1s T. u. 37.<\/span><br \/>\n<span style=\"font-family: arial, helvetica, sans-serif;\">Hibabejelent\u0151: 06 80 820 141, 06 80 440 141<\/span><br \/>\n<span style=\"font-family: arial, helvetica, sans-serif;\">\u00c9jjel-nappal h\u00edvhat\u00f3 z\u00f6ld sz\u00e1m.<\/span><\/p>\n<p>&nbsp;<\/p>\n<p style=\"padding-left: 80px;\"><strong><em><span style=\"font-family: arial, helvetica, sans-serif;\">Hullad\u00e9ksz\u00e1ll\u00edt\u00e1s: Gy\u0151ri Hullad\u00e9kgazd\u00e1lkod\u00e1si Nonprofit Kft.<\/span><\/em><\/strong><\/p>\n<p style=\"padding-left: 120px;\"><span style=\"font-family: arial, helvetica, sans-serif;\">Bart\u00f3k B\u00e9la \u00fati \u00fcgyf\u00e9lszolg\u00e1lat:<\/span><br \/>\n<a href=\"https:\/\/www.gyhg.hu\"><span style=\"font-family: arial, helvetica, sans-serif;\">https:\/\/www.gyhg.hu<\/span><\/a><br \/>\n<span style=\"font-family: arial, helvetica, sans-serif;\">C\u00edm: 9023 Gy\u0151r, Bart\u00f3k B\u00e9la \u00fat 29.<\/span><br \/>\n<span style=\"font-family: arial, helvetica, sans-serif;\">E-mail: info[kukac]gyhg[pont]hu<\/span><\/p>\n<p style=\"padding-left: 120px;\"><span style=\"font-family: arial, helvetica, sans-serif;\">ETO parki \u00fcgyf\u00e9lszolg\u00e1lat:<\/span><br \/>\n<span style=\"font-family: arial, helvetica, sans-serif;\">C\u00edm: 9027 Gy\u0151r, Nagys\u00e1ndor J\u00f3zsef u. 31. ETO Park 1. emelet, szolg\u00e1ltat\u00f3 negyed<\/span><br \/>\n<span style=\"font-family: arial, helvetica, sans-serif;\">E-mail: info[kukac]gyhg[pont]hu <\/span><br \/>\n<span style=\"font-family: arial, helvetica, sans-serif;\">Telefonos \u00fcgyf\u00e9lszolg\u00e1lat: +36 1 776 7777<\/span><\/p>\n<p style=\"padding-left: 80px;\"><strong><em><span style=\"font-family: arial, helvetica, sans-serif;\">Hullad\u00e9kudvar &#8211; \u00c9cs<\/span><\/em><\/strong><\/p>\n<p style=\"padding-left: 120px;\"><span style=\"font-family: arial, helvetica, sans-serif;\">C\u00edm: 9083 \u00c9cs, T\u00f3 \u00fat (a szennyv\u00edztiszt\u00edt\u00f3hoz bevezet\u0151 \u00fat elej\u00e9n)<\/span><br \/>\n<span style=\"font-family: arial, helvetica, sans-serif;\">Ny\u00e1ri nyitvatart\u00e1s: Szerda 09:00 &#8211; 18:00, Vas\u00e1rnap 12:30 &#8211; 14:30<\/span><\/p>\n<p style=\"padding-left: 80px;\"><strong><em><span style=\"font-family: arial, helvetica, sans-serif;\">T\u00f6megk\u00f6zleked\u00e9s: Vol\u00e1nbusz Zrt.<\/span><\/em><\/strong><\/p>\n<p style=\"padding-left: 120px;\"><span style=\"font-family: arial, helvetica, sans-serif;\">Web: <a href=\"https:\/\/www.volanbusz.hu\/\">https:\/\/www.volanbusz.hu\/<\/a><\/span><\/p>\n<p style=\"padding-left: 40px;\"><span style=\"text-decoration: underline;\"><span style=\"font-family: arial, helvetica, sans-serif;\">IV. K\u00f6zz\u00e9t\u00e9teli egys\u00e9g: A szerv nyilv\u00e1ntart\u00e1sai<\/span><\/span><\/p>\n<p style=\"padding-left: 80px;\"><span style=\"font-family: arial, helvetica, sans-serif;\">A szerv nyilv\u00e1ntart\u00e1sai (let\u00f6lthet\u0151 dokumentumok)<\/span><\/p>\n<p style=\"padding-left: 80px;\"><a href=\"https:\/\/mkogy.jogtar.hu\/jogszabaly?docid=a1100112.TV\"><span style=\"font-family: arial, helvetica, sans-serif;\">Az inform\u00e1ci\u00f3s \u00f6nrendelkez\u00e9si jogr\u00f3l \u00e9s az inform\u00e1ci\u00f3szabads\u00e1gr\u00f3l sz\u00f3l\u00f3 2011. \u00e9vi CXII. t\u00f6rv\u00e9ny<\/span><\/a><\/p>\n<p style=\"padding-left: 40px;\"><span style=\"text-decoration: underline;\"><span style=\"font-family: arial, helvetica, sans-serif;\">V. K\u00f6zz\u00e9t\u00e9teli egys\u00e9g: Nyilv\u00e1nos kiadv\u00e1nyok<\/span><\/span><\/p>\n<p style=\"padding-left: 80px;\"><a href=\"https:\/\/ecsfalu.hu\/web\/ecs-hangja\/\"><span style=\"font-family: arial, helvetica, sans-serif;\">Kattintson ide \u00c9cs Hangja sz\u00e1mainak let\u00f6lt\u00e9s\u00e9hez<\/span><\/a><\/p>\n<p style=\"padding-left: 80px;\"><a href=\"https:\/\/ecsfalu.hu\/web\/kiadvanyaink\/\"><span style=\"font-family: arial, helvetica, sans-serif;\">Kattintson ide a k\u00f6nyvek\/kiadv\u00e1nyok let\u00f6lt\u00e9s\u00e9hez<\/span><\/a><\/p>\n<p style=\"padding-left: 40px;\"><span style=\"text-decoration: underline;\"><span style=\"font-family: arial, helvetica, sans-serif;\">VI. K\u00f6zz\u00e9t\u00e9teli egys\u00e9g: D\u00f6nt\u00e9shozatal, \u00fcl\u00e9sek<\/span><\/span><\/p>\n<p style=\"padding-left: 80px;\"><a href=\"https:\/\/ecsfalu.hu\/web\/wp-content\/uploads\/2024\/09\/Onkormanyzat-szervezeti-es-mukodesi-szabalyzat.pdf\"><span style=\"font-family: arial, helvetica, sans-serif;\">Az \u00f6nkorm\u00e1nyzat Szervezeti \u00e9s M\u0171k\u00f6d\u00e9si Szab\u00e1lyzata<\/span><\/a><br \/>\n<span style=\"font-family: arial, helvetica, sans-serif;\">A k\u00e9pvisel\u0151-test\u00fcleti \u00fcl\u00e9sek el\u0151terjeszt\u00e9sei<\/span><br \/>\n<span style=\"font-family: arial, helvetica, sans-serif;\">A k\u00e9pvisel\u0151-test\u00fcleti \u00fcl\u00e9sek jegyz\u0151k\u00f6nyvei<\/span><br \/>\n<span style=\"font-family: arial, helvetica, sans-serif;\">A bizotts\u00e1gi \u00fcl\u00e9sek jegyz\u0151k\u00f6nyvei<\/span><\/p>\n<p style=\"padding-left: 40px;\"><span style=\"text-decoration: underline;\"><span style=\"font-family: arial, helvetica, sans-serif;\">VII. K\u00f6zz\u00e9t\u00e9teli egys\u00e9g: A szerv d\u00f6nt\u00e9sei, koncepci\u00f3k, tervezetek, javaslatok, szab\u00e1lyzatok<\/span><\/span><\/p>\n<p style=\"padding-left: 80px;\"><a href=\"https:\/\/ecsfalu.hu\/web\/wp-content\/uploads\/2024\/09\/20180406_Ecs.Telepules.Arculati.Kezikonyv.pdf\"><span style=\"font-family: arial, helvetica, sans-serif;\">Telep\u00fcl\u00e9sk\u00e9pi arculati k\u00e9zik\u00f6nyv<\/span><\/a><br \/>\n<a href=\"https:\/\/ecsfalu.hu\/web\/wp-content\/uploads\/2024\/09\/20210705_Telepulesfejlesztesi.Koncepcio.Es_.Tervezesi.Program.pdf\"><span style=\"font-family: arial, helvetica, sans-serif;\">Telep\u00fcl\u00e9sfejleszt\u00e9si koncepci\u00f3 \u00e9s tervez\u00e9si program<\/span><\/a><br \/>\n<a href=\"https:\/\/ecsfalu.hu\/web\/wp-content\/uploads\/2024\/09\/20180406_Ecs_6-2018-II-01_Telepuleskepi.Rendelet.pdf\"><span style=\"font-family: arial, helvetica, sans-serif;\">Telep\u00fcl\u00e9sk\u00e9pi Rendelet <\/span><\/a><br \/>\n<a href=\"https:\/\/ecsfalu.hu\/web\/wp-content\/uploads\/2024\/09\/Rendelet.A.Helyi_.Epitesi.Szabalyzatrol.pdf\"><span style=\"font-family: arial, helvetica, sans-serif;\">Helyi \u00c9p\u00edt\u00e9si Szab\u00e1lyzat<\/span><\/a><br \/>\n<a href=\"https:\/\/ecsfalu.hu\/web\/wp-content\/uploads\/2024\/09\/20180406_Partnersegi.Rendelet_2018.pdf\"><span style=\"font-family: arial, helvetica, sans-serif;\">Partners\u00e9gi rendelet<\/span><\/a><br \/>\n<a href=\"https:\/\/ecsfalu.hu\/web\/wp-content\/uploads\/2024\/09\/20210630_Szabalyozasi.Es_.Ovezeti.Terv_.pdf\"><span style=\"font-family: arial, helvetica, sans-serif;\">Szab\u00e1lyoz\u00e1si terv<\/span><\/a><br \/>\n<a href=\"https:\/\/ecsfalu.hu\/web\/wp-content\/uploads\/2024\/09\/iratkezelesi-szabalyzat.pdf\"><span style=\"font-family: arial, helvetica, sans-serif;\">Iratkezel\u00e9si Szab\u00e1lyzat <\/span><\/a><br \/>\n<a href=\"https:\/\/ecsfalu.hu\/web\/wp-content\/uploads\/2024\/03\/HEP_Ecs.pdf\"><span style=\"font-family: arial, helvetica, sans-serif;\">Helyi Es\u00e9lyegyenl\u0151s\u00e9gi Program<\/span><\/a><br \/>\n<span style=\"font-family: arial, helvetica, sans-serif;\">K\u00e9pvisel\u0151-test\u00fcleti hat\u00e1rozatok<\/span><br \/>\n<a href=\"https:\/\/or.njt.hu\/onkorm\/1:-:3122:-:-:1:-:1:-\/1\/50\"><span style=\"font-family: arial, helvetica, sans-serif;\">\u00d6nkorm\u00e1nyzati rendeletek<\/span><\/a><br \/>\n<span style=\"font-family: arial, helvetica, sans-serif;\">Szab\u00e1lyzatok<\/span><\/p>\n<p style=\"padding-left: 40px;\"><span style=\"text-decoration: underline;\"><span style=\"font-family: arial, helvetica, sans-serif;\">VIII. K\u00f6zz\u00e9t\u00e9teli egys\u00e9g: P\u00e1ly\u00e1zatok<\/span><\/span><\/p>\n<p style=\"padding-left: 80px;\"><a href=\"https:\/\/ecsfalu.hu\/web\/category\/palyazatok\/\"><span style=\"font-family: arial, helvetica, sans-serif;\">Kattintson ide a megtekint\u00e9shez<\/span><\/a><\/p>\n<p style=\"padding-left: 40px;\"><span style=\"text-decoration: underline;\"><span style=\"font-family: arial, helvetica, sans-serif;\">IX. K\u00f6zz\u00e9t\u00e9teli egys\u00e9g: Hirdetm\u00e9nyek<\/span><\/span><\/p>\n<p style=\"padding-left: 80px;\"><span style=\"font-family: arial, helvetica, sans-serif;\">Kattintson ide a megtekint\u00e9shez<\/span><\/p>\n<p style=\"padding-left: 40px;\"><span style=\"text-decoration: underline;\"><span style=\"font-family: arial, helvetica, sans-serif;\">X. K\u00f6zz\u00e9t\u00e9teli egys\u00e9g: K\u00f6z\u00e9rdek\u0171 adatok ig\u00e9nyl\u00e9se<\/span><\/span><\/p>\n<p style=\"padding-left: 80px;\"><a href=\"https:\/\/ecsfalu.hu\/web\/wp-content\/uploads\/2024\/09\/kozerdeku_adatok_igenylese_nyomtatvany-1.pdf\"><span style=\"font-family: arial, helvetica, sans-serif;\">K\u00f6z\u00e9rdek\u0171 adatok ig\u00e9nyl\u00e9se nyomtatv\u00e1ny<\/span><\/a><\/p>\n<p style=\"padding-left: 40px;\"><span style=\"text-decoration: underline;\"><span style=\"font-family: arial, helvetica, sans-serif;\">XI. K\u00f6zz\u00e9t\u00e9teli egys\u00e9g: K\u00f6zz\u00e9t\u00e9teli list\u00e1k<\/span><\/span><\/p>\n<p style=\"padding-left: 80px;\"><span style=\"font-family: arial, helvetica, sans-serif;\">Nincs az \u00f6nkorm\u00e1nyzatra vonatkoz\u00f3 k\u00fcl\u00f6n\u00f6s \u00e9s egyedi k\u00f6zz\u00e9t\u00e9teli lista.<\/span><\/p>\n<p style=\"padding-left: 40px;\"><span style=\"font-family: arial, helvetica, sans-serif;\"><span style=\"text-decoration: underline;\">XII. K\u00f6zz\u00e9t\u00e9teli egys\u00e9g:<\/span> A k\u00f6z\u00e9rdek\u0171 adatokkal kapcsolatos k\u00f6telez\u0151 statisztikai adatszolg\u00e1ltat\u00e1s adott szervre vonatkoz\u00f3 adatai<\/span><\/p>\n<p><strong><span style=\"font-family: arial, helvetica, sans-serif;\">3. Gazd\u00e1lkod\u00e1si adatok<\/span><\/strong><\/p>\n<p style=\"padding-left: 40px;\"><em><strong><span style=\"font-family: arial, helvetica, sans-serif;\">3.1. A m\u0171k\u00f6d\u00e9s t\u00f6rv\u00e9nyess\u00e9ge, ellen\u0151rz\u00e9sek<\/span><\/strong><\/em><\/p>\n<p style=\"padding-left: 80px;\"><span style=\"font-family: arial, helvetica, sans-serif;\"><span style=\"text-decoration: underline;\">I. K\u00f6zz\u00e9t\u00e9teli egys\u00e9g: Vizsg\u00e1latok, ellen\u0151rz\u00e9sek list\u00e1ja<\/span><\/span><\/p>\n<p style=\"padding-left: 120px;\"><a href=\"https:\/\/ecsfalu.hu\/web\/wp-content\/uploads\/2024\/09\/belso-ellenorzes-osszefoglalo-jelentes-2023.pdf\"><span style=\"font-family: arial, helvetica, sans-serif;\">Bels\u0151 ellen\u0151rz\u00e9si \u00f6sszefoglal\u00f3 jelent\u00e9s<\/span><\/a><\/p>\n<p style=\"padding-left: 80px;\"><span style=\"text-decoration: underline;\"><span style=\"font-family: arial, helvetica, sans-serif;\">II. K\u00f6zz\u00e9t\u00e9teli egys\u00e9g: Az \u00c1llami Sz\u00e1mvev\u0151sz\u00e9k ellen\u0151rz\u00e9sei<\/span><\/span><\/p>\n<p style=\"padding-left: 80px;\"><span style=\"text-decoration: underline;\"><span style=\"font-family: arial, helvetica, sans-serif;\">III. K\u00f6zz\u00e9t\u00e9teli egys\u00e9g: Egy\u00e9b ellen\u0151rz\u00e9sek, vizsg\u00e1latok<\/span><\/span><\/p>\n<p style=\"padding-left: 120px;\"><a href=\"https:\/\/ecsfalu.hu\/web\/wp-content\/uploads\/2024\/09\/intezmenyi-gyermeketkeztetes.pdf\"><span style=\"font-family: arial, helvetica, sans-serif;\">Jegyz\u0151k\u00f6nyv telep\u00fcl\u00e9si \u00f6nkorm\u00e1nyzatok szoci\u00e1lis \u00e9s gyermekj\u00f3l\u00e9ti \u00e9s gyermek\u00e9tkeztet\u00e9si feladatainak t\u00e1mogat\u00e1sa ellen\u0151rz\u00e9s\u00e9r\u0151l<\/span><\/a><\/p>\n<p style=\"padding-left: 80px;\"><span style=\"text-decoration: underline;\"><span style=\"font-family: arial, helvetica, sans-serif;\">IV. K\u00f6zz\u00e9t\u00e9teli egys\u00e9g: A m\u0171k\u00f6d\u00e9s eredm\u00e9nyess\u00e9ge, teljes\u00edtm\u00e9ny<\/span><\/span><\/p>\n<p style=\"padding-left: 80px;\"><span style=\"text-decoration: underline;\"><span style=\"font-family: arial, helvetica, sans-serif;\">V. K\u00f6zz\u00e9t\u00e9teli egys\u00e9g: M\u0171k\u00f6d\u00e9si statisztika<\/span><\/span><\/p>\n<p style=\"padding-left: 40px;\"><em><strong><span style=\"font-family: arial, helvetica, sans-serif;\">3.2. K\u00f6lts\u00e9gvet\u00e9sek, besz\u00e1mol\u00f3k<\/span><\/strong><\/em><\/p>\n<p style=\"padding-left: 80px;\"><span style=\"text-decoration: underline;\"><span style=\"font-family: arial, helvetica, sans-serif;\">I. K\u00f6zz\u00e9t\u00e9teli egys\u00e9g: \u00c9ves k\u00f6lts\u00e9gvet\u00e9sek<\/span><\/span><\/p>\n<p style=\"padding-left: 120px;\"><span style=\"font-family: arial, helvetica, sans-serif;\">\u2022 <a href=\"https:\/\/ecsfalu.hu\/web\/wp-content\/uploads\/2024\/09\/koltsegvetesi-rendelet-2024.evi_.pdf\">K\u00f6lts\u00e9gvet\u00e9si rendelet 2022<\/a><\/span><\/p>\n<p style=\"padding-left: 80px;\"><span style=\"text-decoration: underline;\"><span style=\"font-family: arial, helvetica, sans-serif;\">II. K\u00f6zz\u00e9t\u00e9teli egys\u00e9g: Sz\u00e1mviteli besz\u00e1mol\u00f3k<\/span><\/span><\/p>\n<p style=\"padding-left: 120px;\"><span style=\"font-family: arial, helvetica, sans-serif;\">\u2022<a href=\"https:\/\/ecsfalu.hu\/web\/wp-content\/uploads\/2024\/09\/Eves-koltsegvetesi-beszamolo_2023evi.pdf\"> \u00c9ves k\u00f6lts\u00e9gvet\u00e9si besz\u00e1mol\u00f3 2022<\/a><\/span><\/p>\n<p style=\"padding-left: 80px;\"><span style=\"text-decoration: underline;\"><span style=\"font-family: arial, helvetica, sans-serif;\">III. K\u00f6zz\u00e9t\u00e9teli egys\u00e9g: A k\u00f6lts\u00e9gvet\u00e9s v\u00e9grehajt\u00e1sa<\/span><\/span><\/p>\n<p style=\"padding-left: 120px;\"><span style=\"font-family: arial, helvetica, sans-serif;\">\u2022 <a href=\"https:\/\/ecsfalu.hu\/web\/wp-content\/uploads\/2024\/09\/zarszamadasi-rendelet-az-onkormanyzat-2023.-evi-koltsegvetesenek-vegrehajtasarol.pdf\">2022. \u00e9vi k\u00f6lts\u00e9gvet\u00e9s z\u00e1rsz\u00e1mad\u00e1s\u00e1r\u00f3l \u00e9s a p\u00e9nzmaradv\u00e1ny j\u00f3v\u00e1hagy\u00e1s\u00e1r\u00f3l<\/a><\/span><\/p>\n<p style=\"padding-left: 40px;\"><em><strong><span style=\"font-family: arial, helvetica, sans-serif;\">3.3. K\u00f6lts\u00e9gvet\u00e9sek, besz\u00e1mol\u00f3k<\/span><\/strong><\/em><\/p>\n<p style=\"padding-left: 80px;\"><span style=\"text-decoration: underline;\"><span style=\"font-family: arial, helvetica, sans-serif;\">I. K\u00f6zz\u00e9t\u00e9teli egys\u00e9g: A foglalkoztatottak<\/span><\/span><\/p>\n<p style=\"padding-left: 120px;\"><a href=\"https:\/\/ecsfalu.hu\/web\/wp-content\/uploads\/2024\/09\/letszamkeret-2023.evi_.pdf\"><span style=\"font-family: arial, helvetica, sans-serif;\">Foglalkoztatottak 2022<\/span><\/a><\/p>\n<p style=\"padding-left: 80px;\"><span style=\"text-decoration: underline;\"><span style=\"font-family: arial, helvetica, sans-serif;\">II. K\u00f6zz\u00e9t\u00e9teli egys\u00e9g: T\u00e1mogat\u00e1sok<\/span><\/span><\/p>\n<p style=\"padding-left: 120px;\"><a href=\"https:\/\/ecsfalu.hu\/web\/wp-content\/uploads\/2024\/09\/celjelleggel-juttatott-tamogatasok-2023.pdf\"><span style=\"font-family: arial, helvetica, sans-serif;\">C\u00e9ljelleggel juttatott t\u00e1mogat\u00e1sok 2022<\/span><\/a><\/p>\n<p style=\"padding-left: 80px;\"><span style=\"text-decoration: underline;\"><span style=\"font-family: arial, helvetica, sans-serif;\">III. K\u00f6zz\u00e9t\u00e9teli egys\u00e9g: Szerz\u0151d\u00e9sek<\/span><\/span><\/p>\n<ul>\n<li style=\"list-style-type: none;\">\n<ul>\n<li style=\"list-style-type: none;\">\n<ul>\n<li><a href=\"https:\/\/ecsfalu.hu\/web\/wp-content\/uploads\/2024\/09\/Pannon-viz_szerzodes.pdf\"><span style=\"font-family: arial, helvetica, sans-serif;\">\u00a0Pannon-V\u00edz &#8211; Vagyonkezel\u00e9si Szerz\u0151d\u00e9s<\/span><\/a><\/li>\n<li><span style=\"font-family: arial, helvetica, sans-serif;\">\u00a0<a href=\"https:\/\/ecsfalu.hu\/web\/wp-content\/uploads\/2024\/09\/szerzodesek_onkormanyzat.pdf\">Szerz\u0151d\u00e9sek &#8211; \u00d6nkorm\u00e1nyzat<\/a><\/span><\/li>\n<li><span style=\"font-family: arial, helvetica, sans-serif;\">\u00a0<a href=\"https:\/\/ecsfalu.hu\/web\/wp-content\/uploads\/2024\/09\/szerzodesek_ovoda.pdf\">Szerz\u0151d\u00e9sek &#8211; \u00d3voda, B\u00f6lcs\u0151de<\/a><\/span><\/li>\n<\/ul>\n<\/li>\n<\/ul>\n<\/li>\n<\/ul>\n<p style=\"padding-left: 80px;\"><span style=\"text-decoration: underline;\"><span style=\"font-family: arial, helvetica, sans-serif;\">IV. K\u00f6zz\u00e9t\u00e9teli egys\u00e9g: Koncesszi\u00f3k<\/span><\/span><\/p>\n<p style=\"padding-left: 120px;\"><span style=\"font-family: arial, helvetica, sans-serif;\">Az \u00f6nkorm\u00e1nyzatn\u00e1l \u00e9s a hivataln\u00e1l nem keletkezik ebben a k\u00f6zz\u00e9t\u00e9teli egys\u00e9gben relev\u00e1ns inform\u00e1ci\u00f3.<\/span><\/p>\n<p style=\"padding-left: 80px;\"><span style=\"text-decoration: underline;\"><span style=\"font-family: arial, helvetica, sans-serif;\">V. K\u00f6zz\u00e9t\u00e9teli egys\u00e9g: Egy\u00e9b kifizet\u00e9sek<\/span><\/span><\/p>\n<p style=\"padding-left: 80px;\"><span style=\"text-decoration: underline;\"><span style=\"font-family: arial, helvetica, sans-serif;\">VI. K\u00f6zz\u00e9t\u00e9teli egys\u00e9g: Eur\u00f3pai Uni\u00f3 \u00e1ltal t\u00e1mogatott fejleszt\u00e9sek<\/span><\/span><\/p>\n<p style=\"padding-left: 80px;\"><span style=\"text-decoration: underline;\"><span style=\"font-family: arial, helvetica, sans-serif;\">VII. K\u00f6zz\u00e9t\u00e9teli egys\u00e9g: K\u00f6zbeszerz\u00e9s<\/span><\/span><\/p>\n<ul>\n<li style=\"list-style-type: none;\">\n<ul>\n<li style=\"list-style-type: none;\">\n<ul>\n<li><a href=\"https:\/\/ecsfalu.hu\/web\/wp-content\/uploads\/2024\/09\/2024-evi-kozbeszerzesi-terv.pdf\"><span style=\"font-family: arial, helvetica, sans-serif;\">\u00a0K\u00f6zbeszerz\u00e9si terv 2024<\/span><\/a><\/li>\n<li><span style=\"font-family: arial, helvetica, sans-serif;\">\u00a0<a href=\"https:\/\/ecsfalu.hu\/web\/wp-content\/uploads\/2024\/09\/kozbeszerzesi-es-beszerzesi-szabalyzat.pdf\">K\u00f6zbeszerz\u00e9si szab\u00e1lyzat \u00f6nkorm\u00e1nyzat<\/a><\/span><\/li>\n<\/ul>\n<\/li>\n<\/ul>\n<\/li>\n<\/ul>\n","protected":false},"excerpt":{"rendered":"<p>1. Szervezeti, szem\u00e9lyzeti adatok 1.1. Kapcsolat, szervezet, vezet\u0151k I. K\u00f6zz\u00e9t\u00e9teli egys\u00e9g: El\u00e9rhet\u0151s\u00e9gi adatok II. K\u00f6zz\u00e9t\u00e9teli egys\u00e9g: A szervezeti strukt\u00fara III.<\/p>\n","protected":false},"author":3,"featured_media":0,"comment_status":"closed","ping_status":"open","sticky":false,"template":"","format":"standard","meta":{"colormag_page_container_layout":"default_layout","colormag_page_sidebar_layout":"default_layout","footnotes":""},"categories":[321],"tags":[],"class_list":["post-1613","post","type-post","status-publish","format-standard","hentry","category-kozerdeku-adatok"],"_links":{"self":[{"href":"https:\/\/ecsfalu.hu\/web\/wp-json\/wp\/v2\/posts\/1613","targetHints":{"allow":["GET"]}}],"collection":[{"href":"https:\/\/ecsfalu.hu\/web\/wp-json\/wp\/v2\/posts"}],"about":[{"href":"https:\/\/ecsfalu.hu\/web\/wp-json\/wp\/v2\/types\/post"}],"author":[{"embeddable":true,"href":"https:\/\/ecsfalu.hu\/web\/wp-json\/wp\/v2\/users\/3"}],"replies":[{"embeddable":true,"href":"https:\/\/ecsfalu.hu\/web\/wp-json\/wp\/v2\/comments?post=1613"}],"version-history":[{"count":15,"href":"https:\/\/ecsfalu.hu\/web\/wp-json\/wp\/v2\/posts\/1613\/revisions"}],"predecessor-version":[{"id":3603,"href":"https:\/\/ecsfalu.hu\/web\/wp-json\/wp\/v2\/posts\/1613\/revisions\/3603"}],"wp:attachment":[{"href":"https:\/\/ecsfalu.hu\/web\/wp-json\/wp\/v2\/media?parent=1613"}],"wp:term":[{"taxonomy":"category","embeddable":true,"href":"https:\/\/ecsfalu.hu\/web\/wp-json\/wp\/v2\/categories?post=1613"},{"taxonomy":"post_tag","embeddable":true,"href":"https:\/\/ecsfalu.hu\/web\/wp-json\/wp\/v2\/tags?post=1613"}],"curies":[{"name":"wp","href":"https:\/\/api.w.org\/{rel}","templated":true}]}}