{"id":1750,"date":"2024-09-23T13:37:29","date_gmt":"2024-09-23T11:37:29","guid":{"rendered":"https:\/\/ecsfalu.hu\/web\/?p=1750"},"modified":"2024-09-23T20:20:42","modified_gmt":"2024-09-23T18:20:42","slug":"kulteruleti-helyi-kozutak-fejlesztese-vp6-7-2-1-1-21","status":"publish","type":"post","link":"https:\/\/ecsfalu.hu\/web\/kulteruleti-helyi-kozutak-fejlesztese-vp6-7-2-1-1-21\/","title":{"rendered":"K\u00fclter\u00fcleti helyi k\u00f6zutak fejleszt\u00e9se, VP6-7.2.1.1-21"},"content":{"rendered":"<div class=\"wp-block-image\" style=\"text-align: justify;\"><span style=\"font-family: arial, helvetica, sans-serif;\"><img fetchpriority=\"high\" decoding=\"async\" class=\"wpa-warning wpa-image-missing-alt wp-image-1736 size-full aligncenter\" src=\"https:\/\/ecsfalu.hu\/web\/wp-content\/uploads\/2024\/09\/videkfejlesztes_logo_small-2.jpg\" alt=\"\" width=\"600\" height=\"167\" data-warning=\"Missing alt text\" srcset=\"https:\/\/ecsfalu.hu\/web\/wp-content\/uploads\/2024\/09\/videkfejlesztes_logo_small-2.jpg 600w, https:\/\/ecsfalu.hu\/web\/wp-content\/uploads\/2024\/09\/videkfejlesztes_logo_small-2-300x84.jpg 300w\" sizes=\"(max-width: 600px) 100vw, 600px\" \/><\/span><\/div>\n<div style=\"text-align: justify;\"><\/div>\n<div style=\"text-align: justify;\">\n<p><span style=\"font-family: arial, helvetica, sans-serif;\"><strong>Kedvezm\u00e9nyezett neve:<\/strong> \u00c9cs K\u00f6zs\u00e9gi \u00d6nkorm\u00e1nyzat<\/span><\/p>\n<p><span style=\"font-family: arial, helvetica, sans-serif;\"><strong>P\u00e1ly\u00e1zati felh\u00edv\u00e1s neve, k\u00f3dja:<\/strong> K\u00fclter\u00fcleti helyi k\u00f6zutak fejleszt\u00e9se, VP6-7.2.1.1-21<\/span><\/p>\n<p><span style=\"font-family: arial, helvetica, sans-serif;\"><strong>Projekt c\u00edme:<\/strong> K\u00fclter\u00fcleti f\u00f6ld\u00fat burkolat meger\u0151s\u00edt\u00e9se \u00c9csen<\/span><\/p>\n<p><span style=\"font-family: arial, helvetica, sans-serif;\"><strong>Projekt azonos\u00edt\u00f3 sz\u00e1ma:<\/strong> 3300925420<\/span><\/p>\n<p><span style=\"font-family: arial, helvetica, sans-serif;\"><strong>Szerz\u0151d\u00f6tt t\u00e1mogat\u00e1s \u00f6sszege:<\/strong> 20.567.834 Ft<\/span><\/p>\n<p><span style=\"font-family: arial, helvetica, sans-serif;\"><strong>T\u00e1mogat\u00e1s m\u00e9rt\u00e9ke:<\/strong> 95%<\/span><\/p>\n<p><span style=\"font-family: arial, helvetica, sans-serif;\"><strong>Projekt tartalm\u00e1nak r\u00f6vid bemutat\u00e1sa:<\/strong> A projekt keret\u00e9ben megval\u00f3sul \u00c9cs K\u00f6zs\u00e9g \u00d6nkorm\u00e1nyzat\u00e1nak tulajdon\u00e1ban l\u00e9v\u0151 k\u00fclter\u00fcleti f\u00f6ld\u00fat meger\u0151s\u00edt\u00e9se a mez\u0151gazdas\u00e1gi forgalmak biztons\u00e1gos \u00e9s akad\u00e1lytalan lebonyol\u00edt\u00e1sa \u00e9rdek\u00e9ben. Tov\u00e1bb\u00e1 a megl\u00e9v\u0151 nyomvonal korrekci\u00f3ja, illetve visszahelyez\u00e9se a sz\u00e1m\u00e1ra kiszab\u00e1lyozott telekhat\u00e1rok k\u00f6z\u00e9 val\u00f3sul meg. A 05\/7 hrsz k\u00fclter\u00fcleti f\u00f6ld\u00fat meger\u0151s\u00edt\u00e9se zajlik le. A projekt helysz\u00edne \u00c9cs k\u00f6zs\u00e9g \u00c9-i telep\u00fcl\u00e9shat\u00e1r\u00e1t\u00f3l indul d\u00e9li ir\u00e1nyba \u00e9s a Levendula utc\u00e1ig tart, csatlakozva a 788\/75 hrsz-i sz\u00e1mon l\u00e9v\u0151 \u00fathoz.<\/span><br \/>\n<span style=\"font-family: arial, helvetica, sans-serif;\">A projekt megval\u00f3s\u00edt\u00e1s\u00e1val p\u00e1rhuzamosan 788\/75 hrsz sz\u00e1m\u00fa belter\u00fcleti \u00fat fejleszt\u00e9se is megval\u00f3sul. Ez az \u00fat hozz l\u00e9tre kapcsolatot a projekt t\u00e1rgy\u00e1t k\u00e9pez\u0151 05\/7 hrsz sz\u00e1m\u00fa k\u00fclter\u00fcleti \u00fattal. Ez az \u00fat jelenleg is j\u00e1rhat\u00f3, azonban fel\u00faj\u00edt\u00e1sra szorul. A 2 fejleszt\u00e9s egym\u00e1st\u00f3l f\u00fcggetlen\u00fcl is megval\u00f3s\u00edthat\u00f3, azonban az \u00f6nkorm\u00e1nyzat el\u0151rel\u00e1that\u00f3an egy\u00fctt kezeli a 2 szakaszt.<\/span><br \/>\n<span style=\"font-family: arial, helvetica, sans-serif;\">Ezzel a belter\u00fcleti, nem t\u00e1mogathat\u00f3 fejleszt\u00e9ssel jelen projekt eredm\u00e9nye is jelent\u0151sen er\u0151s\u00f6dik.<\/span><\/p>\n<p><span style=\"font-family: arial, helvetica, sans-serif;\"><strong>Projekt tervezett befejez\u00e9si d\u00e1tuma:<\/strong> 2022.11.30.<\/span><\/p>\n<p><span style=\"font-family: arial, helvetica, sans-serif;\">A tervez\u00e9si munk\u00e1kra a NY\u00c9K Soft Tervez\u0151 Kft.-vel k\u00f6t\u00f6tt szerz\u0151d\u00e9st az \u00d6nkorm\u00e1nyzat.<\/span><br \/>\n<span style=\"font-family: arial, helvetica, sans-serif;\">Az aj\u00e1nlatt\u00e9teli felh\u00edv\u00e1sban el\u0151\u00edrt hat\u00e1rid\u0151ig 3 darab kiviteli aj\u00e1nlat \u00e9rkezett be.<\/span><\/p>\n<p><span style=\"font-family: arial, helvetica, sans-serif;\">A kivitelez\u0151 kiv\u00e1laszt\u00e1sa \u00e9s a szerz\u0151d\u00e9s megk\u00f6t\u00e9se 2022.06.27-\u00e9n megt\u00f6rt\u00e9nt a LANG-SZOLG Kereskedelmi \u00e9s Szolg\u00e1ltat\u00f3 Kft.-vel brutt\u00f3 20.365.991 Ft \u00f6sszegben.<\/span><\/p>\n<p><span style=\"font-family: arial, helvetica, sans-serif;\">A munkater\u00fclet \u00e1tad\u00e1sra 2022. j\u00fanius 30-\u00e1n ker\u00fclt sor.<\/span><\/p>\n<p><span style=\"font-family: arial, helvetica, sans-serif;\">A m\u0171szaki ellen\u0151rz\u00e9st az Aqualine Magyarorsz\u00e1g Kft. fel\u00fcgyelte \u00e9s dokument\u00e1lta.<\/span><\/p>\n<p><span style=\"font-family: arial, helvetica, sans-serif;\">A kivitelez\u0151 a t\u00e1rgyi projektet a szerz\u0151d\u00e9ses hat\u00e1rid\u0151 el\u0151tt befejezte, 2022.08.02.-\u00e1n k\u00e9szre jelentette. A m\u0171szaki \u00e1tad\u00e1s 2022.08.15-\u00e9n megt\u00f6rt\u00e9nt.<\/span><br \/>\n<span style=\"font-family: arial, helvetica, sans-serif;\">A t\u00e1j\u00e9koztat\u00e1s \u00e9s nyilv\u00e1noss\u00e1g feladatai elv\u00e9gz\u00e9sre ker\u00fcltek.<\/span><\/p>\n<p><span style=\"font-family: arial, helvetica, sans-serif;\">A projektt\u00e1bla kihelyez\u00e9sre ker\u00fclt a kedvezm\u00e9nyezett sz\u00e9khely\u00e9n.<\/span><br \/>\n<span style=\"font-family: arial, helvetica, sans-serif;\">A projektmenedzsment tev\u00e9kenys\u00e9g folyamatosan dokument\u00e1lt.<\/span><\/p>\n<\/div>\n<div style=\"text-align: justify;\">\n<div class=\"wp-block-image\"><span style=\"font-family: arial, helvetica, sans-serif;\"><img decoding=\"async\" class=\"wpa-warning wpa-image-missing-alt aligncenter wp-image-1648\" src=\"https:\/\/ecsfalu.hu\/web\/wp-content\/uploads\/2024\/09\/leader_logo.jpg\" alt=\"\" width=\"200\" height=\"200\" data-warning=\"Missing alt text\" srcset=\"https:\/\/ecsfalu.hu\/web\/wp-content\/uploads\/2024\/09\/leader_logo.jpg 579w, https:\/\/ecsfalu.hu\/web\/wp-content\/uploads\/2024\/09\/leader_logo-300x300.jpg 300w, https:\/\/ecsfalu.hu\/web\/wp-content\/uploads\/2024\/09\/leader_logo-150x150.jpg 150w\" sizes=\"(max-width: 200px) 100vw, 200px\" \/><\/span><\/div>\n<\/div>\n<div style=\"text-align: justify;\"><\/div>\n<div><\/div>\n<div><\/div>\n<div style=\"text-align: justify;\"><\/div>\n<div style=\"text-align: center;\"><span style=\"font-family: arial, helvetica, sans-serif;\"><a href=\"https:\/\/ecsfalu.hu\/web\/videkfejlesztesi-program\/\">Vissza<\/a><\/span><\/div>\n","protected":false},"excerpt":{"rendered":"<p>Kedvezm\u00e9nyezett neve: \u00c9cs K\u00f6zs\u00e9gi \u00d6nkorm\u00e1nyzat P\u00e1ly\u00e1zati felh\u00edv\u00e1s neve, k\u00f3dja: K\u00fclter\u00fcleti helyi k\u00f6zutak fejleszt\u00e9se, VP6-7.2.1.1-21 Projekt c\u00edme: K\u00fclter\u00fcleti f\u00f6ld\u00fat burkolat meger\u0151s\u00edt\u00e9se<\/p>\n","protected":false},"author":3,"featured_media":0,"comment_status":"closed","ping_status":"closed","sticky":false,"template":"","format":"standard","meta":{"colormag_page_container_layout":"default_layout","colormag_page_sidebar_layout":"default_layout","footnotes":""},"categories":[339],"tags":[149,206,203,328,205],"class_list":["post-1750","post","type-post","status-publish","format-standard","hentry","category-videkfejlesztesi-program-palyazatok","tag-ecsi-palyazatok","tag-ecsi-palyazatok-megvalositasa","tag-onkormanyzati-elnyert-palyazatai","tag-palyazatok","tag-sikeres-palyazatok-ecs"],"_links":{"self":[{"href":"https:\/\/ecsfalu.hu\/web\/wp-json\/wp\/v2\/posts\/1750","targetHints":{"allow":["GET"]}}],"collection":[{"href":"https:\/\/ecsfalu.hu\/web\/wp-json\/wp\/v2\/posts"}],"about":[{"href":"https:\/\/ecsfalu.hu\/web\/wp-json\/wp\/v2\/types\/post"}],"author":[{"embeddable":true,"href":"https:\/\/ecsfalu.hu\/web\/wp-json\/wp\/v2\/users\/3"}],"replies":[{"embeddable":true,"href":"https:\/\/ecsfalu.hu\/web\/wp-json\/wp\/v2\/comments?post=1750"}],"version-history":[{"count":2,"href":"https:\/\/ecsfalu.hu\/web\/wp-json\/wp\/v2\/posts\/1750\/revisions"}],"predecessor-version":[{"id":1754,"href":"https:\/\/ecsfalu.hu\/web\/wp-json\/wp\/v2\/posts\/1750\/revisions\/1754"}],"wp:attachment":[{"href":"https:\/\/ecsfalu.hu\/web\/wp-json\/wp\/v2\/media?parent=1750"}],"wp:term":[{"taxonomy":"category","embeddable":true,"href":"https:\/\/ecsfalu.hu\/web\/wp-json\/wp\/v2\/categories?post=1750"},{"taxonomy":"post_tag","embeddable":true,"href":"https:\/\/ecsfalu.hu\/web\/wp-json\/wp\/v2\/tags?post=1750"}],"curies":[{"name":"wp","href":"https:\/\/api.w.org\/{rel}","templated":true}]}}