{"id":1760,"date":"2024-09-23T13:52:44","date_gmt":"2024-09-23T11:52:44","guid":{"rendered":"https:\/\/ecsfalu.hu\/web\/?p=1760"},"modified":"2024-09-23T20:20:42","modified_gmt":"2024-09-23T18:20:42","slug":"ecs-kozseg-telepulesi-kornyezetvedelmi-infrastruktura-fejlesztese","status":"publish","type":"post","link":"https:\/\/ecsfalu.hu\/web\/ecs-kozseg-telepulesi-kornyezetvedelmi-infrastruktura-fejlesztese\/","title":{"rendered":"\u00c9cs k\u00f6zs\u00e9g telep\u00fcl\u00e9si k\u00f6rnyezetv\u00e9delmi infrastrukt\u00fara fejleszt\u00e9se"},"content":{"rendered":"<div class=\"wp-block-image\"><img fetchpriority=\"high\" decoding=\"async\" class=\"wpa-warning wpa-image-missing-alt aligncenter wp-image-1757\" src=\"https:\/\/ecsfalu.hu\/web\/wp-content\/uploads\/2024\/09\/Regionalis.jpg\" alt=\"\" width=\"350\" height=\"242\" data-warning=\"Missing alt text\" srcset=\"https:\/\/ecsfalu.hu\/web\/wp-content\/uploads\/2024\/09\/Regionalis.jpg 1453w, https:\/\/ecsfalu.hu\/web\/wp-content\/uploads\/2024\/09\/Regionalis-300x207.jpg 300w, https:\/\/ecsfalu.hu\/web\/wp-content\/uploads\/2024\/09\/Regionalis-1024x708.jpg 1024w, https:\/\/ecsfalu.hu\/web\/wp-content\/uploads\/2024\/09\/Regionalis-768x531.jpg 768w, https:\/\/ecsfalu.hu\/web\/wp-content\/uploads\/2024\/09\/Regionalis-392x272.jpg 392w, https:\/\/ecsfalu.hu\/web\/wp-content\/uploads\/2024\/09\/Regionalis-130x90.jpg 130w, https:\/\/ecsfalu.hu\/web\/wp-content\/uploads\/2024\/09\/Regionalis-600x417.jpg 600w\" sizes=\"(max-width: 350px) 100vw, 350px\" \/><\/div>\n<div><\/div>\n<div>\n<div style=\"text-align: center;\"><span style=\"font-family: arial, helvetica, sans-serif;\"><strong>Kedvezm\u00e9nyezett neve:<\/strong>\u00a0\u00c9cs K\u00f6zs\u00e9gi \u00d6nkorm\u00e1nyzat<\/span><br \/>\n<span style=\"font-family: arial, helvetica, sans-serif;\"><strong>\u00a0Projekt c\u00edme:<\/strong>\u00a0\u00c9cs k\u00f6zs\u00e9g telep\u00fcl\u00e9si k\u00f6rnyezetv\u00e9delmi infrastrukt\u00fara-fejleszt\u00e9se<\/span><br \/>\n<span style=\"font-family: arial, helvetica, sans-serif;\"><strong>Szerz\u0151d\u00f6tt t\u00e1mogat\u00e1s \u00f6sszege:\u00a0<\/strong>80 000 000 Ft<\/span><br \/>\n<span style=\"font-family: arial, helvetica, sans-serif;\"><strong>T\u00e1mogat\u00e1s m\u00e9rt\u00e9ke:<\/strong>\u00a0100%<\/span><br \/>\n<span style=\"font-family: arial, helvetica, sans-serif;\"><strong>Projekt tervezett befejez\u00e9si d\u00e1tuma:\u00a0<\/strong>2021.09.30.<\/span><br \/>\n<span style=\"font-family: arial, helvetica, sans-serif;\"><strong>Projekt azonos\u00edt\u00f3 sz\u00e1ma:<\/strong>\u00a0TOP-2.1.3-16-GM1-2019-00003<\/span><\/div>\n<div>\n<p style=\"text-align: justify;\"><strong><span style=\"font-family: arial, helvetica, sans-serif;\">Projekt c\u00e9lja \u00e9s tartalma:<\/span><\/strong><\/p>\n<p style=\"text-align: justify;\"><span style=\"font-family: arial, helvetica, sans-serif;\">A projekt k\u00f6zvetlen c\u00e9lja, hogy belter\u00fcleti csapad\u00e9kv\u00edz elvezet\u0151 rendszer k\u00e9pes legyen ell\u00e1tni a nagy intenzit\u00e1s\u00fa, megn\u00f6vekedett csapad\u00e9kmennyis\u00e9g megfelel\u0151 kezel\u00e9s\u00e9t \u00e9s elvezet\u00e9s\u00e9t az \u00e9rintett k\u00f6z\u00fatszakaszok ment\u00e9n, tov\u00e1bb\u00e1 a megfelel\u0151 csapad\u00e9kv\u00edz elvezet\u0151 rendszer kialak\u00edt\u00e1sa \u00e9s ezzel a vesz\u00e9lyeztetett ter\u00fcletr\u0151l a v\u00edzelvezet\u00e9s megold\u00e1sa \u00e9s a csapad\u00e9kv\u00edz okozta k\u00e1rok megel\u0151z\u00e9se.<\/span><br \/>\n<span style=\"font-family: arial, helvetica, sans-serif;\">A tervezett beruh\u00e1z\u00e1s sz\u00e1mos tov\u00e1bbi c\u00e9lok megval\u00f3s\u00edt\u00e1s\u00e1ban k\u00f6zrem\u0171k\u00f6dik, melyek megval\u00f3sul\u00e1sa az \u00f6nkorm\u00e1nyzatot, lakoss\u00e1got, ill. az \u00e9rintett v\u00e1llalkoz\u00e1sokat egyar\u00e1nt pozit\u00edvan \u00e9rinthet: jelent\u0151s anyagi k\u00e1rok kiv\u00e9d\u00e9se; a belter\u00fcleti l\u00e9tes\u00edtm\u00e9nyeket vesz\u00e9lyeztetetts\u00e9g\u00e9nek megsz\u00fcntet\u00e9se; a telep\u00fcl\u00e9sr\u00e9szben az \u00e9letmin\u0151s\u00e9g javul\u00e1sa. Tov\u00e1bbi c\u00e9l a telep\u00fcl\u00e9si (k\u00f6zleked\u00e9si) alapinfrastrukt\u00fara megv\u00e9d\u00e9se, k\u00f6zter\u00fcletek \u00e1llapot\u00e1nak \u00e1llagmeg\u00f3v\u00e1sa, es\u00e9lyegyenl\u0151s\u00e9g biztos\u00edt\u00e1sa; n\u00e9pess\u00e9gmegtart\u00f3 telep\u00fcl\u00e9sfejleszt\u00e9s.<\/span><\/p>\n<p style=\"text-align: justify;\"><a href=\"https:\/\/ecsfalu.hu\/web\/ecs-kozseg-telepulesi-kornyezetvedelmi-infrastruktura-fejlesztese-utcak\/\"><span style=\"font-family: arial, helvetica, sans-serif;\">A fejleszt\u00e9s a k\u00f6vetkez\u0151 utc\u00e1kat \u00e9rinti.<\/span><\/a><\/p>\n<p style=\"text-align: justify;\"><span style=\"font-family: arial, helvetica, sans-serif;\">2020. augusztus h\u00f3napban legy\u00e1rt\u00e1sra \u00e9s kihelyez\u00e9sre is ker\u00fcltek a C t\u00edpus\u00fa projektt\u00e1bl\u00e1k (2 db) a t\u00e1j\u00e9koztat\u00e1s \u00e9s nyilv\u00e1noss\u00e1gnak megfelel\u0151en.<\/span><\/p>\n<p style=\"text-align: justify;\"><span style=\"font-family: arial, helvetica, sans-serif;\">2020. augusztus 12-\u00e9n al\u00e1\u00edr\u00e1sra ker\u00fclt a m\u0171szaki ellen\u0151ri szerz\u0151d\u00e9s az Aqualine Magyarorsz\u00e1g Kft.-vel.<\/span><\/p>\n<p style=\"text-align: justify;\"><span style=\"font-family: arial, helvetica, sans-serif;\">Az Aqualine Magyarorsz\u00e1g Kft. \u00e1ltal 2020.09.30. elk\u00e9sz\u00fcltek az \u00e9rintett utc\u00e1k (\u00c9cs 9\/2, 19, 9\/10, 170, 13, 65, 078\/4 hrsz) csapad\u00e9kv\u00edz elvezet\u00e9s\u00e9nek v\u00edzjogi l\u00e9tes\u00edt\u00e9si enged\u00e9lyez\u00e9si \u00e9s kiviteli tervei.<\/span><\/p>\n<p style=\"text-align: justify;\"><span style=\"font-family: arial, helvetica, sans-serif;\">2020. november 30-\u00e1n szerz\u0151d\u00e9s k\u00f6t\u00f6tt az \u00d6nkorm\u00e1nyzat a Csendes Consulting Zrt.-vel a k\u00f6zbeszerz\u00e9si elj\u00e1r\u00e1s lebonyol\u00edt\u00e1s\u00e1ra.<\/span><\/p>\n<p style=\"text-align: justify;\"><span style=\"font-family: arial, helvetica, sans-serif;\">2021.01.22-\u00e9n a Gy-M-S Megyei Katasztr\u00f3fav\u00e9delmi Igazgat\u00f3s\u00e1g V\u00edz\u00fcgyi Hat\u00f3s\u00e1ga megadta a v\u00edzjogi l\u00e9tes\u00edt\u00e9si enged\u00e9lyt az \u00d6nkorm\u00e1nyzatnak.<\/span><\/p>\n<p style=\"text-align: justify;\"><span style=\"font-family: arial, helvetica, sans-serif;\">A kivitelez\u0151 c\u00e9g kiv\u00e1laszt\u00e1s\u00e1hoz sikeresen lezajlott a k\u00f6zbeszerz\u00e9s. A nyertes kivitelez\u0151 a LANG SZOLG Kereskedelmi \u00e9s Szolg\u00e1ltat\u00f3 Kft. lett, nett\u00f3 58.500.000 Ft v\u00e1llalkoz\u00f3i d\u00edj fej\u00e9ben. A szerz\u0151d\u00e9s megk\u00f6t\u00e9s\u00e9re 2021.03.30-\u00e1n ker\u00fclt sor.<\/span><\/p>\n<p style=\"text-align: justify;\"><span style=\"font-family: arial, helvetica, sans-serif;\">Az \u00d6nkorm\u00e1nyzat a V\u00e1llalkoz\u00f3 teljes\u00edt\u00e9si hat\u00e1ridej\u00e9t a munkater\u00fclet \u00e1tad\u00e1st\u00f3l sz\u00e1m\u00edtott 120 napt\u00e1ri napban hat\u00e1rozt\u00e1k meg.<\/span><\/p>\n<p style=\"text-align: justify;\"><span style=\"font-family: arial, helvetica, sans-serif;\">2021.04.13.-\u00e1n a Gy-M-S Megyei Korm\u00e1nyhivatal hozz\u00e1j\u00e1rult a F\u0151 utca, T\u00f3 utca, K\u00e1polna utca \u00e9s R\u00e1k\u00f3czi utca ter\u00fclet\u00e9n a munkater\u00fclet \u00e1tad\u00e1shoz.<\/span><\/p>\n<p style=\"text-align: justify;\"><span style=\"font-family: arial, helvetica, sans-serif;\">Megkezd\u0151d\u00f6tt a F\u0151 utca p\u00e1ros oldal\u00e1n a Hegykan\u00e1list\u00f3l a Polg\u00e1rmesteri Hivatalig, a T\u00f3 utca p\u00e1ratlan oldal\u00e1n, valamint a K\u00e1polna utc\u00e1ban \u00e9s a R\u00e1k\u00f3czi utc\u00e1ban (F\u0151 u. \u00e9s D\u00f3zsa u. k\u00f6z\u00f6tti szakaszon) l\u00e9v\u0151 v\u00edzelvezet\u0151 \u00e1rkok burkol\u00e1sa.<\/span><\/p>\n<p style=\"text-align: justify;\"><span style=\"font-family: arial, helvetica, sans-serif;\">A beruh\u00e1z\u00e1s sor\u00e1n a jelenlegi f\u00f6ldes \u00e1rkok beton mederelemekkel burkol\u00e1sra ker\u00fclnek. A kapubej\u00e1r\u00f3k \u00e1tereszei elbont\u00e1sra \u00e9s \u00e1t\u00e9p\u00edt\u00e9sre ker\u00fclnek egys\u00e9gesen, el\u0151re gy\u00e1rtott mederelemekkel. Az \u00fajonnan \u00e9p\u00edtett kapubej\u00e1r\u00f3k szil\u00e1rd, aszfaltozott burkolatot kapnak.<\/span><\/p>\n<p style=\"text-align: justify;\"><span style=\"font-family: arial, helvetica, sans-serif;\">A projektmenedzsment tev\u00e9kenys\u00e9g folyamatosan dokument\u00e1lt.<\/span><\/p>\n<p style=\"text-align: justify;\"><span style=\"font-family: arial, helvetica, sans-serif;\">A projekt m\u0171szaki ellen\u0151ri munk\u00e1it az Aqualine Magyarorsz\u00e1g Kft. fel\u00fcgyeli \u00e9s dokument\u00e1lja.<\/span><\/p>\n<p style=\"text-align: justify;\"><span style=\"font-family: arial, helvetica, sans-serif;\">A kiviteli munk\u00e1latokat az LANG SZOLG Kft. az \u00fctemtervnek megfelel\u0151en v\u00e9gzi, j\u00falius v\u00e9g\u00e9re a kivitelez\u00e9si tev\u00e9kenys\u00e9g el\u00e9ri m\u00e1r az 50 %-os k\u00e9sz\u00fclts\u00e9gi szintet.<\/span><\/p>\n<p style=\"text-align: justify;\"><span style=\"font-family: arial, helvetica, sans-serif;\">A m\u0171szaki \u00e1tad\u00e1s-\u00e1tv\u00e9tel 2021. szeptember 21-\u00e9n megt\u00f6rt\u00e9nt.<\/span><\/p>\n<p style=\"text-align: justify;\"><span style=\"font-family: arial, helvetica, sans-serif;\">A kivitelez\u00e9si munk\u00e1latok 2021. szeptember 24-\u00e9n el\u00e9rt\u00e9k a 100%-os m\u00e9rt\u00e9ket.<\/span><\/p>\n<\/div>\n<\/div>\n<p>&nbsp;<\/p>\n<p style=\"text-align: center;\"><div id=\"envira-gallery-wrap-1768\" class=\"envira-gallery-wrap envira-gallery-theme-base envira-lightbox-theme-base\" itemscope itemtype=\"https:\/\/schema.org\/ImageGallery\"><div data-row-height=\"150\" data-gallery-theme=\"normal\" id=\"envira-gallery-1768\" class=\"envira-gallery-public envira-gallery-justified-public envira-gallery-0-columns envira-clear enviratope envira-gallery-css-animations\" data-envira-columns=\"0\"><div id=\"envira-gallery-item-1771\" class=\"envira-gallery-item enviratope-item envira-gallery-item-1 envira-lazy-load\" style=\"padding-left: 5px; padding-bottom: 10px; padding-right: 5px;\"  itemscope itemtype=\"https:\/\/schema.org\/ImageObject\"><div class=\"envira-gallery-item-inner\"><div class=\"envira-gallery-position-overlay  envira-gallery-top-left\"><\/div><div class=\"envira-gallery-position-overlay  envira-gallery-top-right\"><\/div><div class=\"envira-gallery-position-overlay  envira-gallery-bottom-left\"><\/div><div class=\"envira-gallery-position-overlay  envira-gallery-bottom-right\"><\/div><a href=\"https:\/\/ecsfalu.hu\/web\/wp-content\/uploads\/2024\/09\/image001-3.jpg\" class=\"envira-gallery-1768 envira-gallery-link\" rel=\"enviragallery1768\" title=\"image001\" data-envira-caption=\"image001\" data-envira-retina=\"\" data-thumbnail=\"\"  itemprop=\"contentUrl\"><img decoding=\"async\" id=\"envira-gallery-image-1771\" class=\"envira-gallery-image envira-gallery-image-1 envira-normal envira-lazy\" data-envira-index=\"1\" src=\"https:\/\/ecsfalu.hu\/web\/wp-content\/uploads\/2024\/09\/image001-3-640x480.jpg\" data-envira-src=\"https:\/\/ecsfalu.hu\/web\/wp-content\/uploads\/2024\/09\/image001-3-640x480.jpg\" data-envira-gallery-id=\"1768\" data-envira-item-id=\"1771\" data-envira-caption=\"image001\" alt=\"\" title=\"image001\"  itemprop=\"thumbnailUrl\" data-envira-srcset=\"https:\/\/ecsfalu.hu\/web\/wp-content\/uploads\/2024\/09\/image001-3-640x480.jpg 400w,https:\/\/ecsfalu.hu\/web\/wp-content\/uploads\/2024\/09\/image001-3-640x480.jpg 2x\" data-envira-width=\"225\" data-envira-height=\"300\" srcset=\"data:image\/gif;base64,R0lGODlhAQABAIAAAP\/\/\/\/\/\/\/yH5BAEKAAEALAAAAAABAAEAAAICTAEAOw==\" data-safe-src=\"data:image\/gif;base64,R0lGODlhAQABAIAAAP\/\/\/\/\/\/\/yH5BAEKAAEALAAAAAABAAEAAAICTAEAOw==\" \/><\/a><\/div><\/div><div id=\"envira-gallery-item-1770\" class=\"envira-gallery-item enviratope-item envira-gallery-item-2 envira-lazy-load\" style=\"padding-left: 5px; padding-bottom: 10px; padding-right: 5px;\"  itemscope itemtype=\"https:\/\/schema.org\/ImageObject\"><div class=\"envira-gallery-item-inner\"><div class=\"envira-gallery-position-overlay  envira-gallery-top-left\"><\/div><div class=\"envira-gallery-position-overlay  envira-gallery-top-right\"><\/div><div class=\"envira-gallery-position-overlay  envira-gallery-bottom-left\"><\/div><div class=\"envira-gallery-position-overlay  envira-gallery-bottom-right\"><\/div><a href=\"https:\/\/ecsfalu.hu\/web\/wp-content\/uploads\/2024\/09\/image002-3.jpg\" class=\"envira-gallery-1768 envira-gallery-link\" rel=\"enviragallery1768\" title=\"image002\" data-envira-caption=\"image002\" data-envira-retina=\"\" data-thumbnail=\"\"  itemprop=\"contentUrl\"><img decoding=\"async\" id=\"envira-gallery-image-1770\" class=\"envira-gallery-image envira-gallery-image-2 envira-normal envira-lazy\" data-envira-index=\"2\" src=\"https:\/\/ecsfalu.hu\/web\/wp-content\/uploads\/2024\/09\/image002-3-640x480.jpg\" data-envira-src=\"https:\/\/ecsfalu.hu\/web\/wp-content\/uploads\/2024\/09\/image002-3-640x480.jpg\" data-envira-gallery-id=\"1768\" data-envira-item-id=\"1770\" data-envira-caption=\"image002\" alt=\"\" title=\"image002\"  itemprop=\"thumbnailUrl\" data-envira-srcset=\"https:\/\/ecsfalu.hu\/web\/wp-content\/uploads\/2024\/09\/image002-3-640x480.jpg 400w,https:\/\/ecsfalu.hu\/web\/wp-content\/uploads\/2024\/09\/image002-3-640x480.jpg 2x\" data-envira-width=\"225\" data-envira-height=\"300\" srcset=\"data:image\/gif;base64,R0lGODlhAQABAIAAAP\/\/\/\/\/\/\/yH5BAEKAAEALAAAAAABAAEAAAICTAEAOw==\" data-safe-src=\"data:image\/gif;base64,R0lGODlhAQABAIAAAP\/\/\/\/\/\/\/yH5BAEKAAEALAAAAAABAAEAAAICTAEAOw==\" \/><\/a><\/div><\/div><div id=\"envira-gallery-item-1769\" class=\"envira-gallery-item enviratope-item envira-gallery-item-3 envira-lazy-load\" style=\"padding-left: 5px; padding-bottom: 10px; padding-right: 5px;\"  itemscope itemtype=\"https:\/\/schema.org\/ImageObject\"><div class=\"envira-gallery-item-inner\"><div class=\"envira-gallery-position-overlay  envira-gallery-top-left\"><\/div><div class=\"envira-gallery-position-overlay  envira-gallery-top-right\"><\/div><div class=\"envira-gallery-position-overlay  envira-gallery-bottom-left\"><\/div><div class=\"envira-gallery-position-overlay  envira-gallery-bottom-right\"><\/div><a href=\"https:\/\/ecsfalu.hu\/web\/wp-content\/uploads\/2024\/09\/image003-3.jpg\" class=\"envira-gallery-1768 envira-gallery-link\" rel=\"enviragallery1768\" title=\"image003\" data-envira-caption=\"image003\" data-envira-retina=\"\" data-thumbnail=\"\"  itemprop=\"contentUrl\"><img decoding=\"async\" id=\"envira-gallery-image-1769\" class=\"envira-gallery-image envira-gallery-image-3 envira-normal envira-lazy\" data-envira-index=\"3\" src=\"https:\/\/ecsfalu.hu\/web\/wp-content\/uploads\/2024\/09\/image003-3-640x480.jpg\" data-envira-src=\"https:\/\/ecsfalu.hu\/web\/wp-content\/uploads\/2024\/09\/image003-3-640x480.jpg\" data-envira-gallery-id=\"1768\" data-envira-item-id=\"1769\" data-envira-caption=\"image003\" alt=\"\" title=\"image003\"  itemprop=\"thumbnailUrl\" data-envira-srcset=\"https:\/\/ecsfalu.hu\/web\/wp-content\/uploads\/2024\/09\/image003-3-640x480.jpg 400w,https:\/\/ecsfalu.hu\/web\/wp-content\/uploads\/2024\/09\/image003-3-640x480.jpg 2x\" data-envira-width=\"300\" data-envira-height=\"225\" srcset=\"data:image\/gif;base64,R0lGODlhAQABAIAAAP\/\/\/\/\/\/\/yH5BAEKAAEALAAAAAABAAEAAAICTAEAOw==\" data-safe-src=\"data:image\/gif;base64,R0lGODlhAQABAIAAAP\/\/\/\/\/\/\/yH5BAEKAAEALAAAAAABAAEAAAICTAEAOw==\" \/><\/a><\/div><\/div><\/div><\/div><noscript><img decoding=\"async\" src=\"https:\/\/ecsfalu.hu\/web\/wp-content\/uploads\/2024\/09\/image001-3.jpg\" alt=\"\" \/><img decoding=\"async\" src=\"https:\/\/ecsfalu.hu\/web\/wp-content\/uploads\/2024\/09\/image002-3.jpg\" alt=\"\" \/><img decoding=\"async\" src=\"https:\/\/ecsfalu.hu\/web\/wp-content\/uploads\/2024\/09\/image003-3.jpg\" alt=\"\" \/><\/noscript><\/p>\n<p>&nbsp;<\/p>\n<p>&nbsp;<\/p>\n<p style=\"text-align: center;\"><a href=\"https:\/\/ecsfalu.hu\/web\/szechenyi-2020\/\">Vissza<\/a><\/p>\n","protected":false},"excerpt":{"rendered":"<p>Kedvezm\u00e9nyezett neve:\u00a0\u00c9cs K\u00f6zs\u00e9gi \u00d6nkorm\u00e1nyzat \u00a0Projekt c\u00edme:\u00a0\u00c9cs k\u00f6zs\u00e9g telep\u00fcl\u00e9si k\u00f6rnyezetv\u00e9delmi infrastrukt\u00fara-fejleszt\u00e9se Szerz\u0151d\u00f6tt t\u00e1mogat\u00e1s \u00f6sszege:\u00a080 000 000 Ft T\u00e1mogat\u00e1s m\u00e9rt\u00e9ke:\u00a0100% Projekt tervezett<\/p>\n","protected":false},"author":3,"featured_media":0,"comment_status":"closed","ping_status":"closed","sticky":false,"template":"","format":"standard","meta":{"colormag_page_container_layout":"default_layout","colormag_page_sidebar_layout":"default_layout","footnotes":""},"categories":[333],"tags":[149,206,203,328,205],"class_list":["post-1760","post","type-post","status-publish","format-standard","hentry","category-szechenyi-terv-palyazatok","tag-ecsi-palyazatok","tag-ecsi-palyazatok-megvalositasa","tag-onkormanyzati-elnyert-palyazatai","tag-palyazatok","tag-sikeres-palyazatok-ecs"],"_links":{"self":[{"href":"https:\/\/ecsfalu.hu\/web\/wp-json\/wp\/v2\/posts\/1760","targetHints":{"allow":["GET"]}}],"collection":[{"href":"https:\/\/ecsfalu.hu\/web\/wp-json\/wp\/v2\/posts"}],"about":[{"href":"https:\/\/ecsfalu.hu\/web\/wp-json\/wp\/v2\/types\/post"}],"author":[{"embeddable":true,"href":"https:\/\/ecsfalu.hu\/web\/wp-json\/wp\/v2\/users\/3"}],"replies":[{"embeddable":true,"href":"https:\/\/ecsfalu.hu\/web\/wp-json\/wp\/v2\/comments?post=1760"}],"version-history":[{"count":4,"href":"https:\/\/ecsfalu.hu\/web\/wp-json\/wp\/v2\/posts\/1760\/revisions"}],"predecessor-version":[{"id":1772,"href":"https:\/\/ecsfalu.hu\/web\/wp-json\/wp\/v2\/posts\/1760\/revisions\/1772"}],"wp:attachment":[{"href":"https:\/\/ecsfalu.hu\/web\/wp-json\/wp\/v2\/media?parent=1760"}],"wp:term":[{"taxonomy":"category","embeddable":true,"href":"https:\/\/ecsfalu.hu\/web\/wp-json\/wp\/v2\/categories?post=1760"},{"taxonomy":"post_tag","embeddable":true,"href":"https:\/\/ecsfalu.hu\/web\/wp-json\/wp\/v2\/tags?post=1760"}],"curies":[{"name":"wp","href":"https:\/\/api.w.org\/{rel}","templated":true}]}}