{"id":1779,"date":"2024-09-23T14:12:43","date_gmt":"2024-09-23T12:12:43","guid":{"rendered":"https:\/\/ecsfalu.hu\/web\/?p=1779"},"modified":"2024-09-23T20:20:42","modified_gmt":"2024-09-23T18:20:42","slug":"terfigyelo-kamerarendszer-es-eszkozeinek-felszerelese","status":"publish","type":"post","link":"https:\/\/ecsfalu.hu\/web\/terfigyelo-kamerarendszer-es-eszkozeinek-felszerelese\/","title":{"rendered":"T\u00e9rfigyel\u0151 kamerarendszer \u00e9s eszk\u00f6zeinek felszerel\u00e9se"},"content":{"rendered":"<div class=\"wp-block-image\"><img fetchpriority=\"high\" decoding=\"async\" class=\"wpa-warning wpa-image-missing-alt aligncenter wp-image-1776\" src=\"https:\/\/ecsfalu.hu\/web\/wp-content\/uploads\/2024\/09\/20200428_projekttabla.jpg\" alt=\"\" width=\"350\" height=\"248\" data-warning=\"Missing alt text\" srcset=\"https:\/\/ecsfalu.hu\/web\/wp-content\/uploads\/2024\/09\/20200428_projekttabla.jpg 1386w, https:\/\/ecsfalu.hu\/web\/wp-content\/uploads\/2024\/09\/20200428_projekttabla-300x213.jpg 300w, https:\/\/ecsfalu.hu\/web\/wp-content\/uploads\/2024\/09\/20200428_projekttabla-1024x727.jpg 1024w, https:\/\/ecsfalu.hu\/web\/wp-content\/uploads\/2024\/09\/20200428_projekttabla-768x545.jpg 768w\" sizes=\"(max-width: 350px) 100vw, 350px\" \/><\/div>\n<div><\/div>\n<div><\/div>\n<div>\n<p style=\"text-align: center;\"><span style=\"font-family: arial, helvetica, sans-serif;\"><strong>P\u00e1ly\u00e1zati konstrukci\u00f3:<\/strong> \u201eVonz\u00f3bb vid\u00e9ki telep\u00fcl\u00e9si k\u00f6rnyezet \u00e9s szolg\u00e1ltat\u00e1sok fejleszt\u00e9s\u00e9nek el\u0151seg\u00edt\u00e9se\u201d<\/span><br \/>\n<span style=\"font-family: arial, helvetica, sans-serif;\"><strong>Projekt azonos\u00edt\u00f3 sz\u00e1ma:<\/strong> VP6-19.2.1-70-3-17<\/span><br \/>\n<span style=\"font-family: arial, helvetica, sans-serif;\"><strong>Project c\u00edme:<\/strong> T\u00e9rfigyel\u0151 kamerarendszer \u00e9s eszk\u00f6zeinek felszerel\u00e9se<\/span><br \/>\n<span style=\"font-family: arial, helvetica, sans-serif;\"><strong>Kedvezm\u00e9nyezett neve:<\/strong> \u00c9cs K\u00f6zs\u00e9gi \u00d6nkorm\u00e1nyzat<\/span><br \/>\n<span style=\"font-family: arial, helvetica, sans-serif;\"><strong>Kedvezm\u00e9nyezett c\u00edme:<\/strong> 9083 \u00c9cs, F\u0151 u. 94.<\/span><br \/>\n<span style=\"font-family: arial, helvetica, sans-serif;\"><strong>Elnyert t\u00e1mogat\u00e1s:<\/strong> 7.057.263 Ft<\/span><br \/>\n<span style=\"font-family: arial, helvetica, sans-serif;\"><strong>T\u00e1mogat\u00e1s intenzit\u00e1sa:<\/strong> 90%<\/span><br \/>\n<span style=\"font-family: arial, helvetica, sans-serif;\"><strong>Finansz\u00edroz\u00f3 alap<\/strong>: Pann\u00f3nia Kincse Leader Egyes\u00fclet<\/span><\/p>\n<p>&nbsp;<\/p>\n<p><strong><span style=\"font-family: arial, helvetica, sans-serif;\">Projekt c\u00e9lja \u00e9s tartalma:<\/span><\/strong><\/p>\n<p style=\"text-align: justify;\"><span style=\"font-family: arial, helvetica, sans-serif;\">\u00c9cs K\u00f6zs\u00e9gi \u00d6nkorm\u00e1nyzat a Pann\u00f3nia Kincse Leader Egyes\u00fclet &#8211; \u201eVonz\u00f3bb vid\u00e9ki telep\u00fcl\u00e9si k\u00f6rnyezet \u00e9s szolg\u00e1ltat\u00e1sok fejleszt\u00e9s\u00e9nek el\u0151seg\u00edt\u00e9se\u201d c\u00edm\u0171, VP6-19.2.1-70-3-17-es k\u00f3dsz\u00e1m\u00fa felh\u00edv\u00e1s keret\u00e9ben 7.057.263 Ft-os t\u00e1mogat\u00e1si \u00f6sszegb\u0151l, 10 %-os \u00f6ner\u0151 hozz\u00e1ad\u00e1s\u00e1val \u00e9p\u00edti ki a t\u00e9rfigyel\u0151 kamerarendszer\u00e9t \u00e9s eszk\u00f6zeinek felszerel\u00e9s\u00e9t az al\u00e1bbi \u00e9rintett \u00fatszakaszokon:<\/span><\/p>\n<ul style=\"text-align: justify;\">\n<li><span style=\"font-family: arial, helvetica, sans-serif;\">(64 hrsz): 3 db \u00e1tj\u00e1tsz\u00f3<\/span><\/li>\n<li><span style=\"font-family: arial, helvetica, sans-serif;\">(790\/38 hrsz): 1 db rendsz\u00e1mfelismer\u0151 kamera, 1 db \u00e1tj\u00e1tsz\u00f3, 2 db \u00e1tj\u00e1tsz\u00f3<\/span><\/li>\n<li><span style=\"font-family: arial, helvetica, sans-serif;\">(702 hrsz): 1 db t\u00e9rfigyel\u0151 kamera, 3 db \u00e1tj\u00e1tsz\u00f3<\/span><\/li>\n<li><span style=\"font-family: arial, helvetica, sans-serif;\">(319 hrsz): 2 db t\u00e9rfigyel\u0151 kamera, 2 db \u00e1tj\u00e1tsz\u00f3<\/span><\/li>\n<li><span style=\"font-family: arial, helvetica, sans-serif;\">(417 hrsz): 1 db t\u00e9rfigyel\u0151 kamera, 1 db \u00e1tj\u00e1tsz\u00f3<\/span><\/li>\n<li><span style=\"font-family: arial, helvetica, sans-serif;\">(435\/9 hrsz): 2 db \u00e1tj\u00e1tsz\u00f3, \u00e1tfesz\u00edt\u00e9s<\/span><\/li>\n<li><span style=\"font-family: arial, helvetica, sans-serif;\">(9\/24 hrsz): 2 db t\u00e9rfigyel\u0151 kamera, 2 db \u00e1tj\u00e1tsz\u00f3<\/span><\/li>\n<li><span style=\"font-family: arial, helvetica, sans-serif;\">(159\/1 hrsz): 1 db t\u00e9rfigyel\u0151 kamera, 2 db \u00e1tj\u00e1tsz\u00f3<\/span><\/li>\n<li><span style=\"font-family: arial, helvetica, sans-serif;\">(170 hrsz): 2 db \u00e1tj\u00e1tsz\u00f3<\/span><\/li>\n<li><span style=\"font-family: arial, helvetica, sans-serif;\">(140 hrsz): 1 db t\u00e9rfigyel\u0151 kamera, 1 db rendsz\u00e1mfelismer\u0151 kamera, 2 db \u00e1tj\u00e1tsz\u00f3<\/span><\/li>\n<li><span style=\"font-family: arial, helvetica, sans-serif;\">(55 hrsz): 1 db t\u00e9rfigyel\u0151 kamera, 1 db adatb\u00e1zis g\u00e9p, 1 db \u00e1tj\u00e1tsz\u00f3<\/span><\/li>\n<li><span style=\"font-family: arial, helvetica, sans-serif;\">(082\/14 hrsz): 1 db rendsz\u00e1mfelismer\u0151 kamera, 1 db \u00e1tj\u00e1tsz\u00f3.<\/span><\/li>\n<\/ul>\n<p style=\"text-align: justify;\"><span style=\"font-family: arial, helvetica, sans-serif;\">13 helysz\u00ednen telep\u00edtett\u00fcnk t\u00e9rfigyel\u0151 vagy rendsz\u00e1mfelismer\u0151 kamer\u00e1kat, \u00e1tj\u00e1tsz\u00f3kat. Egy olyan kamera rendszer ki\u00e9p\u00edt\u00e9se val\u00f3sult meg, amely a telep\u00fcl\u00e9s f\u0151bb \u00fatjait, bevezet\u0151 \u00fatjait \u00e9s k\u00f6zponti, kiemelt objektumait figyeli, \u00e9s tov\u00e1bb\u00edtja, r\u00f6gz\u00edti \u00e9s visszan\u00e9zhet\u0151v\u00e9 teszi az esem\u00e9nyeket. A szerz\u0151d\u00e9st a Patent Biztons\u00e1gtechnikai Kft-vel k\u00f6t\u00f6tte (2020.06.11.) az \u00f6nkorm\u00e1nyzat. A c\u00e9g lefolytatta a sz\u00fcks\u00e9ges elj\u00e1r\u00e1sokat az egy\u00e9b szolg\u00e1ltat\u00f3 szervekkel,beszerezte a sz\u00fcks\u00e9ges enged\u00e9lyeket \u00e9s hozz\u00e1j\u00e1rul\u00e1sokat.<\/span><\/p>\n<p style=\"text-align: justify;\"><span style=\"font-family: arial, helvetica, sans-serif;\">Egy olyan magas sz\u00ednvonal\u00fa t\u00e9rfigyel\u0151 rendszer ker\u00fclt ki\u00e9p\u00edt\u00e9sre, be\u00fczemel\u00e9sre, mely a legkorszer\u0171bb technol\u00f3gi\u00e1kkal felszerelt eszk\u00f6z\u00f6ket tartalmazza, \u00edgy a telep\u00fcl\u00e9s k\u00f6zbiztons\u00e1ga jelent\u0151s m\u00e9rt\u00e9kben javulhat.<\/span><\/p>\n<p style=\"text-align: justify;\"><span style=\"font-family: arial, helvetica, sans-serif;\">A projekt t\u00e1j\u00e9koztat\u00e1s \u00e9s nyilv\u00e1noss\u00e1gi feladatai folyamatosan v\u00e9gezve voltak (a t\u00e1mogat\u00f3i t\u00e1bla kihelyez\u00e9sre ker\u00fclt az \u00d6nkorm\u00e1nyzat \u00e9p\u00fclet\u00e9re), a projektmenedzsment tev\u00e9kenys\u00e9g (Arrabona EGTC) is folyamatos volt a projekt ideje alatt.<\/span><\/p>\n<p>&nbsp;<\/p>\n<p style=\"text-align: center;\"><a href=\"https:\/\/ecsfalu.hu\/web\/videkfejlesztesi-program\/\"><span style=\"font-family: arial, helvetica, sans-serif;\">Vissza<\/span><\/a><\/p>\n<\/div>\n","protected":false},"excerpt":{"rendered":"<p>P\u00e1ly\u00e1zati konstrukci\u00f3: \u201eVonz\u00f3bb vid\u00e9ki telep\u00fcl\u00e9si k\u00f6rnyezet \u00e9s szolg\u00e1ltat\u00e1sok fejleszt\u00e9s\u00e9nek el\u0151seg\u00edt\u00e9se\u201d Projekt azonos\u00edt\u00f3 sz\u00e1ma: VP6-19.2.1-70-3-17 Project c\u00edme: T\u00e9rfigyel\u0151 kamerarendszer \u00e9s eszk\u00f6zeinek<\/p>\n","protected":false},"author":3,"featured_media":0,"comment_status":"closed","ping_status":"closed","sticky":false,"template":"","format":"standard","meta":{"colormag_page_container_layout":"default_layout","colormag_page_sidebar_layout":"default_layout","footnotes":""},"categories":[339],"tags":[149,206,203,328,205],"class_list":["post-1779","post","type-post","status-publish","format-standard","hentry","category-videkfejlesztesi-program-palyazatok","tag-ecsi-palyazatok","tag-ecsi-palyazatok-megvalositasa","tag-onkormanyzati-elnyert-palyazatai","tag-palyazatok","tag-sikeres-palyazatok-ecs"],"_links":{"self":[{"href":"https:\/\/ecsfalu.hu\/web\/wp-json\/wp\/v2\/posts\/1779","targetHints":{"allow":["GET"]}}],"collection":[{"href":"https:\/\/ecsfalu.hu\/web\/wp-json\/wp\/v2\/posts"}],"about":[{"href":"https:\/\/ecsfalu.hu\/web\/wp-json\/wp\/v2\/types\/post"}],"author":[{"embeddable":true,"href":"https:\/\/ecsfalu.hu\/web\/wp-json\/wp\/v2\/users\/3"}],"replies":[{"embeddable":true,"href":"https:\/\/ecsfalu.hu\/web\/wp-json\/wp\/v2\/comments?post=1779"}],"version-history":[{"count":2,"href":"https:\/\/ecsfalu.hu\/web\/wp-json\/wp\/v2\/posts\/1779\/revisions"}],"predecessor-version":[{"id":1839,"href":"https:\/\/ecsfalu.hu\/web\/wp-json\/wp\/v2\/posts\/1779\/revisions\/1839"}],"wp:attachment":[{"href":"https:\/\/ecsfalu.hu\/web\/wp-json\/wp\/v2\/media?parent=1779"}],"wp:term":[{"taxonomy":"category","embeddable":true,"href":"https:\/\/ecsfalu.hu\/web\/wp-json\/wp\/v2\/categories?post=1779"},{"taxonomy":"post_tag","embeddable":true,"href":"https:\/\/ecsfalu.hu\/web\/wp-json\/wp\/v2\/tags?post=1779"}],"curies":[{"name":"wp","href":"https:\/\/api.w.org\/{rel}","templated":true}]}}