{"id":1788,"date":"2024-09-23T14:28:13","date_gmt":"2024-09-23T12:28:13","guid":{"rendered":"https:\/\/ecsfalu.hu\/web\/?p=1788"},"modified":"2024-09-23T20:20:42","modified_gmt":"2024-09-23T18:20:42","slug":"uj-bolcsode-kialakitasa-ecsen","status":"publish","type":"post","link":"https:\/\/ecsfalu.hu\/web\/uj-bolcsode-kialakitasa-ecsen\/","title":{"rendered":"\u00daj b\u00f6lcs\u0151de kialak\u00edt\u00e1sa \u00c9csen"},"content":{"rendered":"<div class=\"wp-block-image\"><img fetchpriority=\"high\" decoding=\"async\" class=\"wpa-warning wpa-image-missing-alt aligncenter wp-image-1757\" src=\"https:\/\/ecsfalu.hu\/web\/wp-content\/uploads\/2024\/09\/Regionalis.jpg\" alt=\"\" width=\"350\" height=\"242\" data-warning=\"Missing alt text\" srcset=\"https:\/\/ecsfalu.hu\/web\/wp-content\/uploads\/2024\/09\/Regionalis.jpg 1453w, https:\/\/ecsfalu.hu\/web\/wp-content\/uploads\/2024\/09\/Regionalis-300x207.jpg 300w, https:\/\/ecsfalu.hu\/web\/wp-content\/uploads\/2024\/09\/Regionalis-1024x708.jpg 1024w, https:\/\/ecsfalu.hu\/web\/wp-content\/uploads\/2024\/09\/Regionalis-768x531.jpg 768w, https:\/\/ecsfalu.hu\/web\/wp-content\/uploads\/2024\/09\/Regionalis-392x272.jpg 392w, https:\/\/ecsfalu.hu\/web\/wp-content\/uploads\/2024\/09\/Regionalis-130x90.jpg 130w, https:\/\/ecsfalu.hu\/web\/wp-content\/uploads\/2024\/09\/Regionalis-600x417.jpg 600w\" sizes=\"(max-width: 350px) 100vw, 350px\" \/><\/div>\n<div><\/div>\n<div>\n<p style=\"text-align: center;\"><span style=\"font-family: arial, helvetica, sans-serif;\"><strong>P\u00e1ly\u00e1zati konstrukci\u00f3:<\/strong> TOP-1.4.1-19 \u201eB\u00f6lcs\u0151dei f\u00e9r\u0151helyek kialak\u00edt\u00e1sa, b\u0151v\u00edt\u00e9se\u201d<\/span><br \/>\n<span style=\"font-family: arial, helvetica, sans-serif;\"><strong>Projekt azonos\u00edt\u00f3 sz\u00e1ma:<\/strong> TOP-1.4.1-19-GM1-2019-00016<\/span><br \/>\n<span style=\"font-family: arial, helvetica, sans-serif;\"><strong>Project c\u00edme:<\/strong> \u00daj b\u00f6lcs\u0151de kialak\u00edt\u00e1sa \u00c9csen<\/span><br \/>\n<span style=\"font-family: arial, helvetica, sans-serif;\"><strong>Kedvezm\u00e9nyezett neve:<\/strong> \u00c9cs K\u00f6zs\u00e9gi \u00d6nkorm\u00e1nyzat<\/span><br \/>\n<span style=\"font-family: arial, helvetica, sans-serif;\"><strong>Kedvezm\u00e9nyezett c\u00edme:<\/strong> 9083 \u00c9cs, F\u0151 u. 94.<\/span><br \/>\n<span style=\"font-family: arial, helvetica, sans-serif;\"><strong>Konzorciumi partner:<\/strong> Gy\u0151r-Moson-Sopron Megyei \u00d6nkorm\u00e1nyzati Hivatal<\/span><br \/>\n<span style=\"font-family: arial, helvetica, sans-serif;\"><strong>Elnyert t\u00e1mogat\u00e1s:<\/strong> 249 255 654 forint<\/span><br \/>\n<span style=\"font-family: arial, helvetica, sans-serif;\"><strong>T\u00e1mogat\u00e1s intenzit\u00e1sa:<\/strong> 100%<\/span><br \/>\n<span style=\"font-family: arial, helvetica, sans-serif;\"><strong>Finansz\u00edroz\u00f3 alap:<\/strong> ERFA<\/span><\/p>\n<p style=\"text-align: justify;\"><strong><span style=\"font-family: arial, helvetica, sans-serif;\">Projekt c\u00e9lja \u00e9s tartalma:<\/span><\/strong><\/p>\n<p style=\"text-align: justify;\"><span style=\"font-family: arial, helvetica, sans-serif;\">A projekt \u00e1tfog\u00f3 c\u00e9lja a TOP c\u00e9lkit\u0171z\u00e9sekkel \u00e9s a TOP-1.4.1-19 p\u00e1ly\u00e1zati felh\u00edv\u00e1sban foglaltakkal \u00f6sszhangban a foglalkoztat\u00e1si helyzet jav\u00edt\u00e1sa a kisgyermekes sz\u00fcl\u0151k munkaer\u0151-piaci r\u00e9szv\u00e9tel\u00e9nek t\u00e1mogat\u00e1s\u00e1val, a kisgyermekes sz\u00fcl\u00f6k munkaer\u0151piacra t\u00f6rt\u00e9n\u0151 visszat\u00e9r\u00e9s\u00e9nek el\u0151seg\u00edt\u00e9se, a csal\u00e1dok seg\u00edt\u00e9se a gyermekell\u00e1t\u00e1si szolg\u00e1ltat\u00e1sok fejleszt\u00e9se \u00e1ltal. A projekt specifikus c\u00e9lja a helyi ig\u00e9nyeken alapul\u00f3, a gyermekj\u00f3l\u00e9ti alapell\u00e1t\u00e1sok k\u00f6r\u00e9be tartoz\u00f3, a 0-3 \u00e9ves kor\u00fa gyermekek napk\u00f6zbeni ell\u00e1t\u00e1s\u00e1t biztos\u00edt\u00f3 b\u00f6lcs\u0151dei szolg\u00e1ltat\u00e1s l\u00e9trehoz\u00e1sa, valamint az ell\u00e1t\u00e1s biztos\u00edt\u00e1s\u00e1nak helyet ad\u00f3 \u00faj b\u00f6lcs\u0151de meg\u00e9p\u00edt\u00e9se \u00c9csen. A csal\u00e1dbar\u00e1t, munk\u00e1ba \u00e1ll\u00e1st seg\u00edt\u0151 int\u00e9zm\u00e9ny l\u00e9tes\u00edt\u00e9s\u00e9vel a k\u00f6zs\u00e9gben \u00e9s a telep\u00fcl\u00e9s vonz\u00e1sk\u00f6rzet\u00e9ben \u00e9l\u0151 kisgyermekes csal\u00e1dok foglalkoztat\u00e1si helyzete, \u00e9letmin\u0151s\u00e9ge javul, a szolg\u00e1ltat\u00e1s el\u00e9rhet\u0151s\u00e9ge hossz\u00fa t\u00e1von hozz\u00e1j\u00e1rul a gyermekv\u00e1llal\u00e1s \u00f6szt\u00f6nz\u00e9s\u00e9hez, \u00edgy \u00e9vtizedes t\u00e1vlatban is biztos\u00edtj\u00e1k a munkaer\u0151 ut\u00e1np\u00f3tl\u00e1s\u00e1t, t\u00e1mogatva t\u00f6bbek k\u00f6z\u00f6tt a leszakad\u00e1ssal fenyegetett t\u00e1rsadalmi csoportok felz\u00e1rk\u00f3ztat\u00e1s\u00e1t. Fontos, hogy a projekt eredm\u00e9nyek\u00e9nt l\u00e9trej\u00f6tt \u00e9p\u00fclet megfeleljen a kor elv\u00e1r\u00e1sainak energiatakar\u00e9kos \u00e9s teljes k\u00f6r\u0171en akad\u00e1lymentes legyen.<\/span><\/p>\n<p style=\"text-align: justify;\"><span style=\"font-family: arial, helvetica, sans-serif;\">A projekt eredm\u00e9nyek\u00e9nt l\u00e9trej\u00f6v\u0151 \u00faj b\u00f6lcs\u0151de \u00c9csen, a K\u00e1polna utca 890\/1 hrsz-\u00fa ingatlanon \u00e9p\u00fcl fel, teljesen \u00f6n\u00e1ll\u00f3an m\u0171k\u00f6d\u0151 mintegy 300 m2 alapter\u00fclet\u0171 teljes \u00e9rt\u00e9k\u0171 \u00e9p\u00fcletk\u00e9nt. A b\u00f6lcs\u0151de \u201eA\u201d fokozati jel\u0171 lesz, 1 nevel\u00e9si-gondoz\u00e1si egys\u00e9ggel, 2 db csoportszob\u00e1val. Az elhelyezhet\u0151 b\u00f6lcs\u0151d\u00e9sek sz\u00e1ma 24 f\u0151. A m\u00e1r m\u0171k\u00f6d\u0151 Napraforg\u00f3 \u00d3voda \u00e9s B\u00f6lcs\u0151de int\u00e9zm\u00e9ny\u00fcnk \u00faj telephelyek\u00e9nt k\u00edv\u00e1njuk \u00fczemeltetni.<\/span><\/p>\n<p style=\"text-align: justify;\"><span style=\"font-family: arial, helvetica, sans-serif;\"><strong>K\u00f6zrem\u0171k\u00f6d\u0151 szervezet:<\/strong> Magyar \u00c1llamkincst\u00e1r Gy\u0151r-Moson-Sopron Megyei Igazgat\u00f3s\u00e1ga<\/span><\/p>\n<p style=\"text-align: justify;\"><span style=\"font-family: arial, helvetica, sans-serif;\"><strong>Projekt z\u00e1r\u00e1sa:<\/strong> 2022.02.28.<\/span><\/p>\n<p style=\"text-align: justify;\"><span style=\"font-family: arial, helvetica, sans-serif;\">2020. december 31-\u00e9n al\u00e1\u00edr\u00e1sra ker\u00fclt a kivitelez\u0151vel a v\u00e1llalkoz\u00e1si szerz\u0151d\u00e9s.<\/span><\/p>\n<p style=\"text-align: justify;\"><a href=\"https:\/\/ecsfalu.hu\/web\/uj-bolcsode-kialakitasa-ecsen-alapkoletetel-2021-01-20\/\"><span style=\"font-family: arial, helvetica, sans-serif;\">2021.01.21 &#8211; \u00dcnnep\u00e9lyes alapk\u0151let\u00e9tel<\/span><\/a><\/p>\n<p style=\"text-align: justify;\"><span style=\"font-family: arial, helvetica, sans-serif;\">A projektmenedzsment tev\u00e9kenys\u00e9g folyamatosan dokument\u00e1lt.<\/span><\/p>\n<p style=\"text-align: justify;\"><span style=\"font-family: arial, helvetica, sans-serif;\">A projekt m\u0171szaki ellen\u0151ri munk\u00e1it a WESTBER M\u00e9rn\u00f6ki Iroda Kft. fel\u00fcgyeli \u00e9s dokument\u00e1lja.<\/span><\/p>\n<p style=\"text-align: justify;\"><span style=\"font-family: arial, helvetica, sans-serif;\">A kivitelez\u00e9si munk\u00e1latok 2021. j\u00falius 9-\u00e9n el\u00e9rt\u00e9k az 50%-os m\u00e9rt\u00e9ket.<\/span><\/p>\n<p style=\"text-align: justify;\"><span style=\"font-family: arial, helvetica, sans-serif;\">A kivitelez\u00e9si munk\u00e1latok 2021. augusztus 16-\u00e1n el\u00e9rt\u00e9k az 75%-os m\u00e9rt\u00e9ket.<\/span><\/p>\n<p style=\"text-align: justify;\"><span style=\"font-family: arial, helvetica, sans-serif;\">A kivitelez\u00e9si munk\u00e1latok 2021. szeptember 2-\u00e1n el\u00e9rt\u00e9k az 100%-os m\u00e9rt\u00e9ket.<\/span><\/p>\n<p style=\"text-align: justify;\"><a href=\"https:\/\/ecsfalu.hu\/web\/uj-bolcsode-kialakitasa-ecsen-unnepelyes-atado-2021-11-12\/\"><span style=\"font-family: arial, helvetica, sans-serif;\">2021.11.12. &#8211; \u00dcnnep\u00e9lyes \u00e1tad\u00f3<\/span><\/a><\/p>\n<div class=\"wp-block-image\"><img decoding=\"async\" class=\"wpa-warning wpa-image-missing-alt aligncenter wp-image-1807\" src=\"https:\/\/ecsfalu.hu\/web\/wp-content\/uploads\/2024\/09\/20211113_Bolcsode.jpg\" alt=\"\" width=\"300\" height=\"225\" data-warning=\"Missing alt text\" srcset=\"https:\/\/ecsfalu.hu\/web\/wp-content\/uploads\/2024\/09\/20211113_Bolcsode.jpg 570w, https:\/\/ecsfalu.hu\/web\/wp-content\/uploads\/2024\/09\/20211113_Bolcsode-300x225.jpg 300w\" sizes=\"(max-width: 300px) 100vw, 300px\" \/><\/div>\n<p style=\"text-align: justify;\"><span style=\"font-family: arial, helvetica, sans-serif;\">2021. okt\u00f3ber 19-ei \u00e9rtes\u00edt\u00e9s alapj\u00e1n a b\u00f6lcs\u0151de \u00e9p\u00fcletre vonatkoz\u00f3 haszn\u00e1latbav\u00e9teli enged\u00e9lyez\u00e9si elj\u00e1r\u00e1sban (GY\/ETDR-1\/6751-11\/2021) hozott k\u00f6telez\u00e9st tartalmaz\u00f3 hat\u00e1rozat a k\u00f6zl\u00e9ssel 2021. okt\u00f3ber 06. napj\u00e1n v\u00e9glegess\u00e9 v\u00e1lt.<\/span><\/p>\n<p style=\"text-align: justify;\"><span style=\"font-family: arial, helvetica, sans-serif;\">2021.11.22.-\u00e9n a Gy-M-S Megyei Korm\u00e1nyhivatal d\u00f6nt\u00e9se alapj\u00e1n (1SZEMK\/44256) a Napraforg\u00f3 B\u00f6lcs\u0151de adatainak bejegyz\u00e9se a szolg\u00e1ltat\u00f3i nyilv\u00e1ntart\u00e1sba megt\u00f6rt\u00e9nt, a d\u00f6nt\u00e9s v\u00e9glegess\u00e9 v\u00e1lt.<\/span><\/p>\n<p style=\"text-align: justify;\"><span style=\"font-family: arial, helvetica, sans-serif;\">A Napraforg\u00f3 B\u00f6lcs\u0151de 2021.12.01-vel megkezdte m\u0171k\u00f6d\u00e9s\u00e9t az egyik csoporttal.<\/span><\/p>\n<p style=\"text-align: justify;\"><span style=\"font-family: arial, helvetica, sans-serif;\">2021.12.14.-\u00e9n a Gy-M-S Megyei Korm\u00e1nyhivatal d\u00f6nt\u00e9se alapj\u00e1n (GY\/ETDR-1\/6751-13\/2021) megkaptuk a v\u00e9gleges haszn\u00e1latbav\u00e9teli enged\u00e9lyt.<\/span><\/p>\n<p style=\"text-align: justify;\"><span style=\"font-family: arial, helvetica, sans-serif;\">2022.05.01.-vel megkezdte a m\u00e1sodik csoport is a m\u0171k\u00f6d\u00e9s\u00e9t.<\/span><\/p>\n<\/div>\n<p>&nbsp;<\/p>\n<p>&nbsp;<\/p>\n<p style=\"text-align: center;\"><a href=\"https:\/\/ecsfalu.hu\/web\/szechenyi-2020\/\"><span style=\"font-family: arial, helvetica, sans-serif;\">Vissza<\/span><\/a><\/p>\n","protected":false},"excerpt":{"rendered":"<p>P\u00e1ly\u00e1zati konstrukci\u00f3: TOP-1.4.1-19 \u201eB\u00f6lcs\u0151dei f\u00e9r\u0151helyek kialak\u00edt\u00e1sa, b\u0151v\u00edt\u00e9se\u201d Projekt azonos\u00edt\u00f3 sz\u00e1ma: TOP-1.4.1-19-GM1-2019-00016 Project c\u00edme: \u00daj b\u00f6lcs\u0151de kialak\u00edt\u00e1sa \u00c9csen Kedvezm\u00e9nyezett neve: \u00c9cs<\/p>\n","protected":false},"author":3,"featured_media":0,"comment_status":"closed","ping_status":"closed","sticky":false,"template":"","format":"standard","meta":{"colormag_page_container_layout":"default_layout","colormag_page_sidebar_layout":"default_layout","footnotes":""},"categories":[333],"tags":[149,206,203,328,205],"class_list":["post-1788","post","type-post","status-publish","format-standard","hentry","category-szechenyi-terv-palyazatok","tag-ecsi-palyazatok","tag-ecsi-palyazatok-megvalositasa","tag-onkormanyzati-elnyert-palyazatai","tag-palyazatok","tag-sikeres-palyazatok-ecs"],"_links":{"self":[{"href":"https:\/\/ecsfalu.hu\/web\/wp-json\/wp\/v2\/posts\/1788","targetHints":{"allow":["GET"]}}],"collection":[{"href":"https:\/\/ecsfalu.hu\/web\/wp-json\/wp\/v2\/posts"}],"about":[{"href":"https:\/\/ecsfalu.hu\/web\/wp-json\/wp\/v2\/types\/post"}],"author":[{"embeddable":true,"href":"https:\/\/ecsfalu.hu\/web\/wp-json\/wp\/v2\/users\/3"}],"replies":[{"embeddable":true,"href":"https:\/\/ecsfalu.hu\/web\/wp-json\/wp\/v2\/comments?post=1788"}],"version-history":[{"count":4,"href":"https:\/\/ecsfalu.hu\/web\/wp-json\/wp\/v2\/posts\/1788\/revisions"}],"predecessor-version":[{"id":1824,"href":"https:\/\/ecsfalu.hu\/web\/wp-json\/wp\/v2\/posts\/1788\/revisions\/1824"}],"wp:attachment":[{"href":"https:\/\/ecsfalu.hu\/web\/wp-json\/wp\/v2\/media?parent=1788"}],"wp:term":[{"taxonomy":"category","embeddable":true,"href":"https:\/\/ecsfalu.hu\/web\/wp-json\/wp\/v2\/categories?post=1788"},{"taxonomy":"post_tag","embeddable":true,"href":"https:\/\/ecsfalu.hu\/web\/wp-json\/wp\/v2\/tags?post=1788"}],"curies":[{"name":"wp","href":"https:\/\/api.w.org\/{rel}","templated":true}]}}