{"id":1834,"date":"2024-09-23T19:54:06","date_gmt":"2024-09-23T17:54:06","guid":{"rendered":"https:\/\/ecsfalu.hu\/web\/?p=1834"},"modified":"2024-09-23T20:20:42","modified_gmt":"2024-09-23T18:20:42","slug":"napelemes-rendszert-telepitese","status":"publish","type":"post","link":"https:\/\/ecsfalu.hu\/web\/napelemes-rendszert-telepitese\/","title":{"rendered":"Napelemes rendszert telep\u00edt\u00e9se"},"content":{"rendered":"<div class=\"wp-block-image\"><span style=\"font-family: arial, helvetica, sans-serif;\"><img fetchpriority=\"high\" decoding=\"async\" class=\"wpa-warning wpa-image-missing-alt aligncenter wp-image-1757\" src=\"https:\/\/ecsfalu.hu\/web\/wp-content\/uploads\/2024\/09\/Regionalis.jpg\" alt=\"\" width=\"350\" height=\"242\" data-warning=\"Missing alt text\" srcset=\"https:\/\/ecsfalu.hu\/web\/wp-content\/uploads\/2024\/09\/Regionalis.jpg 1453w, https:\/\/ecsfalu.hu\/web\/wp-content\/uploads\/2024\/09\/Regionalis-300x207.jpg 300w, https:\/\/ecsfalu.hu\/web\/wp-content\/uploads\/2024\/09\/Regionalis-1024x708.jpg 1024w, https:\/\/ecsfalu.hu\/web\/wp-content\/uploads\/2024\/09\/Regionalis-768x531.jpg 768w, https:\/\/ecsfalu.hu\/web\/wp-content\/uploads\/2024\/09\/Regionalis-392x272.jpg 392w, https:\/\/ecsfalu.hu\/web\/wp-content\/uploads\/2024\/09\/Regionalis-130x90.jpg 130w, https:\/\/ecsfalu.hu\/web\/wp-content\/uploads\/2024\/09\/Regionalis-600x417.jpg 600w\" sizes=\"(max-width: 350px) 100vw, 350px\" \/><\/span><\/div>\n<div><\/div>\n<div>\n<p style=\"text-align: center;\"><span style=\"font-family: arial, helvetica, sans-serif;\"><strong>Projekt azonos\u00edt\u00f3 sz\u00e1ma:<\/strong> TOP-3.2.1-16-GM1-2018-00003<\/span><br \/>\n<span style=\"font-family: arial, helvetica, sans-serif;\"><strong>Kedvezm\u00e9nyezett:<\/strong> \u00c9cs K\u00f6zs\u00e9gi \u00d6nkorm\u00e1nyzat<\/span><br \/>\n<span style=\"font-family: arial, helvetica, sans-serif;\"><strong>T\u00e1mogat\u00e1s \u00f6sszege:<\/strong> 6 824 827 Ft<\/span><br \/>\n<span style=\"font-family: arial, helvetica, sans-serif;\"><strong>T\u00e1mogat\u00e1s m\u00e9rt\u00e9ke:<\/strong> 100 %<\/span><br \/>\n<span style=\"font-family: arial, helvetica, sans-serif;\"><strong>A projekt megval\u00f3s\u00edt\u00e1s\u00e1nak kezdete:<\/strong> 2019. szeptember 1.<\/span><br \/>\n<span style=\"font-family: arial, helvetica, sans-serif;\"><strong>A projekt fizikai befejez\u00e9s\u00e9nek hat\u00e1rideje:<\/strong> 2020. \u00e1prilis 15.<\/span><\/p>\n<p><strong><span style=\"font-family: arial, helvetica, sans-serif;\">Projekt jelenlegi helyzete<\/span><\/strong><\/p>\n<p style=\"text-align: justify;\"><span style=\"font-family: arial, helvetica, sans-serif;\">2015-ben az \u00d6nkorm\u00e1nyzat t\u00e1mogat\u00e1st nyert arra, hogy az \u00e1ltal\u00e1nos iskola \u00e9s az orvosi rendel\u0151 tetej\u00e9re napelemes rendszer ker\u00fclj\u00f6n telep\u00edt\u00e9sre. A beruh\u00e1z\u00e1s jelent\u0151s k\u00f6lts\u00e9gmegtakar\u00edt\u00e1st eredm\u00e9nyezett.<\/span><br \/>\n<span style=\"font-family: arial, helvetica, sans-serif;\">Ennek a folyamatnak a folytat\u00e1sak\u00e9nt, jelen projekt keret\u00e9ben, a Polg\u00e1rmesteri Hivatal villamosenergia ig\u00e9ny\u00e9nek ell\u00e1t\u00e1s\u00e1ra ker\u00fcl napelemes rendszert telep\u00edt\u00e9sre, az energia k\u00f6lts\u00e9gek teljes m\u00e9rt\u00e9k\u0171 cs\u00f6kkent\u00e9s\u00e9re. A projekt megval\u00f3s\u00edt\u00e1s\u00e1t k\u00f6vet\u0151en a Hivatal teljes villamosenergia ig\u00e9nye meg\u00fajul\u00f3 energi\u00e1b\u00f3l ker\u00fcl kiel\u00e9g\u00edt\u00e9sre. A jelenlegi villamosenergia k\u00f6lts\u00e9g pedig megtakar\u00edt\u00e1sra ker\u00fcl.<\/span><br \/>\n<span style=\"font-family: arial, helvetica, sans-serif;\">A projekt els\u0151 m\u00e9rf\u00f6ldk\u00f6ve 2019. november 30-\u00e1n z\u00e1rult. Ezen id\u0151szak alatt megt\u00f6rt\u00e9nt a kivitelez\u0151 \u00e9s a m\u0171szaki ellen\u0151r kiv\u00e1laszt\u00e1sa.<\/span><br \/>\n<span style=\"font-family: arial, helvetica, sans-serif;\">A beruh\u00e1z\u00e1s 2020. febru\u00e1r 5-14 k\u00f6z\u00f6tt megval\u00f3sult.<\/span><\/p>\n<\/div>\n<p>&nbsp;<\/p>\n<p style=\"text-align: center;\"><a href=\"https:\/\/ecsfalu.hu\/web\/szechenyi-2020\/\"><span style=\"font-family: arial, helvetica, sans-serif;\">Vissza<\/span><\/a><\/p>\n","protected":false},"excerpt":{"rendered":"<p>Projekt azonos\u00edt\u00f3 sz\u00e1ma: TOP-3.2.1-16-GM1-2018-00003 Kedvezm\u00e9nyezett: \u00c9cs K\u00f6zs\u00e9gi \u00d6nkorm\u00e1nyzat T\u00e1mogat\u00e1s \u00f6sszege: 6 824 827 Ft T\u00e1mogat\u00e1s m\u00e9rt\u00e9ke: 100 % A projekt<\/p>\n","protected":false},"author":3,"featured_media":0,"comment_status":"closed","ping_status":"closed","sticky":false,"template":"","format":"standard","meta":{"colormag_page_container_layout":"default_layout","colormag_page_sidebar_layout":"default_layout","footnotes":""},"categories":[333],"tags":[149,206,203,328,205],"class_list":["post-1834","post","type-post","status-publish","format-standard","hentry","category-szechenyi-terv-palyazatok","tag-ecsi-palyazatok","tag-ecsi-palyazatok-megvalositasa","tag-onkormanyzati-elnyert-palyazatai","tag-palyazatok","tag-sikeres-palyazatok-ecs"],"_links":{"self":[{"href":"https:\/\/ecsfalu.hu\/web\/wp-json\/wp\/v2\/posts\/1834","targetHints":{"allow":["GET"]}}],"collection":[{"href":"https:\/\/ecsfalu.hu\/web\/wp-json\/wp\/v2\/posts"}],"about":[{"href":"https:\/\/ecsfalu.hu\/web\/wp-json\/wp\/v2\/types\/post"}],"author":[{"embeddable":true,"href":"https:\/\/ecsfalu.hu\/web\/wp-json\/wp\/v2\/users\/3"}],"replies":[{"embeddable":true,"href":"https:\/\/ecsfalu.hu\/web\/wp-json\/wp\/v2\/comments?post=1834"}],"version-history":[{"count":1,"href":"https:\/\/ecsfalu.hu\/web\/wp-json\/wp\/v2\/posts\/1834\/revisions"}],"predecessor-version":[{"id":1835,"href":"https:\/\/ecsfalu.hu\/web\/wp-json\/wp\/v2\/posts\/1834\/revisions\/1835"}],"wp:attachment":[{"href":"https:\/\/ecsfalu.hu\/web\/wp-json\/wp\/v2\/media?parent=1834"}],"wp:term":[{"taxonomy":"category","embeddable":true,"href":"https:\/\/ecsfalu.hu\/web\/wp-json\/wp\/v2\/categories?post=1834"},{"taxonomy":"post_tag","embeddable":true,"href":"https:\/\/ecsfalu.hu\/web\/wp-json\/wp\/v2\/tags?post=1834"}],"curies":[{"name":"wp","href":"https:\/\/api.w.org\/{rel}","templated":true}]}}