{"id":1841,"date":"2024-09-23T20:05:40","date_gmt":"2024-09-23T18:05:40","guid":{"rendered":"https:\/\/ecsfalu.hu\/web\/?p=1841"},"modified":"2024-09-23T20:20:42","modified_gmt":"2024-09-23T18:20:42","slug":"kulteruleti-helyi-kozutak-fejlesztese-vp6-7-2-1-7-4-1-2-16","status":"publish","type":"post","link":"https:\/\/ecsfalu.hu\/web\/kulteruleti-helyi-kozutak-fejlesztese-vp6-7-2-1-7-4-1-2-16\/","title":{"rendered":"K\u00fclter\u00fcleti helyi k\u00f6zutak fejleszt\u00e9se, VP6-7.2.1.-7.4.1.2-16"},"content":{"rendered":"<div class=\"wp-block-image\"><img decoding=\"async\" class=\"wpa-warning wpa-image-missing-alt aligncenter wp-image-1728\" src=\"https:\/\/ecsfalu.hu\/web\/wp-content\/uploads\/2024\/09\/Videkfejlesztesi-alap.jpg\" alt=\"\" width=\"350\" height=\"118\" data-warning=\"Missing alt text\" srcset=\"https:\/\/ecsfalu.hu\/web\/wp-content\/uploads\/2024\/09\/Videkfejlesztesi-alap.jpg 800w, https:\/\/ecsfalu.hu\/web\/wp-content\/uploads\/2024\/09\/Videkfejlesztesi-alap-300x101.jpg 300w, https:\/\/ecsfalu.hu\/web\/wp-content\/uploads\/2024\/09\/Videkfejlesztesi-alap-768x259.jpg 768w\" sizes=\"(max-width: 350px) 100vw, 350px\" \/><\/div>\n<div><\/div>\n<div>\n<p style=\"text-align: center;\"><span style=\"font-family: arial, helvetica, sans-serif;\"><strong>Kedvezm\u00e9nyezett neve:<\/strong> \u00c9cs K\u00f6zs\u00e9gi \u00d6nkorm\u00e1nyzat<\/span><br \/>\n<span style=\"font-family: arial, helvetica, sans-serif;\"><strong>P\u00e1ly\u00e1zati felh\u00edv\u00e1s neve, k\u00f3dja:<\/strong> K\u00fclter\u00fcleti helyi k\u00f6zutak fejleszt\u00e9se, \u00f6nkorm\u00e1nyzati utak kezel\u00e9s\u00e9hez, \u00e1llapotjav\u00edt\u00e1s\u00e1hoz, karbantart\u00e1s\u00e1hoz sz\u00fcks\u00e9ges er\u0151-\u00e9s munkag\u00e9pek beszerz\u00e9se c.<\/span><br \/>\n<span style=\"font-family: arial, helvetica, sans-serif;\">VP6-7.2.1.-7.4.1.2-16<\/span><br \/>\n<span style=\"font-family: arial, helvetica, sans-serif;\"><strong>Projekt azonos\u00edt\u00f3 sz\u00e1ma:<\/strong> 1826260850<\/span><br \/>\n<span style=\"font-family: arial, helvetica, sans-serif;\"><strong>Szerz\u0151d\u00f6tt t\u00e1mogat\u00e1s \u00f6sszege:<\/strong> 17.988.416 Ft<\/span><br \/>\n<span style=\"font-family: arial, helvetica, sans-serif;\"><strong>\u00d6ner\u0151<\/strong>: 13.763.214 Ft<\/span><br \/>\n<span style=\"font-family: arial, helvetica, sans-serif;\"><strong>Projekt teljes k\u00f6lts\u00e9ge:<\/strong> 31.751.630 Ft<\/span><br \/>\n<span style=\"font-family: arial, helvetica, sans-serif;\"><strong>T\u00e1mogat\u00e1s m\u00e9rt\u00e9ke:<\/strong> 90%<\/span><br \/>\n<span style=\"font-family: arial, helvetica, sans-serif;\"><strong>Projekt megval\u00f3s\u00edt\u00e1s\u00e1nak tervezett kezdete:<\/strong> 2017.05.08.<\/span><br \/>\n<span style=\"font-family: arial, helvetica, sans-serif;\"><strong>Projekt fizikai befejez\u00e9s\u00e9nek tervezett napja:<\/strong> 2018.12.14.<\/span><\/p>\n<p style=\"text-align: justify;\"><span style=\"font-family: arial, helvetica, sans-serif;\">A kivitelez\u0151i szerz\u0151d\u00e9s megk\u00f6t\u00e9se a LANG-SZOLG Kereskedelmi \u00e9s Szolg\u00e1ltat\u00f3 Kft.-vel t\u00f6rt\u00e9nt.<\/span><\/p>\n<p style=\"text-align: justify;\"><span style=\"font-family: arial, helvetica, sans-serif;\">A munkater\u00fclet \u00e1tad\u00e1sa 2018.07.17-\u00e9nt\u00f6rt\u00e9nt meg. A kiviteli munk\u00e1k elk\u00e9sz\u00fcltek, a forgalomba helyez\u00e9s megt\u00f6rt\u00e9nt. A kivitelez\u0151 sz\u00e1ml\u00e1ja ford\u00edtott \u00e1f\u00e1s, az \u00f6nkorm\u00e1nyzat az \u00e1f\u00e1t 2018. november h\u00f3napban vallotta be.<\/span><\/p>\n<p style=\"text-align: justify;\"><span style=\"font-family: arial, helvetica, sans-serif;\">A m\u0171szaki ellen\u0151rz\u00e9st az Aqualine Magyarorsz\u00e1g Kft. fel\u00fcgyelte \u00e9s dokument\u00e1lta.<\/span><\/p>\n<p style=\"text-align: justify;\"><span style=\"font-family: arial, helvetica, sans-serif;\">A tervez\u00e9ssel \u00e9rintett \u00fatszakasz \u2013 3123 hrsz-\u00fa \u00fat \u2013 \u00c9cs k\u00fclter\u00fclet\u00e9n tal\u00e1lhat\u00f3. A tervezett keresztmetszeti kialak\u00edt\u00e1st a tervez\u0151 a megrendel\u0151i ig\u00e9nyeknek megfelel\u0151en, tov\u00e1bb\u00e1 a helyenk\u00e9nt rendk\u00edv\u00fcl sz\u0171k rendelkez\u00e9sre \u00e1ll\u00f3 ter\u00fclethat\u00e1rok figyelembe v\u00e9tel\u00e9vel alak\u00edtotta ki.<\/span><\/p>\n<p style=\"text-align: justify;\"><span style=\"font-family: arial, helvetica, sans-serif;\">A tervezett nyomvonallal lek\u00f6vett\u00fck a megl\u00e9v\u0151 \u00fat vonalvezet\u00e9s\u00e9t, n\u00e9h\u00e1ny helyen kisebb korrekci\u00f3t v\u00e9gezt\u00fcnk el a nyomvonalban a kedvez\u0151bb vonalvezet\u00e9s el\u00e9r\u00e9se v\u00e9gett. A tervezett \u00faj aszfalt burkolat\u00fa \u00fat sz\u00e9less\u00e9ge a tervez\u00e9si szakasz teljes hossz\u00e1n 3,00m.<\/span><br \/>\n<span style=\"font-family: arial, helvetica, sans-serif;\">A tervezett fel\u00faj\u00edt\u00e1s sor\u00e1n a burkolat, illetve a padk\u00e1k mellett j\u00e1rda nem k\u00e9sz\u00fcl. A tervez\u00e9si szakaszon \u00e1rkok kialak\u00edt\u00e1sa a rendelkez\u00e9sre \u00e1ll\u00f3 sz\u0171k ter\u00fcletek miatt nem lehets\u00e9ges.<\/span><\/p>\n<p style=\"text-align: justify;\"><span style=\"font-family: arial, helvetica, sans-serif;\">A t\u00e1j\u00e9koztat\u00e1s \u00e9s nyilv\u00e1noss\u00e1g feladatai elv\u00e9gz\u00e9sre ker\u00fcltek.<\/span><\/p>\n<p style=\"text-align: justify;\"><span style=\"font-family: arial, helvetica, sans-serif;\">A projektt\u00e1bla kihelyez\u00e9sre ker\u00fclt a beruh\u00e1z\u00e1s helysz\u00edn\u00e9n.<\/span><\/p>\n<p style=\"text-align: justify;\"><span style=\"font-family: arial, helvetica, sans-serif;\">A projektmenedzsment tev\u00e9kenys\u00e9g folyamatosan dokument\u00e1lt.<\/span><\/p>\n<p style=\"text-align: justify;\"><span style=\"font-family: arial, helvetica, sans-serif;\">A projekt z\u00e1r\u00e1sak\u00e9nt tervezett \u00fcnneps\u00e9g az id\u0151k\u00f6zben fell\u00e9p\u0151 vesz\u00e9lyhelyzet sor\u00e1n hozott int\u00e9zked\u00e9sek figyelembev\u00e9tel\u00e9vel elmaradt. A projekt z\u00e1r\u00e1sa megt\u00f6rt\u00e9nt, az \u00e1ltal\u00e1nos k\u00f6lts\u00e9gekhez kapcsol\u00f3d\u00f3 sz\u00e1ml\u00e1k kifizet\u00e9sre ker\u00fcltek.<\/span><\/p>\n<\/div>\n<p style=\"text-align: center;\"><a href=\"https:\/\/ecsfalu.hu\/web\/videkfejlesztesi-program\/\"><span style=\"font-family: arial, helvetica, sans-serif;\">Vissza<\/span><\/a><\/p>\n","protected":false},"excerpt":{"rendered":"<p>Kedvezm\u00e9nyezett neve: \u00c9cs K\u00f6zs\u00e9gi \u00d6nkorm\u00e1nyzat P\u00e1ly\u00e1zati felh\u00edv\u00e1s neve, k\u00f3dja: K\u00fclter\u00fcleti helyi k\u00f6zutak fejleszt\u00e9se, \u00f6nkorm\u00e1nyzati utak kezel\u00e9s\u00e9hez, \u00e1llapotjav\u00edt\u00e1s\u00e1hoz, karbantart\u00e1s\u00e1hoz sz\u00fcks\u00e9ges er\u0151-\u00e9s<\/p>\n","protected":false},"author":3,"featured_media":0,"comment_status":"closed","ping_status":"closed","sticky":false,"template":"","format":"standard","meta":{"colormag_page_container_layout":"default_layout","colormag_page_sidebar_layout":"default_layout","footnotes":""},"categories":[339],"tags":[149,206,203,328,205],"class_list":["post-1841","post","type-post","status-publish","format-standard","hentry","category-videkfejlesztesi-program-palyazatok","tag-ecsi-palyazatok","tag-ecsi-palyazatok-megvalositasa","tag-onkormanyzati-elnyert-palyazatai","tag-palyazatok","tag-sikeres-palyazatok-ecs"],"_links":{"self":[{"href":"https:\/\/ecsfalu.hu\/web\/wp-json\/wp\/v2\/posts\/1841","targetHints":{"allow":["GET"]}}],"collection":[{"href":"https:\/\/ecsfalu.hu\/web\/wp-json\/wp\/v2\/posts"}],"about":[{"href":"https:\/\/ecsfalu.hu\/web\/wp-json\/wp\/v2\/types\/post"}],"author":[{"embeddable":true,"href":"https:\/\/ecsfalu.hu\/web\/wp-json\/wp\/v2\/users\/3"}],"replies":[{"embeddable":true,"href":"https:\/\/ecsfalu.hu\/web\/wp-json\/wp\/v2\/comments?post=1841"}],"version-history":[{"count":2,"href":"https:\/\/ecsfalu.hu\/web\/wp-json\/wp\/v2\/posts\/1841\/revisions"}],"predecessor-version":[{"id":1843,"href":"https:\/\/ecsfalu.hu\/web\/wp-json\/wp\/v2\/posts\/1841\/revisions\/1843"}],"wp:attachment":[{"href":"https:\/\/ecsfalu.hu\/web\/wp-json\/wp\/v2\/media?parent=1841"}],"wp:term":[{"taxonomy":"category","embeddable":true,"href":"https:\/\/ecsfalu.hu\/web\/wp-json\/wp\/v2\/categories?post=1841"},{"taxonomy":"post_tag","embeddable":true,"href":"https:\/\/ecsfalu.hu\/web\/wp-json\/wp\/v2\/tags?post=1841"}],"curies":[{"name":"wp","href":"https:\/\/api.w.org\/{rel}","templated":true}]}}