{"id":2103,"date":"2024-09-25T11:06:30","date_gmt":"2024-09-25T09:06:30","guid":{"rendered":"https:\/\/ecsfalu.hu\/web\/?p=2103"},"modified":"2024-09-25T11:11:50","modified_gmt":"2024-09-25T09:11:50","slug":"onkormanyzati-elismeresek-unnepelyes-atadasa","status":"publish","type":"post","link":"https:\/\/ecsfalu.hu\/web\/onkormanyzati-elismeresek-unnepelyes-atadasa\/","title":{"rendered":"\u00d6nkorm\u00e1nyzati elismer\u00e9sek \u00fcnnep\u00e9lyes \u00e1tad\u00e1sa"},"content":{"rendered":"<p style=\"text-align: justify;\"><span style=\"font-family: arial, helvetica, sans-serif;\">\u00c9cs K\u00f6zs\u00e9gi \u00d6nkorm\u00e1nyzat K\u00e9pvisel\u0151-test\u00fclete telep\u00fcl\u00e9s\u00fcnkh\u00f6z k\u00f6t\u0151d\u0151 kiemelked\u0151 tev\u00e9kenys\u00e9gek, teljes\u00edtm\u00e9nyek megbecs\u00fcl\u00e9s\u00e9re \u00e9s elismer\u00e9s\u00e9re alap\u00edtott d\u00edjak oda\u00edt\u00e9l\u00e9s\u00e9r\u0151l sz\u00f3l\u00f3 rendelete alapj\u00e1n 2024. \u00e9vben dr. Barsi Ern\u0151 nyugalmazott gyermekorvos r\u00e9sz\u00e9re \u00c9cs K\u00f6zs\u00e9g\u00e9rt Eml\u00e9kplakettet, Eszlinger L\u00e1szl\u00f3 \u00e9csi lakos r\u00e9sz\u00e9re \u00c9cs K\u00f6zs\u00e9g Szolg\u00e1lat\u00e1\u00e9rt D\u00edjat adom\u00e1nyozott.<\/span><\/p>\n<div class=\"wp-block-image\">\n<div class=\"wp-block-image\"><a href=\"https:\/\/ecsfalu.hu\/web\/dr-barsi-erno-kepgaleria\/\"><img fetchpriority=\"high\" decoding=\"async\" class=\"wpa-warning wpa-image-missing-alt aligncenter wp-image-2088\" src=\"https:\/\/ecsfalu.hu\/web\/wp-content\/uploads\/2024\/09\/image004-12.jpg\" alt=\"\" width=\"350\" height=\"467\" data-warning=\"Missing alt text\" srcset=\"https:\/\/ecsfalu.hu\/web\/wp-content\/uploads\/2024\/09\/image004-12.jpg 576w, https:\/\/ecsfalu.hu\/web\/wp-content\/uploads\/2024\/09\/image004-12-225x300.jpg 225w\" sizes=\"(max-width: 350px) 100vw, 350px\" \/><\/a><\/div>\n<\/div>\n<p style=\"text-align: justify;\"><span style=\"font-family: arial, helvetica, sans-serif;\">Dr Barsi Ern\u0151 gyermekorvos \u00c9cs K\u00f6zs\u00e9gben elt\u00f6lt\u00f6tt 38 \u00e9v orvosi p\u00e1lyafut\u00e1s ut\u00e1n 2019-ben vonult nyugd\u00edjba. Az \u00e9vtizedek alatt majd minden csal\u00e1ddal kapcsolatba ker\u00fclt, gy\u00f3gy\u00edtotta gyermekeinket, \u00e9s a csal\u00e1dok \u00e9let\u00e9nek fontos szerepl\u0151j\u00e9v\u00e9 v\u00e1lt. Amennyiben a sz\u00fcks\u00e9g hozta a beteg kisgyermekeket sz\u00e1mtalanszor a k\u00e9s\u0151 esti \u00f3r\u00e1kban is megvizsg\u00e1lta, ell\u00e1tta a sz\u00fcl\u0151ket hasznos tan\u00e1csokkal. Fontos szerepl\u0151je volt \u00c9cs mindennapjainak.<\/span><\/p>\n<p style=\"text-align: justify;\"><span style=\"font-family: arial, helvetica, sans-serif;\">Barsi Ern\u0151 gyermekorvos seg\u00edt\u0151k\u00e9sz, nagybet\u0171s ember maradt olyan eg\u00e9szs\u00e9g\u00fcgyi rendszerben, amelyben az orvosok \u00e9s p\u00e1cienseik sz\u00e1mos neh\u00e9zs\u00e9gbe \u00fctk\u00f6znek. \u00c9csi h\u00e1zi gyermekorvosk\u00e9nt al\u00e1zattal \u00e9s felel\u0151ss\u00e9ggel v\u00e9gezte \u00e9s hivat\u00e1s\u00e1nak tekintette gyermekorvosi munk\u00e1j\u00e1t, nemcsak \u00c9csen, hanem a k\u00f6rzet\u00e9hez tartoz\u00f3 m\u00e1s telep\u00fcl\u00e9seken is. Amennyiben ereje \u00e9s ideje engedi m\u00e9g a mai napig helyettes\u00edt\u00e9st l\u00e1t el a k\u00f6rzetben.<\/span><\/p>\n<div class=\"wp-block-image\">\n<div class=\"wp-block-image\"><a href=\"https:\/\/ecsfalu.hu\/web\/eszlinger-laszlo-kepgaleria\/\"><img decoding=\"async\" class=\"wpa-warning wpa-image-missing-alt aligncenter wp-image-2082\" src=\"https:\/\/ecsfalu.hu\/web\/wp-content\/uploads\/2024\/09\/image002-13.jpg\" alt=\"\" width=\"350\" height=\"467\" data-warning=\"Missing alt text\" srcset=\"https:\/\/ecsfalu.hu\/web\/wp-content\/uploads\/2024\/09\/image002-13.jpg 576w, https:\/\/ecsfalu.hu\/web\/wp-content\/uploads\/2024\/09\/image002-13-225x300.jpg 225w\" sizes=\"(max-width: 350px) 100vw, 350px\" \/><\/a><\/div>\n<\/div>\n<p style=\"text-align: justify;\"><span style=\"font-family: arial, helvetica, sans-serif;\">Eszlinger L\u00e1szl\u00f3 1990-ben k\u00f6lt\u00f6z\u00f6tt csal\u00e1dj\u00e1val \u00c9csre el\u0151sz\u0151r a Kis utc\u00e1ba, majd a K\u00fcls\u0151-Mesterfa utc\u00e1ba, feles\u00e9g\u00e9vel egy\u00fctt az\u00f3ta is a telep\u00fcl\u00e9s\u00fcnk\u00f6n \u00e9l. Gyorsan akt\u00edv polg\u00e1ra lett a falunak, bekapcsol\u00f3dott a helyi k\u00f6z\u00f6ss\u00e9g \u00e9let\u00e9be, melynek folyamatosan az egyik mozgat\u00f3rug\u00f3ja. Ott b\u00e1b\u00e1skodott az \u00c9csi Polg\u00e1r\u0151r Egyes\u00fclet alap\u00edt\u00e1s\u00e1n\u00e1l, melynek tagjak\u00e9nt fontos feladat\u00e1nak tekintette, telep\u00fcl\u00e9s\u00fcnk \u00e9s az itt \u00e9l\u0151k k\u00f6zbiztons\u00e1g\u00e1nak meg\u00f3v\u00e1s\u00e1t.<\/span><\/p>\n<p style=\"text-align: justify;\"><span style=\"font-family: arial, helvetica, sans-serif;\">A polg\u00e1r\u0151s\u00e9g parancsnok\u00e1v\u00e1 v\u00e1lasztott\u00e1k \u00e9s ezt a poz\u00edci\u00f3t t\u00f6bb \u00e9vig bet\u00f6lt\u00f6tte, majd az arr\u00f3l t\u00f6rt\u00e9n\u0151 lemond\u00e1sa ut\u00e1n is a mai napig akt\u00edv polg\u00e1r\u0151r maradt. Az Egyh\u00e1zk\u00f6zs\u00e9gben is sok-sok \u00e9ve a vil\u00e1gi tan\u00e1csad\u00f3 test\u00fclet tagja. Sz\u00edv\u00fcgy\u00e9nek \u00e9s fontos feladat\u00e1nak \u00e9rezte mindig is a katolikus templomunk \u00e9s temet\u0151ink renden tart\u00e1s\u00e1t. A helyi \u00e9s orsz\u00e1gos v\u00e1laszt\u00e1sok alkalm\u00e1val m\u00e1r r\u00e9g\u00f3ta tagja volt a helyi szavazatsz\u00e1ml\u00e1l\u00f3 bizotts\u00e1gnak, ahol munk\u00e1j\u00e1t mindig prec\u00edzen, pontosan v\u00e9gezte.<\/span><\/p>\n<p style=\"text-align: justify;\"><span style=\"font-family: arial, helvetica, sans-serif;\">A civil kezdem\u00e9nyez\u00e9sek sor\u00e1n mindig sz\u00e1m\u00edtani lehetett r\u00e1, munk\u00e1ja \u00e9s csal\u00e1dja mellett rengeteg \u00f6nk\u00e9ntes munk\u00e1t v\u00e9gzett, mellyel telep\u00fcl\u00e9s\u00fcnk fejl\u0151d\u00e9s\u00e9t szolg\u00e1lta \u00e9s mindezen tev\u00e9kenys\u00e9gekkel hozz\u00e1j\u00e1rult \u00c9cs k\u00f6zs\u00e9g tekint\u00e9ly\u00e9nek \u00e9s j\u00f3 h\u00edr\u00e9nek n\u00f6vel\u00e9s\u00e9hez.<\/span><\/p>\n<p style=\"text-align: justify;\"><span style=\"font-family: arial, helvetica, sans-serif;\">\u00c9cs K\u00f6zs\u00e9gi \u00d6nkorm\u00e1nyzat \u00e9s a K\u00e9pvisel\u0151-test\u00fclet nev\u00e9ben gratul\u00e1lunk az elismer\u0151 c\u00edmekhez!<\/span><\/p>\n<p>&nbsp;<\/p>\n","protected":false},"excerpt":{"rendered":"<p>\u00c9cs K\u00f6zs\u00e9gi \u00d6nkorm\u00e1nyzat K\u00e9pvisel\u0151-test\u00fclete telep\u00fcl\u00e9s\u00fcnkh\u00f6z k\u00f6t\u0151d\u0151 kiemelked\u0151 tev\u00e9kenys\u00e9gek, teljes\u00edtm\u00e9nyek megbecs\u00fcl\u00e9s\u00e9re \u00e9s elismer\u00e9s\u00e9re alap\u00edtott d\u00edjak oda\u00edt\u00e9l\u00e9s\u00e9r\u0151l sz\u00f3l\u00f3 rendelete alapj\u00e1n 2024. \u00e9vben<\/p>\n","protected":false},"author":3,"featured_media":2085,"comment_status":"closed","ping_status":"closed","sticky":false,"template":"","format":"standard","meta":{"colormag_page_container_layout":"default_layout","colormag_page_sidebar_layout":"default_layout","footnotes":""},"categories":[21],"tags":[],"class_list":["post-2103","post","type-post","status-publish","format-standard","has-post-thumbnail","hentry","category-hirek"],"_links":{"self":[{"href":"https:\/\/ecsfalu.hu\/web\/wp-json\/wp\/v2\/posts\/2103","targetHints":{"allow":["GET"]}}],"collection":[{"href":"https:\/\/ecsfalu.hu\/web\/wp-json\/wp\/v2\/posts"}],"about":[{"href":"https:\/\/ecsfalu.hu\/web\/wp-json\/wp\/v2\/types\/post"}],"author":[{"embeddable":true,"href":"https:\/\/ecsfalu.hu\/web\/wp-json\/wp\/v2\/users\/3"}],"replies":[{"embeddable":true,"href":"https:\/\/ecsfalu.hu\/web\/wp-json\/wp\/v2\/comments?post=2103"}],"version-history":[{"count":3,"href":"https:\/\/ecsfalu.hu\/web\/wp-json\/wp\/v2\/posts\/2103\/revisions"}],"predecessor-version":[{"id":2107,"href":"https:\/\/ecsfalu.hu\/web\/wp-json\/wp\/v2\/posts\/2103\/revisions\/2107"}],"wp:featuredmedia":[{"embeddable":true,"href":"https:\/\/ecsfalu.hu\/web\/wp-json\/wp\/v2\/media\/2085"}],"wp:attachment":[{"href":"https:\/\/ecsfalu.hu\/web\/wp-json\/wp\/v2\/media?parent=2103"}],"wp:term":[{"taxonomy":"category","embeddable":true,"href":"https:\/\/ecsfalu.hu\/web\/wp-json\/wp\/v2\/categories?post=2103"},{"taxonomy":"post_tag","embeddable":true,"href":"https:\/\/ecsfalu.hu\/web\/wp-json\/wp\/v2\/tags?post=2103"}],"curies":[{"name":"wp","href":"https:\/\/api.w.org\/{rel}","templated":true}]}}