{"id":2427,"date":"2025-01-28T09:50:58","date_gmt":"2025-01-28T08:50:58","guid":{"rendered":"https:\/\/ecsfalu.hu\/web\/?p=2427"},"modified":"2025-01-28T09:50:58","modified_gmt":"2025-01-28T08:50:58","slug":"reszben-megszuno-szelektiv-szigetek","status":"publish","type":"post","link":"https:\/\/ecsfalu.hu\/web\/reszben-megszuno-szelektiv-szigetek\/","title":{"rendered":"R\u00e9szben megsz\u0171n\u0151 szelekt\u00edv szigetek"},"content":{"rendered":"<p style=\"text-align: justify;\"><span style=\"font-family: arial, helvetica, sans-serif; font-size: 10pt;\">A GYHG 2025. febru\u00e1r 01-\u00e9n \u00c9csen megkezdi a n\u00e9gyhetente, h\u00e1zhoz men\u0151 szelekt\u00edv hullad\u00e9kgy\u0171jt\u0151 szolg\u00e1ltat\u00e1s\u00e1t.<\/span><\/p>\n<p style=\"text-align: justify;\"><span style=\"font-family: arial, helvetica, sans-serif; font-size: 10pt;\">Ezzel p\u00e1rhuzamosan felsz\u00e1molja a szelekt\u00edv szigetek egy r\u00e9sz\u00e9t, 2025. febru\u00e1r 04-t\u0151l megkezdik a m\u0171anyag, a pap\u00edr \u00e9s a f\u00e9m hullad\u00e9kgy\u0171jt\u0151 ed\u00e9nyek besz\u00e1ll\u00edt\u00e1s\u00e1t. A szelekt\u00edv szigeteken csak \u00e9s kiz\u00e1r\u00f3lag az \u00fcveggy\u0171jt\u0151 kont\u00e9nerek maradnak. Ett\u0151l a d\u00e1tumt\u00f3l kezdve a szelekt\u00edven gy\u0171jt\u00f6tt m\u0171anyag, pap\u00edr \u00e9s f\u00e9m csak a h\u00e1zhoz men\u0151 szelekt\u00edv hullad\u00e9kgy\u0171jt\u00e9s keret\u00e9ben adhat\u00f3 le kezdetben s\u00e1rga zs\u00e1kban, melyet id\u0151vel felv\u00e1lt a s\u00e1rga m\u0171anyag kuka.<\/span><\/p>\n<p style=\"text-align: justify;\">\n<p style=\"text-align: justify;\">\n<div class=\"wp-block-image\" style=\"text-align: justify;\">\u00a0 \u00a0 \u00a0 \u00a0 \u00a0 \u00a0 \u00a0 \u00a0 \u00a0 \u00a0 \u00a0 \u00a0 \u00a0 \u00a0 \u00a0 \u00a0 \u00a0 \u00a0 <img fetchpriority=\"high\" decoding=\"async\" class=\"wpa-warning wpa-image-missing-alt  wp-image-2429 aligncenter\" src=\"https:\/\/ecsfalu.hu\/web\/wp-content\/uploads\/2025\/01\/szelektiv-1-1024x768.jpg\" alt=\"\" width=\"451\" height=\"338\" data-warning=\"Missing alt text\" srcset=\"https:\/\/ecsfalu.hu\/web\/wp-content\/uploads\/2025\/01\/szelektiv-1-1024x768.jpg 1024w, https:\/\/ecsfalu.hu\/web\/wp-content\/uploads\/2025\/01\/szelektiv-1-300x225.jpg 300w, https:\/\/ecsfalu.hu\/web\/wp-content\/uploads\/2025\/01\/szelektiv-1-768x576.jpg 768w, https:\/\/ecsfalu.hu\/web\/wp-content\/uploads\/2025\/01\/szelektiv-1-1536x1152.jpg 1536w, https:\/\/ecsfalu.hu\/web\/wp-content\/uploads\/2025\/01\/szelektiv-1.jpg 2048w\" sizes=\"(max-width: 451px) 100vw, 451px\" \/><\/div>\n<div><\/div>\n<div class=\"wp-block-image\" style=\"text-align: justify;\"><img decoding=\"async\" class=\"wpa-warning wpa-image-missing-alt  wp-image-2428 aligncenter\" style=\"outline-color: #b32d2e; outline-width: 4px;\" src=\"https:\/\/ecsfalu.hu\/web\/wp-content\/uploads\/2025\/01\/szelektiv-2-1024x768.jpg\" alt=\"\" width=\"452\" height=\"339\" data-warning=\"Missing alt text\" srcset=\"https:\/\/ecsfalu.hu\/web\/wp-content\/uploads\/2025\/01\/szelektiv-2-1024x768.jpg 1024w, https:\/\/ecsfalu.hu\/web\/wp-content\/uploads\/2025\/01\/szelektiv-2-300x225.jpg 300w, https:\/\/ecsfalu.hu\/web\/wp-content\/uploads\/2025\/01\/szelektiv-2-768x576.jpg 768w, https:\/\/ecsfalu.hu\/web\/wp-content\/uploads\/2025\/01\/szelektiv-2-1536x1152.jpg 1536w, https:\/\/ecsfalu.hu\/web\/wp-content\/uploads\/2025\/01\/szelektiv-2.jpg 2048w\" sizes=\"(max-width: 452px) 100vw, 452px\" \/><\/div>\n<p style=\"text-align: justify;\">\n<p style=\"text-align: justify;\"><span style=\"font-family: arial, helvetica, sans-serif; font-size: 10pt;\">Fentiek alapj\u00e1n k\u00e9rem, hogy aki m\u00e9g nem vette \u00e1t az \u00f6nkorm\u00e1nyzatn\u00e1l a szelekt\u00edv hullad\u00e9kgy\u0171jt\u00e9shez haszn\u00e1latos s\u00e1rga zs\u00e1kokat, az hivatali id\u0151ben a polg\u00e1rmesteri hivatalban tegye meg.<\/span><\/p>\n<div class=\"wp-block-image\" style=\"text-align: justify;\"><img decoding=\"async\" class=\"wpa-warning wpa-image-missing-alt  wp-image-2432 aligncenter\" src=\"https:\/\/ecsfalu.hu\/web\/wp-content\/uploads\/2025\/01\/sraga-zsak-768x1024.jpg\" alt=\"\" width=\"307\" height=\"410\" data-warning=\"Missing alt text\" srcset=\"https:\/\/ecsfalu.hu\/web\/wp-content\/uploads\/2025\/01\/sraga-zsak-768x1024.jpg 768w, https:\/\/ecsfalu.hu\/web\/wp-content\/uploads\/2025\/01\/sraga-zsak-225x300.jpg 225w, https:\/\/ecsfalu.hu\/web\/wp-content\/uploads\/2025\/01\/sraga-zsak.jpg 1080w\" sizes=\"(max-width: 307px) 100vw, 307px\" \/><\/div>\n<p style=\"text-align: justify;\">\n<p style=\"text-align: justify;\"><span style=\"font-family: arial, helvetica, sans-serif; font-size: 10pt;\">Minden kezdet neh\u00e9z, szokt\u00e1k mondani. V\u00e9lem\u00e9nyem szerint a szolg\u00e1ltat\u00e1s bej\u00e1rat\u00e1s\u00e1val \u00e9s a s\u00e1rga kuk\u00e1k kioszt\u00e1s\u00e1val egy \u00e9lhet\u0151 helyzet fog kialakulni a szelekt\u00edv hullad\u00e9kgy\u0171jt\u00e9s ter\u00e9n. A szelekt\u00edv szigetek k\u00f6rny\u00e9k\u00e9nek rendben tart\u00e1sa sok energi\u00e1j\u00e1ba \u00e9s p\u00e9nz\u00e9be ker\u00fclt az \u00f6nkorm\u00e1nyzatnak a szab\u00e1lytalanul letett \u00e9s oda nem val\u00f3 hullad\u00e9kok miatt.<\/span><\/p>\n<p style=\"text-align: justify;\"><span style=\"font-family: arial, helvetica, sans-serif; font-size: 10pt;\">A h\u00e1zhoz men\u0151 szolg\u00e1ltat\u00e1s mindazon GYHG \u00fcgyf\u00e9l sz\u00e1m\u00e1ra ingyenesen el\u00e9rhet\u0151, aki sz\u00fcrke \u00e9s\/vagy barna kuk\u00e1val rendelkezik. Sz\u00fcrke zs\u00e1kos \u00fcgyfelekn\u00e9l ezen szolg\u00e1ltat\u00e1s egyenl\u0151re nem el\u00e9rhet\u0151, de dolgoznak a megold\u00e1son. Aki szelekt\u00edv hullad\u00e9k\u00e1t egy\u00e1ltal\u00e1n nem tudja elhelyezni, az a hullad\u00e9kudvart tudja tov\u00e1bbra is ig\u00e9nybe venni.<\/span><\/p>\n<p style=\"text-align: justify;\"><span style=\"font-family: arial, helvetica, sans-serif; font-size: 10pt;\">Rem\u00e9nyeim szerint a bevezetend\u0151 \u00faj rendszer \u00e9s a szelekt\u00edv szigetek r\u00e9szbeni felsz\u00e1mol\u00e1sa egy tiszt\u00e1bb k\u00f6rnyezetet eredm\u00e9nyez, ehhez k\u00e9rem az \u00d6n\u00f6k egy\u00fcttm\u0171k\u00f6d\u00e9s\u00e9t!<\/span><\/p>\n<p>&nbsp;<\/p>\n<p style=\"padding-left: 120px; text-align: center;\"><span style=\"font-family: arial, helvetica, sans-serif; font-size: 10pt;\">dr. Szab\u00f3 Norbert polg\u00e1rmester<\/span><\/p>\n","protected":false},"excerpt":{"rendered":"<p>A GYHG 2025. febru\u00e1r 01-\u00e9n \u00c9csen megkezdi a n\u00e9gyhetente, h\u00e1zhoz men\u0151 szelekt\u00edv hullad\u00e9kgy\u0171jt\u0151 szolg\u00e1ltat\u00e1s\u00e1t. Ezzel p\u00e1rhuzamosan felsz\u00e1molja a szelekt\u00edv szigetek<\/p>\n","protected":false},"author":3,"featured_media":2400,"comment_status":"closed","ping_status":"closed","sticky":false,"template":"","format":"standard","meta":{"colormag_page_container_layout":"default_layout","colormag_page_sidebar_layout":"default_layout","footnotes":""},"categories":[21],"tags":[],"class_list":["post-2427","post","type-post","status-publish","format-standard","has-post-thumbnail","hentry","category-hirek"],"_links":{"self":[{"href":"https:\/\/ecsfalu.hu\/web\/wp-json\/wp\/v2\/posts\/2427","targetHints":{"allow":["GET"]}}],"collection":[{"href":"https:\/\/ecsfalu.hu\/web\/wp-json\/wp\/v2\/posts"}],"about":[{"href":"https:\/\/ecsfalu.hu\/web\/wp-json\/wp\/v2\/types\/post"}],"author":[{"embeddable":true,"href":"https:\/\/ecsfalu.hu\/web\/wp-json\/wp\/v2\/users\/3"}],"replies":[{"embeddable":true,"href":"https:\/\/ecsfalu.hu\/web\/wp-json\/wp\/v2\/comments?post=2427"}],"version-history":[{"count":1,"href":"https:\/\/ecsfalu.hu\/web\/wp-json\/wp\/v2\/posts\/2427\/revisions"}],"predecessor-version":[{"id":2433,"href":"https:\/\/ecsfalu.hu\/web\/wp-json\/wp\/v2\/posts\/2427\/revisions\/2433"}],"wp:featuredmedia":[{"embeddable":true,"href":"https:\/\/ecsfalu.hu\/web\/wp-json\/wp\/v2\/media\/2400"}],"wp:attachment":[{"href":"https:\/\/ecsfalu.hu\/web\/wp-json\/wp\/v2\/media?parent=2427"}],"wp:term":[{"taxonomy":"category","embeddable":true,"href":"https:\/\/ecsfalu.hu\/web\/wp-json\/wp\/v2\/categories?post=2427"},{"taxonomy":"post_tag","embeddable":true,"href":"https:\/\/ecsfalu.hu\/web\/wp-json\/wp\/v2\/tags?post=2427"}],"curies":[{"name":"wp","href":"https:\/\/api.w.org\/{rel}","templated":true}]}}