{"id":2943,"date":"2025-04-15T09:17:38","date_gmt":"2025-04-15T07:17:38","guid":{"rendered":"https:\/\/ecsfalu.hu\/web\/?p=2943"},"modified":"2025-10-14T09:47:35","modified_gmt":"2025-10-14T07:47:35","slug":"e-c-s-i-c-e-t-r-u-m-egyesulet","status":"publish","type":"post","link":"https:\/\/ecsfalu.hu\/web\/e-c-s-i-c-e-t-r-u-m-egyesulet\/","title":{"rendered":"\u00c9.C.S.I.C.E.T.R.U.M. Egyes\u00fclet"},"content":{"rendered":"<div class=\"wp-block-image\"><img fetchpriority=\"high\" decoding=\"async\" class=\"wpa-warning wpa-image-missing-alt alignnone size-full wp-image-2945 aligncenter\" src=\"https:\/\/ecsfalu.hu\/web\/wp-content\/uploads\/2025\/04\/20250415_EcsiCentrum.jpg\" alt=\"\" width=\"225\" height=\"225\" data-warning=\"Missing alt text\" srcset=\"https:\/\/ecsfalu.hu\/web\/wp-content\/uploads\/2025\/04\/20250415_EcsiCentrum.jpg 225w, https:\/\/ecsfalu.hu\/web\/wp-content\/uploads\/2025\/04\/20250415_EcsiCentrum-150x150.jpg 150w\" sizes=\"(max-width: 225px) 100vw, 225px\" \/><\/div>\n<div><\/div>\n<p style=\"text-align: center;\"><span style=\"font-family: arial, helvetica, sans-serif;\"><strong>\u00c9<\/strong>rt\u00e9kteremt\u0151 <strong>C<\/strong>\u00e9lzat\u00fa, <strong>S<\/strong>z\u00f3rakoztat\u00f3 \u00e9s<\/span><br \/>\n<span style=\"font-family: arial, helvetica, sans-serif;\"><em>I<\/em>nform\u00e1ci\u00f3\u00f6r\u00f6k\u00edt\u0151 <strong>C<\/strong>\u00e9l\u00e9rt <strong>E<\/strong>gyes\u00fclt,<\/span><br \/>\n<span style=\"font-family: arial, helvetica, sans-serif;\"><strong>N<\/strong>atur\u00e1lis <strong>T<\/strong>erm\u00e9szetbar\u00e1t <strong>R<\/strong>ealist\u00e1k<\/span><br \/>\n<span style=\"font-family: arial, helvetica, sans-serif;\"><strong>U<\/strong>nalom\u0171z\u0151<strong>\u00a0M<\/strong>egmozdul\u00e1sa <strong>E<\/strong>gyes\u00fclet<\/span><\/p>\n<p>&nbsp;<\/p>\n<p>&nbsp;<\/p>\n<p style=\"text-align: justify;\"><span style=\"font-family: arial, helvetica, sans-serif;\">Az \u00c9.C.S.I.C.E.T.R.U.M. Egyes\u00fclet 2020-ban j\u00f6tt l\u00e9tre h\u00e1rom elk\u00f6telezett csal\u00e1d \u00f6sszefog\u00e1s\u00e1val <\/span><span style=\"font-family: arial, helvetica, sans-serif;\">azzal a c\u00e9llal, hogy akt\u00edvan hozz\u00e1j\u00e1ruljon \u00c9cs telep\u00fcl\u00e9s fejl\u0151d\u00e9s\u00e9hez \u00e9s \u00e9lhet\u0151s\u00e9g\u00e9nek <\/span><span style=\"font-family: arial, helvetica, sans-serif;\">n\u00f6vel\u00e9s\u00e9hez. A szervezet alap\u00edt\u00f3i sz\u00edv\u00fcgy\u00fcknek tekintik a falu arculat\u00e1nak szebb\u00e9 \u00e9s <\/span><span style=\"font-family: arial, helvetica, sans-serif;\">rendezettebb\u00e9 t\u00e9tel\u00e9t, a term\u00e9szeti \u00e9s \u00e9p\u00edtett k\u00f6rnyezet meg\u00f3v\u00e1s\u00e1t, valamint a helyi <\/span><span style=\"font-family: arial, helvetica, sans-serif;\">k\u00f6z\u00f6ss\u00e9gi \u00e9let er\u0151s\u00edt\u00e9s\u00e9t. Az Egyes\u00fclet tev\u00e9kenys\u00e9geinek k\u00f6z\u00e9ppontj\u00e1ban a k\u00f6z\u00f6ss\u00e9g <\/span><span style=\"font-family: arial, helvetica, sans-serif;\">szolg\u00e1lata, a szoci\u00e1lisan r\u00e1szorul\u00f3k t\u00e1mogat\u00e1sa, valamint v\u00e1ltozatos programok szervez\u00e9se \u00e1ll.<\/span><\/p>\n<p><span style=\"font-family: arial, helvetica, sans-serif;\">A szervezet egyik f\u0151 c\u00e9lkit\u0171z\u00e9se, hogy \u00c9cs lak\u00f3i sz\u00e1m\u00e1ra el\u00e9rhet\u0151v\u00e9 tegye a kultur\u00e1lis \u00e9s <\/span><span style=\"font-family: arial, helvetica, sans-serif;\">sz\u00f3rakoztat\u00f3 esem\u00e9nyeket, valamint ismeretterjeszt\u0151 \u00e9s szabadid\u0151s programokat biztos\u00edtson, <\/span><span style=\"font-family: arial, helvetica, sans-serif;\">amelyek nemcsak kikapcsol\u00f3d\u00e1si lehet\u0151s\u00e9get ny\u00fajtanak, hanem\u00a0 k\u00f6z\u00f6ss\u00e9g\u00e9p\u00edt\u0151 szerepet is <\/span><span style=\"font-family: arial, helvetica, sans-serif;\">bet\u00f6ltenek.<\/span><\/p>\n<p><span style=\"font-family: arial, helvetica, sans-serif;\">Az Egyes\u00fclet elk\u00f6telezett h\u00edve annak, hogy a k\u00f6z\u00f6s \u00e9lm\u00e9nyek \u00e9s egy\u00fcttm\u0171k\u00f6d\u00e9s r\u00e9v\u00e9n er\u0151sebb <\/span><span style=\"font-family: arial, helvetica, sans-serif;\">k\u00f6z\u00f6ss\u00e9gi kapcsolatok alakuljanak ki a faluban \u00e9l\u0151k k\u00f6z\u00f6tt.<\/span><\/p>\n<p><span style=\"font-family: arial, helvetica, sans-serif;\">Az \u00c9.C.S.I.C.E.T.R.U.M. Egyes\u00fclet emellett fontosnak tartja a t\u00e1rsadalmi felel\u0151ss\u00e9gv\u00e1llal\u00e1st is: <\/span><span style=\"font-family: arial, helvetica, sans-serif;\">adom\u00e1nyozunk \u00e9s j\u00f3t\u00e9konys\u00e1gi akci\u00f3kat szervez\u00fcnk, amelyek c\u00e9lja a r\u00e1szorul\u00f3, kiszolg\u00e1ltatott <\/span><span style=\"font-family: arial, helvetica, sans-serif;\">emberek t\u00e1mogat\u00e1sa. Ezen tev\u00e9kenys\u00e9gek sor\u00e1n az anyagi seg\u00edts\u00e9gny\u00fajt\u00e1s mellett igyekszik <\/span><span style=\"font-family: arial, helvetica, sans-serif;\">lelki t\u00e1mogat\u00e1st is biztos\u00edtani azok sz\u00e1m\u00e1ra, akik neh\u00e9z helyzetben \u00e9lnek.<\/span><\/p>\n<p><span style=\"font-family: arial, helvetica, sans-serif;\">Az Egyes\u00fclet munk\u00e1ja sor\u00e1n mindig figyelembe veszi a helyi ig\u00e9nyeket \u00e9s t\u00f6rekszik arra, hogy <\/span><span style=\"font-family: arial, helvetica, sans-serif;\">mindenki sz\u00e1m\u00e1ra el\u00e9rhet\u0151 \u00e9s hasznos programokat k\u00edn\u00e1ljon.<\/span><\/p>\n<p><span style=\"font-family: arial, helvetica, sans-serif;\">Fontos pill\u00e9re a szervezet m\u0171k\u00f6d\u00e9s\u00e9nek az egy\u00fcttm\u0171k\u00f6d\u00e9s m\u00e1s civil szervezetekkel, <\/span><span style=\"font-family: arial, helvetica, sans-serif;\">\u00f6nkorm\u00e1nyzati int\u00e9zm\u00e9nyekkel \u00e9s helyi v\u00e1llalkoz\u00e1sokkal. Ezek a partners\u00e9gek lehet\u0151s\u00e9get <\/span><span style=\"font-family: arial, helvetica, sans-serif;\">ny\u00fajtanak arra, hogy m\u00e9g sz\u00e9lesebb k\u00f6r\u0171 t\u00e1mogat\u00e1st tudjanak biztos\u00edtani a k\u00f6z\u00f6ss\u00e9g tagjai <\/span><span style=\"font-family: arial, helvetica, sans-serif;\">sz\u00e1m\u00e1ra, \u00e9s hat\u00e9konyabban val\u00f3s\u00edthass\u00e1k meg c\u00e9ljaikat.<\/span><\/p>\n<p><span style=\"font-family: arial, helvetica, sans-serif;\">Az Egyes\u00fclet nyitott minden olyan szem\u00e9ly el\u0151tt, aki szeretne akt\u00edvan r\u00e9szt venni a k\u00f6z\u00f6ss\u00e9gi <\/span><span style=\"font-family: arial, helvetica, sans-serif;\">\u00e9letben, hozz\u00e1j\u00e1rulna a falu fejl\u0151d\u00e9s\u00e9hez, \u00e9s sz\u00edvesen bekapcsol\u00f3dna a szervezet \u00e1ltal k\u00edn\u00e1lt <\/span><span style=\"font-family: arial, helvetica, sans-serif;\">programokba. Legyen sz\u00f3 \u00f6nk\u00e9ntes munk\u00e1r\u00f3l, \u00f6tletek megval\u00f3s\u00edt\u00e1s\u00e1r\u00f3l vagy puszt\u00e1n a <\/span><span style=\"font-family: arial, helvetica, sans-serif;\">r\u00e9szv\u00e9telr\u0151l.<\/span><\/p>\n<p><span style=\"font-family: arial, helvetica, sans-serif;\">Legy\u00e9l ak\u00e1r \u00f6nk\u00e9ntes, \u00f6tletgazda, vagy lelkes r\u00e9sztvev\u0151 \u2013 <strong>n\u00e1lunk j\u00f3 helyen vagy<\/strong>, \u00e9s mindig <\/span><span style=\"font-family: arial, helvetica, sans-serif;\">sz\u00edvesen l\u00e1tunk!<\/span><\/p>\n<p><span style=\"font-family: arial, helvetica, sans-serif;\">Tov\u00e1bbi inform\u00e1ci\u00f3k a tags\u00e1gr\u00f3l, az aktu\u00e1lis esem\u00e9nyekr\u0151l \u00e9s programokr\u00f3l el\u00e9rhet\u0151k az <\/span><span style=\"font-family: arial, helvetica, sans-serif;\">Egyes\u00fclet hivatalos kommunik\u00e1ci\u00f3s csatorn\u00e1in, ahol az \u00e9rdekl\u0151d\u0151k folyamatosan naprak\u00e9sz <\/span><span style=\"font-family: arial, helvetica, sans-serif;\">h\u00edreket \u00e9s inform\u00e1ci\u00f3kat tal\u00e1lhatnak.<\/span><\/p>\n<p>Orb\u00e1n Kriszti\u00e1n<br \/>\neln\u00f6k<\/p>\n<div><\/div>\n<hr \/>\n<div><\/div>\n<div style=\"text-align: center;\"><span style=\"font-family: arial, helvetica, sans-serif;\"><strong>C\u00edm:<\/strong> 9083 \u00c9cs F\u0151 utca 82.<\/span><br \/>\n<span style=\"font-family: arial, helvetica, sans-serif;\"><strong>Ad\u00f3sz\u00e1m:<\/strong> 19234333-1-08<\/span><br \/>\n<span style=\"font-family: arial, helvetica, sans-serif;\"><strong>email:<\/strong> ecsicentrumegyesulet[kukac]gmail[pont]com<\/span><\/div>\n<div style=\"text-align: center;\"><strong>Facebook: <\/strong><a href=\"https:\/\/www.facebook.com\/ecsicentrum\/\">https:\/\/www.facebook.com\/ecsicentrum\/<\/a><\/div>\n","protected":false},"excerpt":{"rendered":"<p>\u00c9rt\u00e9kteremt\u0151 C\u00e9lzat\u00fa, Sz\u00f3rakoztat\u00f3 \u00e9s Inform\u00e1ci\u00f3\u00f6r\u00f6k\u00edt\u0151 C\u00e9l\u00e9rt Egyes\u00fclt, Natur\u00e1lis Term\u00e9szetbar\u00e1t Realist\u00e1k Unalom\u0171z\u0151\u00a0Megmozdul\u00e1sa Egyes\u00fclet &nbsp; &nbsp; Az \u00c9.C.S.I.C.E.T.R.U.M. Egyes\u00fclet 2020-ban j\u00f6tt l\u00e9tre<\/p>\n","protected":false},"author":3,"featured_media":2945,"comment_status":"closed","ping_status":"closed","sticky":false,"template":"","format":"standard","meta":{"colormag_page_container_layout":"default_layout","colormag_page_sidebar_layout":"default_layout","footnotes":""},"categories":[142],"tags":[],"class_list":["post-2943","post","type-post","status-publish","format-standard","has-post-thumbnail","hentry","category-civil-szervezetek"],"_links":{"self":[{"href":"https:\/\/ecsfalu.hu\/web\/wp-json\/wp\/v2\/posts\/2943","targetHints":{"allow":["GET"]}}],"collection":[{"href":"https:\/\/ecsfalu.hu\/web\/wp-json\/wp\/v2\/posts"}],"about":[{"href":"https:\/\/ecsfalu.hu\/web\/wp-json\/wp\/v2\/types\/post"}],"author":[{"embeddable":true,"href":"https:\/\/ecsfalu.hu\/web\/wp-json\/wp\/v2\/users\/3"}],"replies":[{"embeddable":true,"href":"https:\/\/ecsfalu.hu\/web\/wp-json\/wp\/v2\/comments?post=2943"}],"version-history":[{"count":10,"href":"https:\/\/ecsfalu.hu\/web\/wp-json\/wp\/v2\/posts\/2943\/revisions"}],"predecessor-version":[{"id":3597,"href":"https:\/\/ecsfalu.hu\/web\/wp-json\/wp\/v2\/posts\/2943\/revisions\/3597"}],"wp:featuredmedia":[{"embeddable":true,"href":"https:\/\/ecsfalu.hu\/web\/wp-json\/wp\/v2\/media\/2945"}],"wp:attachment":[{"href":"https:\/\/ecsfalu.hu\/web\/wp-json\/wp\/v2\/media?parent=2943"}],"wp:term":[{"taxonomy":"category","embeddable":true,"href":"https:\/\/ecsfalu.hu\/web\/wp-json\/wp\/v2\/categories?post=2943"},{"taxonomy":"post_tag","embeddable":true,"href":"https:\/\/ecsfalu.hu\/web\/wp-json\/wp\/v2\/tags?post=2943"}],"curies":[{"name":"wp","href":"https:\/\/api.w.org\/{rel}","templated":true}]}}