{"id":3325,"date":"2025-09-02T11:07:44","date_gmt":"2025-09-02T09:07:44","guid":{"rendered":"https:\/\/ecsfalu.hu\/web\/?p=3325"},"modified":"2025-09-02T11:10:32","modified_gmt":"2025-09-02T09:10:32","slug":"uj-tanev-uj-kezdet","status":"publish","type":"post","link":"https:\/\/ecsfalu.hu\/web\/uj-tanev-uj-kezdet\/","title":{"rendered":"\u00daj tan\u00e9v, \u00faj kezdet"},"content":{"rendered":"<p style=\"text-align: justify;\"><span style=\"font-family: arial, helvetica, sans-serif;\">Szeptember 01-\u00e9n megnyitotta kapuit \u00c9csen az iskola, az \u00f3voda \u00e9s a b\u00f6lcs\u0151de is. Szeretettel k\u00f6sz\u00f6nt\u00f6m minden kisdi\u00e1kunkat, \u00f3vod\u00e1sunkat \u00e9s b\u00f6lcsis\u00fcnket, akik most indulnak egy \u00faj, \u00e9lm\u00e9nyekkel \u00e9s tud\u00e1ssal teli \u00e9vre.<\/span><\/p>\n<p style=\"text-align: justify;\"><span style=\"font-family: arial, helvetica, sans-serif;\">\u00d6nkorm\u00e1nyzatunk id\u00e9n is minden \u00e9csi iskol\u00e1s gyermeknek ingyenesen biztos\u00edtja a f\u00fczetcsomagot, hogy ezzel is seg\u00edts\u00fck a csal\u00e1dokat az iskolakezd\u00e9s terheinek enyh\u00edt\u00e9s\u00e9ben.<\/span><\/p>\n<p style=\"text-align: justify;\"><span style=\"font-family: arial, helvetica, sans-serif;\">Minden gyermeknek sok sikert, \u00f6r\u00f6m\u00f6t \u00e9s kitart\u00e1st, a sz\u00fcl\u0151knek pedig t\u00fcrelmet \u00e9s sok k\u00f6z\u00f6s, sz\u00e9p pillanatot k\u00edv\u00e1nok az \u00faj tan\u00e9vhez!<\/span><\/p>\n<p style=\"text-align: justify;\"><span style=\"font-family: arial, helvetica, sans-serif;\">K\u00f6sz\u00f6n\u00f6m az <a href=\"https:\/\/www.facebook.com\/ecspolgarorseg?__cft__%5b0%5d=AZUi-_ejzQ2nr91dJDHvI61gRuaiPsLt4Nasvlnpe04KiqBwyT_iw2u9bSG3WGf9-MWskRVYlffewGKcP4Y7a5H1Pky3AXxZ9XlKGj4faV4PZ6D5yoeE41HSmqw3oDMFlPKFkomi6vNK1YHjXC68uhM254ewIy31eLsKhVq6w4f_n6Va3b_iLZkNKJ8bE0MWlq8&amp;__tn__=-%5dK-R\">\u00c9cs Polg\u00e1r\u0151r Egyes\u00fclet<\/a> tagjainak, hogy a kor\u00e1bbi \u00e9vekhez hasonl\u00f3an a tan\u00e9v els\u0151 napjaiban gondoskodnak gyermekeink biztons\u00e1g\u00e1r\u00f3l \u00e9s seg\u00edtik a balesetmentes k\u00f6zleked\u00e9st.<\/span><\/p>\n<p>&nbsp;<\/p>\n<p style=\"padding-left: 80px;\"><span style=\"font-family: arial, helvetica, sans-serif;\">Tisztelettel:<\/span><\/p>\n<p style=\"text-align: center;\"><span style=\"font-family: arial, helvetica, sans-serif;\">dr. Szab\u00f3 Norbert<br \/>\n<\/span><span style=\"font-family: arial, helvetica, sans-serif;\">polg\u00e1rmester<\/span><\/p>\n<div class=\"wp-block-image\"><img fetchpriority=\"high\" decoding=\"async\" class=\"wpa-warning wpa-image-missing-alt alignnone size-full wp-image-3327\" src=\"https:\/\/ecsfalu.hu\/web\/wp-content\/uploads\/2025\/09\/541795589_1080561150956051_2600605476984132970_n.jpg\" alt=\"\" width=\"2550\" height=\"1148\" data-warning=\"Missing alt text\" srcset=\"https:\/\/ecsfalu.hu\/web\/wp-content\/uploads\/2025\/09\/541795589_1080561150956051_2600605476984132970_n.jpg 2550w, https:\/\/ecsfalu.hu\/web\/wp-content\/uploads\/2025\/09\/541795589_1080561150956051_2600605476984132970_n-300x135.jpg 300w, https:\/\/ecsfalu.hu\/web\/wp-content\/uploads\/2025\/09\/541795589_1080561150956051_2600605476984132970_n-1024x461.jpg 1024w, https:\/\/ecsfalu.hu\/web\/wp-content\/uploads\/2025\/09\/541795589_1080561150956051_2600605476984132970_n-768x346.jpg 768w, https:\/\/ecsfalu.hu\/web\/wp-content\/uploads\/2025\/09\/541795589_1080561150956051_2600605476984132970_n-1536x692.jpg 1536w, https:\/\/ecsfalu.hu\/web\/wp-content\/uploads\/2025\/09\/541795589_1080561150956051_2600605476984132970_n-2048x922.jpg 2048w\" sizes=\"(max-width: 2550px) 100vw, 2550px\" \/><\/div>\n<div><\/div>\n<div><\/div>\n<div class=\"wp-block-image\"><img decoding=\"async\" class=\"wpa-warning wpa-image-missing-alt alignnone size-full wp-image-3328\" src=\"https:\/\/ecsfalu.hu\/web\/wp-content\/uploads\/2025\/09\/540480206_1080561227622710_71562715445764584_n.jpg\" alt=\"\" width=\"2048\" height=\"922\" data-warning=\"Missing alt text\" srcset=\"https:\/\/ecsfalu.hu\/web\/wp-content\/uploads\/2025\/09\/540480206_1080561227622710_71562715445764584_n.jpg 2048w, https:\/\/ecsfalu.hu\/web\/wp-content\/uploads\/2025\/09\/540480206_1080561227622710_71562715445764584_n-300x135.jpg 300w, https:\/\/ecsfalu.hu\/web\/wp-content\/uploads\/2025\/09\/540480206_1080561227622710_71562715445764584_n-1024x461.jpg 1024w, https:\/\/ecsfalu.hu\/web\/wp-content\/uploads\/2025\/09\/540480206_1080561227622710_71562715445764584_n-768x346.jpg 768w, https:\/\/ecsfalu.hu\/web\/wp-content\/uploads\/2025\/09\/540480206_1080561227622710_71562715445764584_n-1536x692.jpg 1536w\" sizes=\"(max-width: 2048px) 100vw, 2048px\" \/><\/div>\n","protected":false},"excerpt":{"rendered":"<p>Szeptember 01-\u00e9n megnyitotta kapuit \u00c9csen az iskola, az \u00f3voda \u00e9s a b\u00f6lcs\u0151de is. Szeretettel k\u00f6sz\u00f6nt\u00f6m minden kisdi\u00e1kunkat, \u00f3vod\u00e1sunkat \u00e9s b\u00f6lcsis\u00fcnket,<\/p>\n","protected":false},"author":3,"featured_media":3330,"comment_status":"closed","ping_status":"closed","sticky":false,"template":"","format":"standard","meta":{"colormag_page_container_layout":"default_layout","colormag_page_sidebar_layout":"default_layout","footnotes":""},"categories":[21],"tags":[],"class_list":["post-3325","post","type-post","status-publish","format-standard","has-post-thumbnail","hentry","category-hirek"],"_links":{"self":[{"href":"https:\/\/ecsfalu.hu\/web\/wp-json\/wp\/v2\/posts\/3325","targetHints":{"allow":["GET"]}}],"collection":[{"href":"https:\/\/ecsfalu.hu\/web\/wp-json\/wp\/v2\/posts"}],"about":[{"href":"https:\/\/ecsfalu.hu\/web\/wp-json\/wp\/v2\/types\/post"}],"author":[{"embeddable":true,"href":"https:\/\/ecsfalu.hu\/web\/wp-json\/wp\/v2\/users\/3"}],"replies":[{"embeddable":true,"href":"https:\/\/ecsfalu.hu\/web\/wp-json\/wp\/v2\/comments?post=3325"}],"version-history":[{"count":4,"href":"https:\/\/ecsfalu.hu\/web\/wp-json\/wp\/v2\/posts\/3325\/revisions"}],"predecessor-version":[{"id":3334,"href":"https:\/\/ecsfalu.hu\/web\/wp-json\/wp\/v2\/posts\/3325\/revisions\/3334"}],"wp:featuredmedia":[{"embeddable":true,"href":"https:\/\/ecsfalu.hu\/web\/wp-json\/wp\/v2\/media\/3330"}],"wp:attachment":[{"href":"https:\/\/ecsfalu.hu\/web\/wp-json\/wp\/v2\/media?parent=3325"}],"wp:term":[{"taxonomy":"category","embeddable":true,"href":"https:\/\/ecsfalu.hu\/web\/wp-json\/wp\/v2\/categories?post=3325"},{"taxonomy":"post_tag","embeddable":true,"href":"https:\/\/ecsfalu.hu\/web\/wp-json\/wp\/v2\/tags?post=3325"}],"curies":[{"name":"wp","href":"https:\/\/api.w.org\/{rel}","templated":true}]}}