{"id":567,"date":"2024-09-12T20:23:34","date_gmt":"2024-09-12T18:23:34","guid":{"rendered":"https:\/\/ecsfalu.hu\/web\/?p=567"},"modified":"2024-09-24T19:30:42","modified_gmt":"2024-09-24T17:30:42","slug":"ecs-tortenete","status":"publish","type":"post","link":"https:\/\/ecsfalu.hu\/web\/ecs-tortenete\/","title":{"rendered":"\u00c9cs t\u00f6rt\u00e9nete"},"content":{"rendered":"<div style=\"text-align: justify;\" align=\"justify\"><span class=\"style1\" style=\"font-size: 12pt; font-family: arial, helvetica, sans-serif;\">A Sokor\u00f3i- (Pannonhalmi-) dombvid\u00e9k ravazd-csanaki vonulat\u00e1nak \u00e9szaki r\u00e9sz\u00e9n, annak K-\u00c9K-i oldal\u00e1n telep\u00fclt. Hat\u00e1r\u00e1nak nagy r\u00e9sz\u00e9t m\u00e9ly v\u00edzmos\u00e1sokkal szabdalt dombvonulat uralja. Legkor\u00e1bbi r\u00e9sze a &#8222;szentm\u00e1rtoni&#8221;-nak nevezett v\u00f6lgy perem\u00e9n h\u00faz\u00f3d\u00f3 Gy\u0151r-Veszpr\u00e9m \u00fat mellett \u00e9p\u00fclt annak a telep\u00fcl\u00e9sl\u00e1ncnak r\u00e9szek\u00e9nt, melynek tagjai Gy\u0151r, M\u00e9nf\u0151csanak, Gy\u0151r\u00fajbar\u00e1t, Ny\u00fal, \u00c9cs, Ravazd. Jellemz\u0151 k\u00f6zleked\u00e9si ir\u00e1nya \u00c9NY-D-K-i, vagyis k\u00f6veti a dombvonulat elhelyezked\u00e9s\u00e9t. A telep\u00fcl\u00e9s r\u00e9gi lakott hely volt\u00e1r\u00f3l r\u00e9g\u00e9szeti leletek tan\u00faskodnak, melyek a k\u0151korig ny\u00falnak vissza. Tal\u00e1ltak a k\u00f6rny\u00e9ken r\u00f3mai kori, kelta \u00e9s honfoglal\u00e1s korabeli t\u00e1rgyi eml\u00e9keket is. Ter\u00fclet\u00e9n a k\u00f6z\u00e9pkorban t\u00f6bb lakott hely volt (Kis\u00e9cs, Mesterfa, F\u0171zalja, Petke-v\u00e1r).<\/span><\/div>\n<p style=\"text-align: justify;\" align=\"justify\"><span style=\"font-size: 12pt; font-family: arial, helvetica, sans-serif;\">A k\u00f6zs\u00e9g neve puszta szem\u00e9lyn\u00e9vb\u0151l keletkezett magyar n\u00e9vad\u00e1ssal, els\u0151 \u00edr\u00e1sos eml\u00edt\u00e9se 1172-b\u0151l val\u00f3, ekkor Esu, Echu n\u00e9ven szerepel. Ekkor Konr\u00e1d, a kir\u00e1ly jobb\u00e1gya h\u00e1rom sz\u0151l\u0151t hagyott a pannonhalmi ap\u00e1ts\u00e1gra, \u00e9s egy\u00e9b itteni f\u00f6ldjeit n\u00e9gy unok\u00e1j\u00e1ra. A k\u00e9s\u0151bbiek folyam\u00e1n nagy gyakoris\u00e1ggal szerepel az \u00edrott forr\u00e1sokban. Az \u00c1rp\u00e1d-korban r\u00e9szben kir\u00e1lyi birtok, kir\u00e1lyi n\u00e9pek (udvarnokok, sz\u0151l\u0151s\u00f6k, gy\u0151ri v\u00e1rn\u00e9pek) lakt\u00e1k, r\u00e9szben nemesek \u00e9s egyh\u00e1zak birtokolt\u00e1k. A pannonhalmi ap\u00e1ts\u00e1g tat\u00e1rj\u00e1r\u00e1s el\u0151tti \u00f6ssze\u00edr\u00e1sa szerint a helys\u00e9g egyharmad r\u00e9sze volt az ap\u00e1ts\u00e1g\u00e9.<\/span><\/p>\n<p style=\"text-align: justify;\" align=\"justify\"><span style=\"font-size: 12pt; font-family: arial, helvetica, sans-serif;\">IV. B\u00e9la 1240-ben szab\u00e1lyozta az itt lak\u00f3, a gy\u0151ri v\u00e1rhoz tartoz\u00f3 kir\u00e1lyi sz\u0151l\u0151m\u0171vesek viszonyait. A megel\u0151z\u0151 id\u0151kben \u00c9csen k\u00f6zbirtokoss\u00e1g lakott, ekkort\u00f3l viszont Ech, mint a szentm\u00e1rtoni ap\u00e1ts\u00e1g birtoka szerepel. 1266-ban sz\u0151l\u0151m\u0171veseket \u00e9s udvarnok szolg\u00e1l\u00f3n\u00e9peket adom\u00e1nyozott a t\u00far\u00f3ci pr\u00e9posts\u00e1gnak. Ez ut\u00f3bbi oklev\u00e9lben jelenik meg Nagy\u00e9cs neve els\u0151 \u00edzben. A falu teh\u00e1t a 13. sz\u00e1zadban k\u00e9t telep\u00fcl\u00e9sr\u00e9szb\u0151l \u00e1llt, Nagy\u00e9csb\u0151l \u00e9s Kis\u00e9csb\u0151l. Kis\u00e9cs neve csak a k\u00f6vetkez\u0151 sz\u00e1zadban, 1322-ben jelenik meg oklev\u00e9lben. A kir\u00e1ly 1323-ban K\u00f6cski S\u00e1ndor orsz\u00e1gb\u00edr\u00f3nak adom\u00e1nyozta a nagy\u00e9csi kir\u00e1lyi szolg\u00e1l\u00f3n\u00e9pek f\u00f6ldjeit a pannonhalmi ap\u00e1ts\u00e1ghoz tartoz\u00f3 birtokok kiv\u00e9tel\u00e9vel, s ez alkalommal a birtok (Nagy\u00e9cs) hat\u00e1r\u00e1t is le\u00edrt\u00e1k. K\u00e9s\u0151bbi forr\u00e1sokb\u00f3l ugyanakkor kit\u0171nik, hogy Nagy\u00e9cs k\u00f6r\u00fcl\u00edrt hat\u00e1rai k\u00f6z\u00f6tt a pannonhalmi ap\u00e1ts\u00e1g mellett maradtak m\u00e1s kisebb birtoktestek is idegen (nemesi) k\u00e9zben, illetve a t\u00far\u00f3ci pr\u00e9posts\u00e1gnak is volt birtoka. A k\u00f6z\u00e9pkor folyam\u00e1n birtokolt\u00e1k m\u00e1g a p\u00e1losok, a johannit\u00e1k \u00e9s a gy\u0151ri sz\u00e9kesk\u00e1ptalan. A 14-15. sz\u00e1zadban a pannonhalmi ap\u00e1ts\u00e1g \u00e9s a t\u00far\u00f3ci pr\u00e9posts\u00e1g mellett a p\u00e1poci pr\u00e9posts\u00e1g, \u00e9s m\u00e1s egyh\u00e1zak is birtokoltak sz\u0151l\u0151ket \u00e9s f\u00f6ldeket \u00c9csen (feltehet\u0151en ink\u00e1bb Nagy\u00e9csen).<\/span><\/p>\n<p style=\"text-align: justify;\" align=\"justify\"><span style=\"font-size: 12pt; font-family: arial, helvetica, sans-serif;\">A tizen\u00f6t \u00e9ves h\u00e1bor\u00fa, azon bel\u00fcl Gy\u0151r elfoglal\u00e1sa 1594-ben s\u00falyos k\u00f6vetkezm\u00e9nyekkel j\u00e1rt az itt \u00e9l\u0151kre: mindk\u00e9t \u00c9cs falu elpusztult. Kis\u00e9cs ezt k\u00f6vet\u0151en val\u00f3sz\u00edn\u0171leg m\u00e1r nem is \u00e9ledt \u00fajj\u00e1. A falu hely\u00e9t az \u00fajkori Kis\u00e9cs-puszta k\u00f6rny\u00e9k\u00e9n, teh\u00e1t nagy val\u00f3sz\u00edn\u0171s\u00e9ggel Pannonhalma \u00e9s \u00c9cs hat\u00e1rter\u00fclet\u00e9n, a 82. sz\u00e1m\u00fa \u00fat ment\u00e9n kereshetj\u00fck. Kis\u00e9cs hat\u00e1ra id\u0151vel Nagy\u00e9cs (Nagy\u00e9cshegy), Pannonhalma \u00e9s Ravazd ter\u00fclet\u00e9be olvadt. Nagy\u00e9cs a 17. sz\u00e1zad elej\u00e9n \u00fajratelep\u00fclt. A sz\u00e1zad v\u00e9g\u00e9nek felszabad\u00edt\u00f3 h\u00e1bor\u00fai \u00fajfent sok pusztul\u00e1st okoztak a k\u00f6zs\u00e9gnek. A h\u00e1bor\u00fas esem\u00e9nyek ut\u00e1n 1698-ban 88 feln\u0151tt szem\u00e9lyt \u00edrtak \u00f6ssze. Az egyh\u00e1zl\u00e1togat\u00e1si jegyz\u0151k\u00f6nyv szerint a falu a p\u00e1poci pr\u00e9posts\u00e1g, a gy\u0151ri k\u00e1ptalan \u00e9s a szentm\u00e1rtoni z\u00e1rda tulajdona. Ezt k\u00f6vet\u0151en a R\u00e1k\u00f3czi-szabads\u00e1gharc idej\u00e9n Heister t\u00e1bornok csapatai d\u00falt\u00e1k \u00e9s \u00e9gett\u00e9k fel a k\u00f6rny\u00e9ket. A 18. sz\u00e1zad azut\u00e1n a lass\u00fa \u00e9p\u00edt\u00e9s id\u0151szaka: 1748-ban m\u00e1r k\u00f6zel 700-an lakj\u00e1k, nem sz\u00f3lva az \u00e9ppen ekkort\u00e1jt mellette kialakult hegybeli telep\u00fcl\u00e9sr\u0151l, Nagy\u00e9cshegyr\u0151l, ahol ugyanekkor 552-en \u00e9ltek.<\/span><\/p>\n<p style=\"text-align: justify;\" align=\"justify\"><span style=\"font-size: 12pt; font-family: arial, helvetica, sans-serif;\">A telep\u00fcl\u00e9s k\u00f6z\u00e9pkori fellend\u00fcl\u00e9s\u00e9t nemcsak a nagysz\u00e1m\u00fa birtokadom\u00e1nyoz\u00e1s, v\u00e9tel, csere, egy\u00e9b jog\u00fcgylet \u00e9s az ezzel kapcsolatos nagysz\u00e1m\u00fa \u00edrott forr\u00e1s tan\u00fas\u00edtja, hanem az a t\u00e9ny is, hanem az a t\u00e9ny is, hogy a 14. sz\u00e1zad k\u00f6zep\u00e9n m\u00e1r bizonyosan hetiv\u00e1s\u00e1ros hely volt. I. Lajos kir\u00e1ly 1350-ben a v\u00e1s\u00e1r napj\u00e1t szerd\u00e1r\u00f3l he\u00e9tf\u0151re tette \u00e1t. A telep\u00fcl\u00e9st \u00e1tszelte a Gy\u0151rb\u0151l Veszpr\u00e9m fel\u00e9 vezet\u0151 kereskedelmi \u00e9s katonai szempontb\u00f3l egyar\u00e1nt fontos \u00fatvonal, amely m\u00e1r egy 1426-os oklev\u00e9lben is megjelent.<\/span><\/p>\n<p style=\"text-align: justify;\" align=\"justify\"><span style=\"font-size: 12pt; font-family: arial, helvetica, sans-serif;\">Itt kell megeml\u00edteni, hogy a falu pl\u00e9b\u00e1niatemploma \u00c1rp\u00e1d-kori eredet\u0171. A 17. sz\u00e1zadban m\u00e9g \u00e9l\u0151 hagyom\u00e1ny szerint Szent Istv\u00e1n kir\u00e1ly alap\u00edtotta. 1299-ben az \u00e9csi egyh\u00e1z papjair\u00f3l hallunk, mag\u00e1r\u00f3l a templomr\u00f3l 1323-ban \u00edrnak, ebb\u0151l megtudjuk, hogy a k\u0151templom Szent Istv\u00e1n kir\u00e1ly tisztelet\u00e9re van szentelve. A templom a t\u00f6r\u00f6k id\u0151kben er\u0151sen megrong\u00e1l\u00f3dott, az 1698-as canonica visitatio szerint 1683 el\u0151tt fel\u00faj\u00edtott\u00e1k, de az \u00fajabb t\u00f6r\u00f6k t\u00e1mad\u00e1s idej\u00e9n ism\u00e9t le\u00e9gett. Az 1690 k\u00f6r\u00fcli r\u00e9szleges fel\u00faj\u00edt\u00e1st k\u00f6vet\u0151en a 18. sz\u00e1zad els\u0151 harmad\u00e1ban \u00e1ll\u00edtott\u00e1k helyre. Az \u00e9p\u00fcleten jelent\u0151sebb munk\u00e1latok ezt k\u00f6vet\u0151en a 19. sz\u00e1zad v\u00e9g\u00e9n folytak.<\/span><\/p>\n<p style=\"text-align: justify;\" align=\"justify\"><span style=\"font-size: 12pt; font-family: arial, helvetica, sans-serif;\">A k\u00f6z\u00e9pkor\u00fa falu (Nagy\u00e9cs) \u00e9s a temet\u0151 maradv\u00e1nyait a templom k\u00f6r\u00fcli t\u00e9rs\u00e9gben, teh\u00e1t j\u00f3r\u00e9szt az \u00fajkori (mai) telep\u00fcl\u00e9s (Nagy\u00e9csfalu) hely\u00e9n kereshetj\u00fck. Megjegyzend\u0151, hogy a telep\u00fcl\u00e9s k\u00f6rny\u00e9k\u00e9n n\u00e9gy elpusztult k\u00f6z\u00e9pkori falura is vannak adatok. A m\u00e1r eml\u00edtett Kis\u00e9cs mellett fellelhet\u0151 a forr\u00e1sokban egy Kisfalu (Kisfalud), egy Kiss\u00e1g \u00e9s egy Mesterfalva nev\u0171 telep\u00fcl\u00e9s. Kisfalu \u00e9s Kiss\u00e1g hely\u00e9t \u00c9cs hat\u00e1r\u00e1nak keleti, Pannonhalm\u00e1val hat\u00e1ros r\u00e9sz\u00e9n, illetve Pannonhalma ter\u00fclet\u00e9n kereshetj\u00fck. Mesterfalv\u00e1r\u00f3l egy 1385-ben kelt oklev\u00e9l azt \u00edrja, hogy az \u00e9csi nembeli Mesterfalvai L\u00e1szl\u00f3 alap\u00edtotta. K\u00e9s\u0151bb t\u00f6bb birtokosa is volt. Feltehet\u0151en a l6. sz\u00e1zad v\u00e9g\u00e9n pusztult el, mert a 17. sz\u00e1zadban m\u00e1r pusztak\u00e9nt eml\u00edtik. A falu \u00c9cst\u0151l \u00e9szaknyugatra helyezkedett el.<\/span><\/p>\n<p style=\"text-align: justify;\" align=\"justify\"><span style=\"font-size: 12pt; font-family: arial, helvetica, sans-serif;\">\u00c9cs hat\u00e1r\u00e1ban \u00e1llt a Petkev\u00e1r nev\u0171 t\u00f6r\u00f6k-kori er\u0151ss\u00e9g, amelyre \u00edr\u00e1sos adatok is vannak. A v\u00e1r a ny\u00fali hat\u00e1rhoz k\u00f6zel, a P\u00e1ndzsa-patak keleti oldal\u00e1n emelked\u0151 meredek oldal\u00fa dombtet\u0151n \u00e1llt. Petkev\u00e1rt feltehet\u0151en a 16. sz\u00e1zad m\u00e1sodik fel\u00e9ben emelt\u00e9k, s a Gy\u0151rt k\u00f6r\u00fclvev\u0151 kisebb pal\u00e1nkv\u00e1rak sor\u00e1ba illeszkedett. Val\u00f3szin\u0171leg a tizen\u00f6t \u00e9ves h\u00e1bor\u00fa idej\u00e9n pusztult el.<\/span><\/p>\n<p style=\"text-align: justify;\" align=\"justify\"><span style=\"font-size: 12pt; font-family: arial, helvetica, sans-serif;\">l809-ben a franci\u00e1k vonultak \u00e1t a k\u00f6zs\u00e9gen, melyet az \u00fan. d\u00e9zsmapince homokk\u00f6veiben l\u00e9v\u0151 francia fel\u00edratok is bizyony\u00edtanak. A sorsford\u00edt\u00f3 esem\u00e9nyek sor\u00e1b\u00f3l eml\u00edt\u00e9sre m\u00e9lt\u00f3, hogy az 1848-49-es szabads\u00e1gharcban 36 \u00e9csi vett r\u00e9szt. A k\u00f6zs\u00e9gek az 1898. \u00e9vi IV. t\u00f6rv\u00e9nycikk alapj\u00e1n meg\u00e1llap\u00edtott nevei Nagy\u00e9csfalu \u00e9s Nagy\u00e9cshegy. Az 1920-as helys\u00e9gn\u00e9vt\u00e1rban Nagy-\u00c9csfaluk\u00e9nt \u00e9s Nagy-\u00c9cshegyk\u00e9nt szerepel. A k\u00e9t telep\u00fcl\u00e9st 1936-ban egyes\u00edtett\u00e9k \u00c9cs n\u00e9ven nagyk\u00f6zs\u00e9gk\u00e9nt.<\/span><\/p>\n<p style=\"text-align: justify;\" align=\"justify\"><span style=\"font-size: 12pt; font-family: arial, helvetica, sans-serif;\">1920-ban \u00c9csen avattak az orsz\u00e1gban els\u0151k\u00e9nt vil\u00e1gh\u00e1bor\u00fas eml\u00e9km\u0171vet. Kisebb jelent\u0151s\u00e9g\u0171 volt a Nagyat\u00e1di-f\u00e9le f\u00f6ldreform. 1945-ben 448 kh. f\u00f6ldet osztottak ki.<\/span><\/p>\n<p style=\"text-align: justify;\" align=\"justify\"><span style=\"font-size: 12pt; font-family: arial, helvetica, sans-serif;\">Nem ker\u00fclt\u00e9k el a k\u00f6zs\u00e9get a k\u00e9s\u0151bbi t\u00f6rt\u00e9nelmi esem\u00e9nyek sem. 1956. november 8-\u00e1n d\u00e9lel\u0151tt az \u00e9csi vas\u00fat\u00e1llom\u00e1son b\u00e1ny\u00e1szokb\u00f3l \u00e1ll\u00f3 nemzet\u0151r\u00f6k megt\u00e1madtak egy szovjet konvojt. Az akci\u00f3nak k\u00f6sz\u00f6nhet\u0151en a konvojban\u00a0 sz\u00e1ll\u00edtott mind a tizenh\u00e9t magyar fogoly el tudott menek\u00fclni. A t\u0171zharcban \u00e9let\u00e9t vesztette egy 20 \u00e9ves b\u00e1ny\u00e1sz, Ny\u00edr\u00e1di J\u00f3zsef, akit az esem\u00e9ny harmadnapj\u00e1n az \u00e9csi falusi temet\u0151ben egyh\u00e1zi szertart\u00e1ssal temettek el.<\/span><\/p>\n<p style=\"text-align: justify;\" align=\"justify\"><span style=\"font-size: 12pt; font-family: arial, helvetica, sans-serif;\">\u00c9cs 1970. j\u00falius 1-j\u00e9ig \u00f6n\u00e1ll\u00f3, majd Pannonhalma NKKT t\u00e1rsk\u00f6zs\u00e9ge lett. 1990. szeptember 30-\u00e1n innen kiv\u00e1lt \u00e9s \u00f6n\u00e1ll\u00f3 k\u00f6zs\u00e9gi \u00f6nkorm\u00e1nyzatot alak\u00edtott.<\/span><\/p>\n<p style=\"text-align: justify;\" align=\"justify\"><span style=\"font-size: 12pt; font-family: arial, helvetica, sans-serif;\">A ma iskolak\u00e9nt funkion\u00e1l\u00f3 \u00e9p\u00fcletet Sz\u0171cs G\u00e9za pl\u00e9b\u00e1nos \u00e9p\u00edtette 1940-ben. A m\u0171vel\u0151d\u00e9si h\u00e1zat 1973-ban adt\u00e1k \u00e1t, mely jelenleg is helyet biztos\u00edt a k\u00f6zs\u00e9gi k\u00f6nyvt\u00e1rnak, valamint a kiterjedt nemzetk\u00f6zi kapcsolatokkal b\u00edr\u00f3 aranymin\u0151s\u00edt\u00e9s\u0171 n\u00e9pdalk\u00f6rnek (P\u00e1va-k\u00f6r) \u00e9s a citera egy\u00fcttesnek.<\/span><\/p>\n<p style=\"text-align: justify;\" align=\"justify\"><span style=\"font-size: 12pt; font-family: arial, helvetica, sans-serif;\">A telep\u00fcl\u00e9s k\u00fclter\u00fclet\u00e9n az MVG 1984-ben pr\u00f3bap\u00e1ly\u00e1t kezdett \u00e9p\u00edteni, ami a R\u00e1ba-Ring n\u00e9ven v\u00e1lt ismertt\u00e9. M\u00e9reteire jellemz\u0151, hogy a domb mintegy 90 hekt\u00e1rnyi ter\u00fclet\u00e9t foglalja.<\/span><\/p>\n<p style=\"text-align: justify;\" align=\"justify\"><span style=\"font-size: 12pt; font-family: arial, helvetica, sans-serif;\">A dombs\u00e1g \u00e9s benne \u00c9cs sz\u0151l\u0151termeszt\u00e9si, feldolgoz\u00e1si hagyom\u00e1nyai k\u00f6zel ezer\u00e9ves m\u00faltra tekintenek vissza. A k\u00f6rnyez\u0151 telep\u00fcl\u00e9sekhez hasonl\u00f3an ez a telep\u00fcl\u00e9s is a Szent M\u00e1rton-hegyi benc\u00e9sek sz\u0151l\u0151term\u0151 ter\u00fclete volt. Sz\u0151l\u0151m\u0171vel\u00e9si kult\u00far\u00e1ja fennmaradt, amit a z\u00e1rtkerti \u00e9s az ut\u00f3bbi id\u0151kben divatoss\u00e1 v\u00e1lt, nagy\u00fczem\u0171 m\u0171vel\u00e9sre alkalmas v\u00f6lgyi sz\u0151l\u0151s\u00f6k is bizony\u00edtanak.<\/span><\/p>\n<p style=\"text-align: justify;\" align=\"justify\"><span style=\"font-size: 12pt; font-family: arial, helvetica, sans-serif;\">A telep\u00fcl\u00e9s k\u00f6zm\u0171 -\u00e9s kommun\u00e1lis ell\u00e1totts\u00e1ga mindenben megfelel a modern k\u00f6vetelm\u00e9nyeknek. Az elm\u00falt \u00f6t \u00e9vben t\u00f6bb fel\u00faj\u00edt\u00e1st is elv\u00e9geztek (\u00fatfel\u00faj\u00edt\u00e1sok, polg\u00e1rmesteri hivatal, \u00e1ltal\u00e1nos iskola, eg\u00e9szs\u00e9gh\u00e1z), a telep\u00fcl\u00e9s \u00e9let\u00e9nek legnagyobb beruh\u00e1z\u00e1sa a szennyv\u00edzcsatorna h\u00e1l\u00f3zat ki\u00e9p\u00edt\u00e9se volt.<\/span><\/p>\n<p style=\"text-align: justify;\" align=\"justify\"><span style=\"font-size: 12pt; font-family: arial, helvetica, sans-serif;\">A telep\u00fcl\u00e9s j\u00f6v\u0151j\u00e9nek biztons\u00e1ga a megl\u00e9v\u0151 \u00e9s leend\u0151 tulajdonosok szorgoss\u00e1g\u00e1n nyugszik. Az elm\u00falt \u00e9vekben, k\u00f6sz\u00f6nhet\u0151en a telep\u00fcl\u00e9s kedvez\u0151 f\u00f6ldrajzi fekv\u00e9s\u00e9nek \u00e9s Gy\u0151rh\u00f6z val\u00f3 k\u00f6zels\u00e9g\u00e9nek a v\u00e1rosb\u00f3l betelep\u00fcl\u0151k sz\u00e1ma jelent\u0151sen megn\u0151tt.<\/span><\/p>\n<div class=\"wp-block-image\">\n<div class=\"mceTemp\"><\/div>\n<\/div>\n","protected":false},"excerpt":{"rendered":"<p>A Sokor\u00f3i- (Pannonhalmi-) dombvid\u00e9k ravazd-csanaki vonulat\u00e1nak \u00e9szaki r\u00e9sz\u00e9n, annak K-\u00c9K-i oldal\u00e1n telep\u00fclt. Hat\u00e1r\u00e1nak nagy r\u00e9sz\u00e9t m\u00e9ly v\u00edzmos\u00e1sokkal szabdalt dombvonulat uralja.<\/p>\n","protected":false},"author":3,"featured_media":192,"comment_status":"closed","ping_status":"closed","sticky":false,"template":"","format":"standard","meta":{"colormag_page_container_layout":"default_layout","colormag_page_sidebar_layout":"default_layout","footnotes":""},"categories":[23],"tags":[170,168,167,169],"class_list":["post-567","post","type-post","status-publish","format-standard","has-post-thumbnail","hentry","category-kozsegunkrol","tag-ecs-multja","tag-ecs-tortenelme","tag-ecs-tortenete","tag-ecsi-kronika"],"_links":{"self":[{"href":"https:\/\/ecsfalu.hu\/web\/wp-json\/wp\/v2\/posts\/567","targetHints":{"allow":["GET"]}}],"collection":[{"href":"https:\/\/ecsfalu.hu\/web\/wp-json\/wp\/v2\/posts"}],"about":[{"href":"https:\/\/ecsfalu.hu\/web\/wp-json\/wp\/v2\/types\/post"}],"author":[{"embeddable":true,"href":"https:\/\/ecsfalu.hu\/web\/wp-json\/wp\/v2\/users\/3"}],"replies":[{"embeddable":true,"href":"https:\/\/ecsfalu.hu\/web\/wp-json\/wp\/v2\/comments?post=567"}],"version-history":[{"count":14,"href":"https:\/\/ecsfalu.hu\/web\/wp-json\/wp\/v2\/posts\/567\/revisions"}],"predecessor-version":[{"id":1538,"href":"https:\/\/ecsfalu.hu\/web\/wp-json\/wp\/v2\/posts\/567\/revisions\/1538"}],"wp:featuredmedia":[{"embeddable":true,"href":"https:\/\/ecsfalu.hu\/web\/wp-json\/wp\/v2\/media\/192"}],"wp:attachment":[{"href":"https:\/\/ecsfalu.hu\/web\/wp-json\/wp\/v2\/media?parent=567"}],"wp:term":[{"taxonomy":"category","embeddable":true,"href":"https:\/\/ecsfalu.hu\/web\/wp-json\/wp\/v2\/categories?post=567"},{"taxonomy":"post_tag","embeddable":true,"href":"https:\/\/ecsfalu.hu\/web\/wp-json\/wp\/v2\/tags?post=567"}],"curies":[{"name":"wp","href":"https:\/\/api.w.org\/{rel}","templated":true}]}}