{"id":586,"date":"2024-09-02T20:47:07","date_gmt":"2024-09-02T18:47:07","guid":{"rendered":"https:\/\/ecsfalu.hu\/web\/?p=586"},"modified":"2024-09-24T19:39:48","modified_gmt":"2024-09-24T17:39:48","slug":"testvertelepulesunk","status":"publish","type":"post","link":"https:\/\/ecsfalu.hu\/web\/testvertelepulesunk\/","title":{"rendered":"Testv\u00e9rtelep\u00fcl\u00e9s\u00fcnk"},"content":{"rendered":"<p style=\"font-weight: 400; text-align: justify;\"><span style=\"font-family: arial, helvetica, sans-serif;\">T\u00f6bb mint 20 \u00e9ves bar\u00e1ti kapcsolat meger\u0151s\u00edt\u00e9sek\u00e9nt\u00a0<a href=\"https:\/\/parameter.sk\/egyuttmukodesi-szerzodest-kotott-nagyabony-es-ecs-kozseg\">egy\u00fcttm\u0171k\u00f6d\u00e9si meg\u00e1llapod\u00e1s al\u00e1\u00edr\u00e1s\u00e1ra ker\u00fclt sor 2019. j\u00fanius 1-\u00e9n<\/a>, mely \u00fcnnepi esem\u00e9nynek a Dunaszerdahelyi j\u00e1r\u00e1sban tal\u00e1lhat\u00f3 Nagyabony k\u00f6zs\u00e9g adott otthon.<\/span><br \/>\n<span style=\"font-family: arial, helvetica, sans-serif;\">\u00c9cs deleg\u00e1ci\u00f3ja e napon ell\u00e1togatott a telep\u00fcl\u00e9sre, ahol a legut\u00f3bbi hivatalos tal\u00e1lkoz\u00f3 \u00f3ta megval\u00f3sult nagyobb v\u00e1ltoz\u00e1sok megtekint\u00e9se ut\u00e1n ker\u00fclt sor az \u00fcnnepi mozzanatra.<\/span><\/p>\n<p style=\"text-align: justify;\"><span style=\"font-family: arial, helvetica, sans-serif;\">A kapcsolat majd hogy nem 25 \u00e9ves, hiszen a k\u00e9t n\u00e9pdalk\u00f6r vezet\u0151je ekkor ker\u00fclt bar\u00e1ts\u00e1gba egym\u00e1ssal.\u00a0 \u0150 \u00e1ltaluk a n\u00e9pdalk\u00f6ri csoportok, k\u00e9s\u0151bb a focicsapatok, majd az \u00d6nkorm\u00e1nyzati k\u00e9pvisel\u0151 test\u00fcletek is.<\/span><\/p>\n<p style=\"text-align: justify;\"><span style=\"font-family: arial, helvetica, sans-serif;\">Szeretn\u00e9nk, ha ez a bar\u00e1ti kapcsolat int\u00e9zm\u00e9nyeink, a falu lakoss\u00e1ga k\u00f6z\u00f6tt is kiteljesedne, ez\u00e9rt sz\u00e1nd\u00e9kunkat \u00edr\u00e1sban is megfogalmaztuk, \u00e9s \u00fcnnep\u00e9lyes keretek k\u00f6zepette a k\u00e9t f\u00e9l ezt al\u00e1\u00edr\u00e1s\u00e1val is kinyilatkozta.<\/span><\/p>\n<p style=\"font-weight: 400; text-align: justify;\"><span style=\"font-family: arial, helvetica, sans-serif;\">A szabadt\u00e9ri rendezv\u00e9nyen nagy sikerrel fell\u00e9ptek a deleg\u00e1ci\u00f3val tart\u00f3 \u00e9csi n\u00e9pt\u00e1ncos gyerekek.<\/span><\/p>\n<p style=\"text-align: justify;\"><span style=\"font-family: arial, helvetica, sans-serif;\">A meg\u00e1llapod\u00e1si cerem\u00f3ni\u00e1nak helyi epiz\u00f3dja is lesz, melyet a lakoss\u00e1ggal k\u00f6z\u00f6sen, a falunapi rendezv\u00e9ny keret\u00e9ben tervez\u00fcnk megtartani ez \u00e9v szeptember 7-\u00e9n.<\/span><\/p>\n<div class=\"wp-block-image\"><span style=\"font-family: arial, helvetica, sans-serif;\"><a style=\"font-weight: 400;\" href=\"https:\/\/ecsfalu.hu\/web\/testvertelepules-egyuttmukodesi-megallapodas\/\">Egy\u00fcttm\u0171k\u00f6d\u00e9si meg\u00e1llapod\u00e1s<\/a><\/span><br style=\"font-weight: 400;\" \/><br style=\"font-weight: 400;\" \/><span style=\"font-family: arial, helvetica, sans-serif;\"><a style=\"font-weight: 400;\" href=\"https:\/\/ecsfalu.hu\/web\/tesvertelepules-kepgaleria\/\">K\u00e9pek a rendezv\u00e9nyr\u0151l<\/a><\/span><\/div>\n","protected":false},"excerpt":{"rendered":"<p>T\u00f6bb mint 20 \u00e9ves bar\u00e1ti kapcsolat meger\u0151s\u00edt\u00e9sek\u00e9nt\u00a0egy\u00fcttm\u0171k\u00f6d\u00e9si meg\u00e1llapod\u00e1s al\u00e1\u00edr\u00e1s\u00e1ra ker\u00fclt sor 2019. j\u00fanius 1-\u00e9n, mely \u00fcnnepi esem\u00e9nynek a Dunaszerdahelyi j\u00e1r\u00e1sban<\/p>\n","protected":false},"author":3,"featured_media":1555,"comment_status":"closed","ping_status":"closed","sticky":false,"template":"","format":"standard","meta":{"colormag_page_container_layout":"default_layout","colormag_page_sidebar_layout":"default_layout","footnotes":""},"categories":[23],"tags":[156,157,155],"class_list":["post-586","post","type-post","status-publish","format-standard","has-post-thumbnail","hentry","category-kozsegunkrol","tag-ecs-testvertelepulese","tag-egyuttmukodesi-megallapodas-ecs-dunaszerdahely","tag-testvertelepules"],"_links":{"self":[{"href":"https:\/\/ecsfalu.hu\/web\/wp-json\/wp\/v2\/posts\/586","targetHints":{"allow":["GET"]}}],"collection":[{"href":"https:\/\/ecsfalu.hu\/web\/wp-json\/wp\/v2\/posts"}],"about":[{"href":"https:\/\/ecsfalu.hu\/web\/wp-json\/wp\/v2\/types\/post"}],"author":[{"embeddable":true,"href":"https:\/\/ecsfalu.hu\/web\/wp-json\/wp\/v2\/users\/3"}],"replies":[{"embeddable":true,"href":"https:\/\/ecsfalu.hu\/web\/wp-json\/wp\/v2\/comments?post=586"}],"version-history":[{"count":9,"href":"https:\/\/ecsfalu.hu\/web\/wp-json\/wp\/v2\/posts\/586\/revisions"}],"predecessor-version":[{"id":1586,"href":"https:\/\/ecsfalu.hu\/web\/wp-json\/wp\/v2\/posts\/586\/revisions\/1586"}],"wp:featuredmedia":[{"embeddable":true,"href":"https:\/\/ecsfalu.hu\/web\/wp-json\/wp\/v2\/media\/1555"}],"wp:attachment":[{"href":"https:\/\/ecsfalu.hu\/web\/wp-json\/wp\/v2\/media?parent=586"}],"wp:term":[{"taxonomy":"category","embeddable":true,"href":"https:\/\/ecsfalu.hu\/web\/wp-json\/wp\/v2\/categories?post=586"},{"taxonomy":"post_tag","embeddable":true,"href":"https:\/\/ecsfalu.hu\/web\/wp-json\/wp\/v2\/tags?post=586"}],"curies":[{"name":"wp","href":"https:\/\/api.w.org\/{rel}","templated":true}]}}