{"id":633,"date":"2024-03-09T13:53:31","date_gmt":"2024-03-09T12:53:31","guid":{"rendered":"https:\/\/ecsfalu.hu\/web\/?p=633"},"modified":"2024-05-06T09:49:59","modified_gmt":"2024-05-06T07:49:59","slug":"cifra-muhely-kozhasznu-kulturalis-egyesulet","status":"publish","type":"post","link":"https:\/\/ecsfalu.hu\/web\/cifra-muhely-kozhasznu-kulturalis-egyesulet\/","title":{"rendered":"Cifra M\u0171hely K\u00f6zhaszn\u00fa Kultur\u00e1lis Egyes\u00fclet"},"content":{"rendered":"<p><center><img fetchpriority=\"high\" decoding=\"async\" class=\"wp-image-320 aligncenter\" src=\"https:\/\/ecsfalu.hu\/web\/wp-content\/uploads\/2024\/02\/Cifralogo.png\" alt=\"Cifra M\u0171hely\" width=\"259\" height=\"280\" \/><\/center>A 2010-ben alakult egyes\u00fclet c\u00e9lja, hogy a K\u00e1rp\u00e1t-medence soksz\u00edn\u0171 n\u00e9pi kult\u00far\u00e1j\u00e1nak bemutat\u00e1sa interakt\u00edv m\u0171helyfoglalkoz\u00e1sokon kereszt\u00fcl.<\/p>\n<div style=\"text-align: left;\">\n<p>A nemzeti hovatartoz\u00e1s \u00e9s tudatos gondolkod\u00e1s magvainak k\u00f6zvetett m\u00f3don t\u00f6rt\u00e9n\u0151 el\u00fcltet\u00e9s\u00e9t c\u00e9loztuk meg k\u00fcl\u00f6nb\u00f6z\u0151 foglalkoz\u00e1sok kereszt\u00fcl.<\/p>\n<p>Az ehhez szorosan kapcsol\u00f3d\u00f3 tev\u00e9kenys\u00e9geinkb\u0151l az al\u00e1bbiakat emeln\u00e9nk ki:<\/p>\n<\/div>\n<ul>\n<li>az egyes\u00fclet c\u00e9ljaival azonos szellemis\u00e9g\u0171 ki\u00e1ll\u00edt\u00e1sok, el\u0151ad\u00e1sok, koncertek, t\u00e1nch\u00e1zak szervez\u00e9se;<\/li>\n<li>szakmai (n\u00e9pm\u0171v\u00e9szeti, k\u00f6rnyezetv\u00e9delmi, term\u00e9szetv\u00e9delmi, m\u0171eml\u00e9kv\u00e9delmi t\u00e1rgy\u00fa) konferenci\u00e1k, f\u00f3rumok, tal\u00e1lkoz\u00f3k, t\u00e1borok szervez\u00e9se;<\/li>\n<li>a magyarorsz\u00e1gi nemzeti \u00e9s etnikai kisebbs\u00e9gekkel, valamint a hat\u00e1ron t\u00fali magyars\u00e1ggal kapcsolatos ismeretterjeszt\u0151 munka v\u00e9gz\u00e9se (konferenci\u00e1k, f\u00f3rumok, tal\u00e1lkoz\u00f3k, t\u00e1borok szervez\u00e9se);<\/li>\n<li>nemzetk\u00f6zi m\u0171v\u00e9szeti alkot\u00f3t\u00e1borok szervez\u00e9se, nemzetek k\u00f6z\u00f6tti kultur\u00e1lis kapcsolatok kialak\u00edt\u00e1sa;<\/li>\n<li>kapcsolattart\u00e1s, inform\u00e1ci\u00f3 \u00e9s adatcsere a hasonl\u00f3 jelleg\u0171 szervezetekkel, fesztiv\u00e1lokkal.<\/li>\n<li>Magvet\u0151 programunk keretein bel\u00fcl \u00f3vod\u00e1kban, iskol\u00e1kban, \u00e1rvah\u00e1zakban, k\u00f6z\u00f6ss\u00e9gekben gyermekek t\u00e1nctan\u00edt\u00e1sa, \u00e9nektan\u00edt\u00e1sa, hangszersimogat\u00f3 programok, \u00edj\u00e1szat \u00e9s n\u00e9pi j\u00e1t\u00e9kok<\/li>\n<\/ul>\n<p>&nbsp;<\/p>\n<table style=\"width: 100%;\" border=\"0\" cellspacing=\"2\" cellpadding=\"2\">\n<tbody>\n<tr>\n<td style=\"width: 42.6252%;\">A szervezet neve:<\/td>\n<td style=\"width: 57.3748%;\">Cifra M\u0171hely K\u00f6zhaszn\u00fa Kultur\u00e1lis Egyes\u00fclet<\/td>\n<\/tr>\n<tr>\n<td style=\"width: 42.6252%;\">Sz\u00e9khelye:<\/td>\n<td style=\"width: 57.3748%;\">9083 \u00c9cs, 1302 Hrsz.<\/td>\n<\/tr>\n<tr>\n<td style=\"width: 42.6252%;\">Ad\u00f3sz\u00e1ma:<\/td>\n<td style=\"width: 57.3748%;\">18034941-1-08<\/td>\n<\/tr>\n<tr>\n<td style=\"width: 42.6252%;\">Banksz\u00e1mlasz\u00e1ma:<\/td>\n<td style=\"width: 57.3748%;\">58600283-11190428<\/td>\n<\/tr>\n<\/tbody>\n<\/table>\n<p>&nbsp;<\/p>\n","protected":false},"excerpt":{"rendered":"<p>A 2010-ben alakult egyes\u00fclet c\u00e9lja, hogy a K\u00e1rp\u00e1t-medence soksz\u00edn\u0171 n\u00e9pi kult\u00far\u00e1j\u00e1nak bemutat\u00e1sa interakt\u00edv m\u0171helyfoglalkoz\u00e1sokon kereszt\u00fcl. A nemzeti hovatartoz\u00e1s \u00e9s tudatos<\/p>\n","protected":false},"author":1,"featured_media":320,"comment_status":"closed","ping_status":"closed","sticky":false,"template":"","format":"standard","meta":{"colormag_page_container_layout":"default_layout","colormag_page_sidebar_layout":"default_layout","footnotes":""},"categories":[142],"tags":[26],"class_list":["post-633","post","type-post","status-publish","format-standard","has-post-thumbnail","hentry","category-civil-szervezetek","tag-cifra-kozhasznu-kulturalis-egyesulet"],"_links":{"self":[{"href":"https:\/\/ecsfalu.hu\/web\/wp-json\/wp\/v2\/posts\/633","targetHints":{"allow":["GET"]}}],"collection":[{"href":"https:\/\/ecsfalu.hu\/web\/wp-json\/wp\/v2\/posts"}],"about":[{"href":"https:\/\/ecsfalu.hu\/web\/wp-json\/wp\/v2\/types\/post"}],"author":[{"embeddable":true,"href":"https:\/\/ecsfalu.hu\/web\/wp-json\/wp\/v2\/users\/1"}],"replies":[{"embeddable":true,"href":"https:\/\/ecsfalu.hu\/web\/wp-json\/wp\/v2\/comments?post=633"}],"version-history":[{"count":1,"href":"https:\/\/ecsfalu.hu\/web\/wp-json\/wp\/v2\/posts\/633\/revisions"}],"predecessor-version":[{"id":634,"href":"https:\/\/ecsfalu.hu\/web\/wp-json\/wp\/v2\/posts\/633\/revisions\/634"}],"wp:featuredmedia":[{"embeddable":true,"href":"https:\/\/ecsfalu.hu\/web\/wp-json\/wp\/v2\/media\/320"}],"wp:attachment":[{"href":"https:\/\/ecsfalu.hu\/web\/wp-json\/wp\/v2\/media?parent=633"}],"wp:term":[{"taxonomy":"category","embeddable":true,"href":"https:\/\/ecsfalu.hu\/web\/wp-json\/wp\/v2\/categories?post=633"},{"taxonomy":"post_tag","embeddable":true,"href":"https:\/\/ecsfalu.hu\/web\/wp-json\/wp\/v2\/tags?post=633"}],"curies":[{"name":"wp","href":"https:\/\/api.w.org\/{rel}","templated":true}]}}