{"id":646,"date":"2024-03-09T14:10:45","date_gmt":"2024-03-09T13:10:45","guid":{"rendered":"https:\/\/ecsfalu.hu\/web\/?p=646"},"modified":"2024-05-06T09:49:59","modified_gmt":"2024-05-06T07:49:59","slug":"ecsi-segito-kez-kozhasznu-alapitvany","status":"publish","type":"post","link":"https:\/\/ecsfalu.hu\/web\/ecsi-segito-kez-kozhasznu-alapitvany\/","title":{"rendered":"\u00c9csi Seg\u00edt\u0151 K\u00e9z K\u00f6zhaszn\u00fa Alap\u00edtv\u00e1ny"},"content":{"rendered":"<ul>\n<li><span style=\"color: #008080;\"><a style=\"color: #008080;\" href=\"https:\/\/ecsfalu.hu\/honlap\/civilszervezetek\/alapitvanyok\/segitokez\/doc\/kozhasznu2008.pdf\" target=\"_blank\" rel=\"noopener\">K\u00f6zhaszn\u00fas\u00e1gi jelent\u00e9s 2008<\/a><\/span><\/li>\n<li><span style=\"color: #008080;\"><a style=\"color: #008080;\" href=\"https:\/\/ecsfalu.hu\/honlap\/civilszervezetek\/alapitvanyok\/segitokez\/doc\/kozhasznu2009.pdf\" target=\"_blank\" rel=\"noopener\">K\u00f6zhaszn\u00fas\u00e1gi jelent\u00e9s 2009<\/a><\/span><\/li>\n<li><span style=\"color: #008080;\"><a style=\"color: #008080;\" href=\"https:\/\/ecsfalu.hu\/honlap\/civilszervezetek\/alapitvanyok\/segitokez\/doc\/kozhasznu2010.pdf\" target=\"_blank\" rel=\"noopener\">K\u00f6zhaszn\u00fas\u00e1gi jelent\u00e9s 2010<\/a><\/span><\/li>\n<li><span style=\"color: #008080;\"><a style=\"color: #008080;\" href=\"https:\/\/ecsfalu.hu\/honlap\/civilszervezetek\/alapitvanyok\/segitokez\/doc\/kozhasznu2011.pdf\" target=\"_blank\" rel=\"noopener\">K\u00f6zhaszn\u00fas\u00e1gi jelent\u00e9s 2011<\/a><\/span><\/li>\n<li><span style=\"color: #008080;\"><a style=\"color: #008080;\" href=\"https:\/\/ecsfalu.hu\/honlap\/civilszervezetek\/alapitvanyok\/segitokez\/doc\/kozhasznu2012.pdf\" target=\"_blank\" rel=\"noopener\">K\u00f6zhaszn\u00fas\u00e1gi jelent\u00e9s 2012<\/a><\/span><\/li>\n<li><span style=\"color: #008080;\"><a style=\"color: #008080;\" href=\"https:\/\/ecsfalu.hu\/honlap\/civilszervezetek\/alapitvanyok\/segitokez\/doc\/kozhasznu2013.pdf\" target=\"_blank\" rel=\"noopener\">K\u00f6zhaszn\u00fas\u00e1gi jelent\u00e9s 2013<\/a><\/span><\/li>\n<li><span style=\"color: #008080;\"><a style=\"color: #008080;\" href=\"https:\/\/ecsfalu.hu\/honlap\/civilszervezetek\/alapitvanyok\/segitokez\/doc\/Sajtokozlemeny.pdf\" target=\"_blank\" rel=\"noopener\">SAJT\u00d3K\u00d6ZLEM\u00c9NY NAPELEMES RENDSZER AZ \u00c9CSI SEG\u00cdT\u0150 K\u00c9Z K\u00d6ZHASZN\u00da ALAP\u00cdTV\u00c1NY \u00c9P\u00dcLET\u00c9RE<\/a><\/span><\/li>\n<li><span style=\"color: #008080;\"><a style=\"color: #008080;\" href=\"https:\/\/ecsfalu.hu\/honlap\/civilszervezetek\/alapitvanyok\/segitokez\/doc\/kozhasznu2014.pdf\" target=\"_blank\" rel=\"noopener\">K\u00f6zhaszn\u00fas\u00e1gi jelent\u00e9s 2014<\/a><\/span><\/li>\n<li><span style=\"color: #008080;\"><a style=\"color: #008080;\" href=\"https:\/\/ecsfalu.hu\/honlap\/civilszervezetek\/alapitvanyok\/segitokez\/doc\/kozhasznu2015.pdf\" target=\"_blank\" rel=\"noopener\">K\u00f6zhaszn\u00fas\u00e1gi jelent\u00e9s 2015<\/a><\/span><\/li>\n<li><span style=\"color: #008080;\"><a style=\"color: #008080;\" href=\"https:\/\/ecsfalu.hu\/honlap\/civilszervezetek\/alapitvanyok\/segitokez\/doc\/kozhasznu2016.pdf\" target=\"_blank\" rel=\"noopener\">K\u00f6zhaszn\u00fas\u00e1gi jelent\u00e9s 2016<\/a><\/span><\/li>\n<li><span style=\"color: #008080;\"><a style=\"color: #008080;\" href=\"https:\/\/ecsfalu.hu\/honlap\/civilszervezetek\/alapitvanyok\/segitokez\/doc\/kozhasznu2017.pdf\" target=\"_blank\" rel=\"noopener\">K\u00f6zhaszn\u00fas\u00e1gi jelent\u00e9s 2017<\/a><\/span><\/li>\n<li><span style=\"color: #008080;\"><a style=\"color: #008080;\" href=\"https:\/\/ecsfalu.hu\/honlap\/civilszervezetek\/alapitvanyok\/segitokez\/doc\/kozhasznu2018.pdf\" target=\"_blank\" rel=\"noopener\">K\u00f6zhaszn\u00fas\u00e1gi jelent\u00e9s 2018<\/a><\/span><\/li>\n<li><span style=\"color: #008080;\"><a style=\"color: #008080;\" href=\"https:\/\/ecsfalu.hu\/honlap\/civilszervezetek\/alapitvanyok\/segitokez\/doc\/kozhasznu2019.pdf\" target=\"_blank\" rel=\"noopener\">K\u00f6zhaszn\u00fas\u00e1gi jelent\u00e9s 2019<\/a><\/span><\/li>\n<\/ul>\n","protected":false},"excerpt":{"rendered":"<p>K\u00f6zhaszn\u00fas\u00e1gi jelent\u00e9s 2008 K\u00f6zhaszn\u00fas\u00e1gi jelent\u00e9s 2009 K\u00f6zhaszn\u00fas\u00e1gi jelent\u00e9s 2010 K\u00f6zhaszn\u00fas\u00e1gi jelent\u00e9s 2011 K\u00f6zhaszn\u00fas\u00e1gi jelent\u00e9s 2012 K\u00f6zhaszn\u00fas\u00e1gi jelent\u00e9s 2013 SAJT\u00d3K\u00d6ZLEM\u00c9NY NAPELEMES<\/p>\n","protected":false},"author":1,"featured_media":647,"comment_status":"closed","ping_status":"closed","sticky":false,"template":"","format":"standard","meta":{"colormag_page_container_layout":"default_layout","colormag_page_sidebar_layout":"default_layout","footnotes":""},"categories":[142],"tags":[36,35,34],"class_list":["post-646","post","type-post","status-publish","format-standard","has-post-thumbnail","hentry","category-civil-szervezetek","tag-alapitvany-ecs","tag-ecs-alapitvanyok","tag-ecsi-segito-kez-kozhasznu-alapitvany"],"_links":{"self":[{"href":"https:\/\/ecsfalu.hu\/web\/wp-json\/wp\/v2\/posts\/646","targetHints":{"allow":["GET"]}}],"collection":[{"href":"https:\/\/ecsfalu.hu\/web\/wp-json\/wp\/v2\/posts"}],"about":[{"href":"https:\/\/ecsfalu.hu\/web\/wp-json\/wp\/v2\/types\/post"}],"author":[{"embeddable":true,"href":"https:\/\/ecsfalu.hu\/web\/wp-json\/wp\/v2\/users\/1"}],"replies":[{"embeddable":true,"href":"https:\/\/ecsfalu.hu\/web\/wp-json\/wp\/v2\/comments?post=646"}],"version-history":[{"count":1,"href":"https:\/\/ecsfalu.hu\/web\/wp-json\/wp\/v2\/posts\/646\/revisions"}],"predecessor-version":[{"id":648,"href":"https:\/\/ecsfalu.hu\/web\/wp-json\/wp\/v2\/posts\/646\/revisions\/648"}],"wp:featuredmedia":[{"embeddable":true,"href":"https:\/\/ecsfalu.hu\/web\/wp-json\/wp\/v2\/media\/647"}],"wp:attachment":[{"href":"https:\/\/ecsfalu.hu\/web\/wp-json\/wp\/v2\/media?parent=646"}],"wp:term":[{"taxonomy":"category","embeddable":true,"href":"https:\/\/ecsfalu.hu\/web\/wp-json\/wp\/v2\/categories?post=646"},{"taxonomy":"post_tag","embeddable":true,"href":"https:\/\/ecsfalu.hu\/web\/wp-json\/wp\/v2\/tags?post=646"}],"curies":[{"name":"wp","href":"https:\/\/api.w.org\/{rel}","templated":true}]}}