{"id":649,"date":"2024-03-09T14:14:31","date_gmt":"2024-03-09T13:14:31","guid":{"rendered":"https:\/\/ecsfalu.hu\/web\/?p=649"},"modified":"2024-05-06T09:49:59","modified_gmt":"2024-05-06T07:49:59","slug":"egyhazi-hirek","status":"publish","type":"post","link":"https:\/\/ecsfalu.hu\/web\/egyhazi-hirek\/","title":{"rendered":"Egyh\u00e1zi h\u00edrek"},"content":{"rendered":"<p><small>2018<\/small><\/p>\n<ul>\n<li><span style=\"color: #800000;\"><small><a style=\"color: #800000;\" href=\"https:\/\/ecsfalu.hu\/honlap\/egyhaz\/hirek\/doc\/20180815_Nagyboldogasszony.Napja_Meghivo.pdf\" target=\"_blank\" rel=\"noopener\">2018.07.19.\u00a0Megh\u00edv\u00f3 Nagyasszonyunk liget\u00e9ben tartand\u00f3 \u00dcnnepi Szentmis\u00e9re \u00e9s K\u00f6rmenetre<\/a><\/small><\/span><\/li>\n<li><span style=\"color: #800000;\"><small><a style=\"color: #800000;\" href=\"https:\/\/ecsfalu.hu\/honlap\/egyhaz\/hirek\/Templomfelujitas.Adomanygyujtes\/20180520_Templom.pdf\" target=\"_blank\" rel=\"noopener\">2018.05.20.\u00a0TEMPLOMFEL\u00daJ\u00cdT\u00c1S &#8211; ADOM\u00c1NYGY\u0170JT\u00c9S<\/a><\/small><\/span><\/li>\n<li><span style=\"color: #800000;\"><small><a style=\"color: #800000;\" href=\"https:\/\/ecsfalu.hu\/honlap\/egyhaz\/hirek\/doc\/20180320_Nagyheti.Husveti.Miserend.pdf\" target=\"_blank\" rel=\"noopener\">2018.03.20.\u00a0Nagyh\u00e9ti \u00e9s h\u00fasv\u00e9ti miserend<\/a><\/small><\/span><\/li>\n<li><span style=\"color: #800000;\"><small><a style=\"color: #800000;\" href=\"https:\/\/ecsfalu.hu\/honlap\/egyhaz\/hirek\/doc\/20180304_Lelkigyakorlat.pdf\" target=\"_blank\" rel=\"noopener\">2018.03.04.\u00a0NAGYB\u00d6JTI LELKIGYAKORLATOK<\/a><\/small><\/span><\/li>\n<\/ul>\n<p><small>2016<\/small><\/p>\n<ul>\n<li><span style=\"color: #800000;\"><small><a style=\"color: #800000;\" href=\"https:\/\/ecsfalu.hu\/honlap\/egyhaz\/hirek\/20161217_orgonahangverseny\/20161217_meghivo.html\">2016.11.30.\u00a0Megh\u00edv\u00f3 adventi orgonahangversenyre (2016.12.17.)<\/a><\/small><\/span><\/li>\n<li><span style=\"color: #800000;\"><small><a style=\"color: #800000;\" href=\"https:\/\/ecsfalu.hu\/honlap\/egyhaz\/hirek\/20160815_Meghivo\/20160815_meghivo.html\">2016.08.03.\u00a0Megh\u00edv\u00f3 Nagyboldogasszonyunk liget\u00e9ben tartand\u00f3 \u00dcnnepi Szentmis\u00e9re \u00e9s K\u00f6rmenetre<\/a><\/small><\/span><\/li>\n<\/ul>\n<p><small>2015<\/small><\/p>\n<ul>\n<li><span style=\"color: #800000;\"><small><a style=\"color: #800000;\" href=\"https:\/\/ecsfalu.hu\/honlap\/egyhaz\/hirek\/20151108_templomaldas\/kep01.html\">2015.11.25.\u00a0Templom\u00e1ld\u00e1s (K\u00e9pgal\u00e9ria)<\/a><\/small><\/span><\/li>\n<li><span style=\"color: #800000;\"><small><a style=\"color: #800000;\" href=\"https:\/\/ecsfalu.hu\/honlap\/egyhaz\/hirek\/20151205_orgonahangverseny\/20151205_meghivo.html\">2015.11.18.\u00a0Megh\u00edv\u00f3 adventi orgonahangversenyre (2015.12.05.)<\/a><\/small><\/span><\/li>\n<li><span style=\"color: #800000;\"><small><a style=\"color: #800000;\" href=\"https:\/\/ecsfalu.hu\/honlap\/egyhaz\/hirek\/templomaldas\/20151028_templomaldas.html\">2015.10.28.\u00a0Megh\u00edv\u00f3 szentmis\u00e9vel egybek\u00f6t\u00f6tt templom\u00e1ld\u00e1sra (2015.11.08.)<\/a><\/small><\/span><\/li>\n<li><span style=\"color: #800000;\"><small><a style=\"color: #800000;\" href=\"https:\/\/ecsfalu.hu\/honlap\/egyhaz\/hirek\/20150815_Meghivo\/20150815_meghivo.html\">2015.08.03.\u00a0Megh\u00edv\u00f3 Nagyasszonyunk liget\u00e9ben tartand\u00f3 \u00dcnnepi Szentmis\u00e9re \u00e9s K\u00f6rmenetre<\/a><\/small><\/span><\/li>\n<li><span style=\"color: #800000;\"><small><a style=\"color: #800000;\" href=\"https:\/\/ecsfalu.hu\/honlap\/egyhaz\/hirek\/Egyhazkozsegi.Hozzajarulas\/20150220_Egyhazkozsegi.Hozzajarulas.pdf\" target=\"_blank\" rel=\"noopener\">2015.03.01.\u00a0Egyh\u00e1zk\u00f6zs\u00e9gi hozz\u00e1j\u00e1rul\u00e1s<\/a><\/small><\/span><\/li>\n<\/ul>\n<p><small>2014<\/small><\/p>\n<ul>\n<li><span style=\"color: #800000;\"><small><a style=\"color: #800000;\" href=\"https:\/\/ecsfalu.hu\/honlap\/egyhaz\/hirek\/20140815_Meghivo\/20140815_meghivo.html\">2014.08.03.\u00a0Megh\u00edv\u00f3 Nagyboldogasszonyunk liget\u00e9ben tartand\u00f3 \u00dcnnepi Szentmis\u00e9re \u00e9s K\u00f6rmenetre<\/a><\/small><\/span><\/li>\n<\/ul>\n<p><small>2013<\/small><\/p>\n<ul>\n<li><span style=\"color: #800000;\"><small><a style=\"color: #800000;\" href=\"https:\/\/ecsfalu.hu\/honlap\/egyhaz\/hirek\/Templomfelujitas.Adomanygyujtes\/20130902_Templomfelujitas.Adomanygyujtes.html\">2013.09.03.\u00a0TEMPLOMFEL\u00daJ\u00cdT\u00c1S &#8211; ADOM\u00c1NYGY\u0170JT\u00c9S<\/a><\/small><\/span><\/li>\n<li><span style=\"color: #800000;\"><small><a style=\"color: #800000;\" href=\"https:\/\/ecsfalu.hu\/honlap\/egyhaz\/hirek\/nagyboldogasszony.napja_2013\/info.html\">2013.08.15.\u00a0Nagyboldogasszony napja<\/a><\/small><\/span><\/li>\n<li><span style=\"color: #800000;\"><small><a style=\"color: #800000;\" href=\"https:\/\/ecsfalu.hu\/honlap\/egyhaz\/hirek\/20130815_Meghivo\/20130815_meghivo.html\">2013.07.30.\u00a0Megh\u00edv\u00f3 Nagyboldogasszonyunk liget\u00e9ben tartand\u00f3 \u00dcnnepi Szentmis\u00e9re \u00e9s K\u00f6rmenetre<\/a><\/small><\/span><\/li>\n<li><span style=\"color: #800000;\"><small><a style=\"color: #800000;\" href=\"https:\/\/ecsfalu.hu\/honlap\/egyhaz\/hirek\/elsoaldozas_2013\/kep01.html\">2013.06.02.\u00a0Els\u0151\u00e1ldoz\u00e1s<\/a><\/small><\/span><\/li>\n<li><span style=\"color: #800000;\"><small><a style=\"color: #800000;\" href=\"https:\/\/ecsfalu.hu\/honlap\/egyhaz\/hirek\/Urnapi.Kormenet_2013\/kep01.html\">2013.06.02.\u00a0\u00darnapi k\u00f6rmenet<\/a><\/small><\/span><\/li>\n<li><span style=\"color: #800000;\"><small><a style=\"color: #800000;\" href=\"https:\/\/ecsfalu.hu\/honlap\/egyhaz\/hirek\/bermalas_2013\/kep01.html\">2013.05.26.\u00a0B\u00e9rm\u00e1l\u00e1s<\/a><\/small><\/span><\/li>\n<\/ul>\n<p><small>2012<\/small><\/p>\n<ul>\n<li><small><a href=\"https:\/\/ecsfalu.hu\/honlap\/egyhaz\/hirek\/nagyboldogasszony.napja_2012\/info.html\">2012.08.15.\u00a0Nagyboldogasszony napja<\/a><\/small><\/li>\n<li><small><a href=\"https:\/\/ecsfalu.hu\/honlap\/egyhaz\/hirek\/bermalas_2012\/kep01.html\">2012.05.13.\u00a0B\u00e9rm\u00e1l\u00e1s<\/a><\/small><\/li>\n<\/ul>\n<p><small>2011<\/small><\/p>\n<ul>\n<li><small><a href=\"https:\/\/ecsfalu.hu\/honlap\/egyhaz\/hirek\/kereszt_20111005\/kereszt_20111005.html\">2011.10.05.\u00a0Kereszt \u00e9s K\u00e1polna szentel\u00e9se<\/a><\/small><br \/>\n<small><\/small><\/li>\n<li><small><a href=\"https:\/\/ecsfalu.hu\/honlap\/egyhaz\/hirek\/elsoaldozas_2011\/kep01.html\">2011.06.26.\u00a0Els\u0151\u00e1ldoz\u00e1s \u00e9s \u00darnapi k\u00f6rmenet<\/a><\/small><\/li>\n<li><small><a href=\"https:\/\/ecsfalu.hu\/honlap\/egyhaz\/hirek\/bermalas_2011\/kep01.html\">2011.05.15.\u00a0B\u00e9rm\u00e1l\u00e1s<\/a><\/small><\/li>\n<\/ul>\n","protected":false},"excerpt":{"rendered":"<p>2018 2018.07.19.\u00a0Megh\u00edv\u00f3 Nagyasszonyunk liget\u00e9ben tartand\u00f3 \u00dcnnepi Szentmis\u00e9re \u00e9s K\u00f6rmenetre 2018.05.20.\u00a0TEMPLOMFEL\u00daJ\u00cdT\u00c1S &#8211; ADOM\u00c1NYGY\u0170JT\u00c9S 2018.03.20.\u00a0Nagyh\u00e9ti \u00e9s h\u00fasv\u00e9ti miserend 2018.03.04.\u00a0NAGYB\u00d6JTI LELKIGYAKORLATOK 2016 2016.11.30.\u00a0Megh\u00edv\u00f3<\/p>\n","protected":false},"author":1,"featured_media":650,"comment_status":"closed","ping_status":"closed","sticky":false,"template":"","format":"standard","meta":{"colormag_page_container_layout":"default_layout","colormag_page_sidebar_layout":"default_layout","footnotes":""},"categories":[144],"tags":[38,37,39],"class_list":["post-649","post","type-post","status-publish","format-standard","has-post-thumbnail","hentry","category-egyhazi-oldalak","tag-ecsi-egyhazi-hirek","tag-egyhazi-hirek","tag-egyhazi-hirek-ecs"],"_links":{"self":[{"href":"https:\/\/ecsfalu.hu\/web\/wp-json\/wp\/v2\/posts\/649","targetHints":{"allow":["GET"]}}],"collection":[{"href":"https:\/\/ecsfalu.hu\/web\/wp-json\/wp\/v2\/posts"}],"about":[{"href":"https:\/\/ecsfalu.hu\/web\/wp-json\/wp\/v2\/types\/post"}],"author":[{"embeddable":true,"href":"https:\/\/ecsfalu.hu\/web\/wp-json\/wp\/v2\/users\/1"}],"replies":[{"embeddable":true,"href":"https:\/\/ecsfalu.hu\/web\/wp-json\/wp\/v2\/comments?post=649"}],"version-history":[{"count":1,"href":"https:\/\/ecsfalu.hu\/web\/wp-json\/wp\/v2\/posts\/649\/revisions"}],"predecessor-version":[{"id":651,"href":"https:\/\/ecsfalu.hu\/web\/wp-json\/wp\/v2\/posts\/649\/revisions\/651"}],"wp:featuredmedia":[{"embeddable":true,"href":"https:\/\/ecsfalu.hu\/web\/wp-json\/wp\/v2\/media\/650"}],"wp:attachment":[{"href":"https:\/\/ecsfalu.hu\/web\/wp-json\/wp\/v2\/media?parent=649"}],"wp:term":[{"taxonomy":"category","embeddable":true,"href":"https:\/\/ecsfalu.hu\/web\/wp-json\/wp\/v2\/categories?post=649"},{"taxonomy":"post_tag","embeddable":true,"href":"https:\/\/ecsfalu.hu\/web\/wp-json\/wp\/v2\/tags?post=649"}],"curies":[{"name":"wp","href":"https:\/\/api.w.org\/{rel}","templated":true}]}}