{"id":652,"date":"2024-03-09T14:21:40","date_gmt":"2024-03-09T13:21:40","guid":{"rendered":"https:\/\/ecsfalu.hu\/web\/?p=652"},"modified":"2024-05-06T09:49:59","modified_gmt":"2024-05-06T07:49:59","slug":"esemenyek","status":"publish","type":"post","link":"https:\/\/ecsfalu.hu\/web\/esemenyek\/","title":{"rendered":"Esem\u00e9nyek"},"content":{"rendered":"<h4><span style=\"color: #000000;\"><small>2021<\/small><\/span><\/h4>\n<ul>\n<li><span style=\"color: #800000;\"><small><a style=\"color: #800000;\" href=\"https:\/\/ecsfalu.hu\/honlap\/rendezvenyeink\/aktualis\/dok\/20210604_Trianon.Megemlekezes.pdf\" target=\"_blank\" rel=\"noopener\">2021.06.04.\u00a0Megh\u00edv\u00f3 Trianoni megeml\u00e9kez\u00e9sre<\/a><\/small><\/span><\/li>\n<li><span style=\"color: #800000;\"><small><a style=\"color: #800000;\" href=\"https:\/\/ecsfalu.hu\/honlap\/rendezvenyeink\/aktualis\/dok\/20210530_Hosok.Vasarnapja.pdf\" target=\"_blank\" rel=\"noopener\">2021.05.30.\u00a0Megh\u00edv\u00f3 a H\u0151s\u00f6k Vas\u00e1rnapja megeml\u00e9kez\u00e9sre<\/a><\/small><\/span><\/li>\n<\/ul>\n<h4><span style=\"color: #000000;\"><small>2020<\/small><\/span><\/h4>\n<ul>\n<li><span style=\"color: #800000;\"><small><a style=\"color: #800000;\" href=\"https:\/\/ecsfalu.hu\/honlap\/rendezvenyeink\/20201129_Mikulas.pdf\" target=\"_blank\" rel=\"noopener\">2020.12.04.\u00a0\u00c9rkezik a Mikul\u00e1s<\/a><\/small><\/span><\/li>\n<li><span style=\"color: #800000;\"><small><a style=\"color: #800000;\" href=\"https:\/\/ecsfalu.hu\/honlap\/rendezvenyeink\/aktualis\/dok\/20201020_Oktober23.Meghivo.pdf\" target=\"_blank\" rel=\"noopener\">2020.10.22.\u00a0Megh\u00edv\u00f3 okt\u00f3ber 23-i \u00fcnneps\u00e9gre<\/a><\/small><\/span><\/li>\n<li><span style=\"color: #800000;\"><small><a style=\"color: #800000;\" href=\"https:\/\/ecsfalu.hu\/honlap\/rendezvenyeink\/aktualis\/dok\/20200604_Trianon.Megemlekezes.pdf\" target=\"_blank\" rel=\"noopener\">2020.06.04.\u00a0Megh\u00edv\u00f3 a Trianon 100. \u00e9vfordul\u00f3ja alkalm\u00e1b\u00f3l tartand\u00f3 megeml\u00e9kez\u00e9sre \u00e9s eml\u00e9km\u0171 avat\u00e1sra<\/a><\/small><\/span><\/li>\n<li><span style=\"color: #800000;\"><small><a style=\"color: #800000;\" href=\"https:\/\/ecsfalu.hu\/honlap\/rendezvenyeink\/aktualis\/dok\/20200531_Hosok.Vasarnapja.pdf\" target=\"_blank\" rel=\"noopener\">2020.05.31.\u00a0Megh\u00edv\u00f3 a H\u0151s\u00f6k Vas\u00e1rnapja megeml\u00e9kez\u00e9sre<\/a><\/small><\/span><\/li>\n<li><span style=\"color: #800000;\"><small><a style=\"color: #800000;\" href=\"https:\/\/ecsfalu.hu\/honlap\/rendezvenyeink\/aktualis\/dok\/20200313_Meghivo_Marcius15.pdf\" target=\"_blank\" rel=\"noopener\">2020.03.13.\u00a0Megh\u00edv\u00f3 m\u00e1rcius 15-i \u00fcnneps\u00e9gre<\/a><\/small><\/span><\/li>\n<\/ul>\n<h4><span style=\"color: #000000;\"><small>2019<\/small><\/span><\/h4>\n<ul>\n<li><span style=\"color: #800000;\"><small><a style=\"color: #800000;\" href=\"https:\/\/ecsfalu.hu\/honlap\/rendezvenyeink\/aktualis\/dok\/20191208_Orgona.Hangverseny.pdf\" target=\"_blank\" rel=\"noopener\">2019.12.08.\u00a0Adventi Orgonahangverseny<\/a><\/small><\/span><\/li>\n<li><span style=\"color: #800000;\"><small><a style=\"color: #800000;\" href=\"https:\/\/ecsfalu.hu\/honlap\/rendezvenyeink\/aktualis\/dok\/20191205_Mikulas.Unnepseg.pdf\" target=\"_blank\" rel=\"noopener\">2019.12.05.\u00a0\u00c9rkezik a Mikul\u00e1s<\/a><\/small><\/span><\/li>\n<li><span style=\"color: #800000;\"><small><a style=\"color: #800000;\" href=\"https:\/\/ecsfalu.hu\/honlap\/rendezvenyeink\/aktualis\/dok\/20191104_Marton.Nap.pdf\" target=\"_blank\" rel=\"noopener\">2019.11.08.\u00a0Megh\u00edv\u00f3 M\u00c1RTON NAPI L\u00c1MP\u00c1S felvonul\u00e1sra (2019.11.08.)<\/a><\/small><\/span><\/li>\n<li><span style=\"color: #800000;\"><small><a style=\"color: #800000;\" href=\"https:\/\/ecsfalu.hu\/honlap\/rendezvenyeink\/aktualis\/dok\/20191022_Oktober23.pdf\" target=\"_blank\" rel=\"noopener\">2019.10.22.\u00a0Okt\u00f3ber 23-i \u00fcnneps\u00e9g<\/a><\/small><\/span><\/li>\n<li><span style=\"color: #800000;\"><small><a style=\"color: #800000;\" href=\"https:\/\/ecsfalu.hu\/honlap\/rendezvenyeink\/aktualis\/dok\/20190921_Ecsi.Egeszsegnap.pdf\" target=\"_blank\" rel=\"noopener\">2019.09.21.\u00a0\u00c9csi eg\u00e9szs\u00e9gnap<\/a><\/small><\/span><\/li>\n<li><span style=\"color: #800000;\"><small><a style=\"color: #800000;\" href=\"https:\/\/ecsfalu.hu\/honlap\/rendezvenyeink\/aktualis\/dok\/20190907_Szureti.Falunap.pdf\" target=\"_blank\" rel=\"noopener\">2019.09.07.\u00a0Sz\u00fcreti Falunap<\/a><\/small><\/span><\/li>\n<li><span style=\"color: #800000;\"><small><a style=\"color: #800000;\" href=\"https:\/\/ecsfalu.hu\/honlap\/rendezvenyeink\/aktualis\/dok\/20190616_Hosok.Vasarnapja.pdf\" target=\"_blank\" rel=\"noopener\">2019.06.16.\u00a0Megh\u00edv\u00f3 a H\u0151s\u00f6k Vas\u00e1rnapja megeml\u00e9kez\u00e9sre<\/a><\/small><\/span><\/li>\n<li><span style=\"color: #800000;\"><small><a style=\"color: #800000;\" href=\"https:\/\/ecsfalu.hu\/honlap\/rendezvenyeink\/aktualis\/dok\/20190609_Meghivo.pdf\" target=\"_blank\" rel=\"noopener\">2019.06.09.\u00a0Megh\u00edv\u00f3 Hagyom\u00e1ny\u0151rz\u0151 P\u00fcnk\u00f6sdi N\u00e9pzenei Tal\u00e1lkoz\u00f3ra<\/a><\/small><\/span><\/li>\n<li><span style=\"color: #800000;\"><small><a style=\"color: #800000;\" href=\"https:\/\/ecsfalu.hu\/honlap\/rendezvenyeink\/aktualis\/dok\/20190601_Feszek.Futoverseny.pdf\" target=\"_blank\" rel=\"noopener\">2019.06.01.\u00a0Meh\u00edv\u00f3 csal\u00e1di sportversenyre<\/a><\/small><\/span><\/li>\n<li><span style=\"color: #800000;\"><small><a style=\"color: #800000;\" href=\"https:\/\/ecsfalu.hu\/honlap\/rendezvenyeink\/aktualis\/dok\/20190314_Marcius15.pdf\" target=\"_blank\" rel=\"noopener\">2019.03.14.\u00a0Megh\u00edv\u00f3 m\u00e1rcius 15-i \u00fcnneps\u00e9gre<\/a><\/small><\/span><\/li>\n<li><span style=\"color: #800000;\"><small><a style=\"color: #800000;\" href=\"https:\/\/ecsfalu.hu\/honlap\/rendezvenyeink\/aktualis\/dok\/20190125_FESZEK.Teli.Tura.pdf\" target=\"_blank\" rel=\"noopener\">2019.02.03.\u00a0Meh\u00edv\u00f3 t\u00e9li t\u00far\u00e1ra<\/a><\/small><\/span><\/li>\n<\/ul>\n<h4><span style=\"color: #000000;\"><small>2018<\/small><\/span><\/h4>\n<ul>\n<li><span style=\"color: #800000;\"><small><a style=\"color: #800000;\" href=\"https:\/\/ecsfalu.hu\/honlap\/rendezvenyeink\/aktualis\/dok\/20181216_Mindenki.karacsonya.pdf\" target=\"_blank\" rel=\"noopener\">2018.12.16.\u00a0Mindenki Kar\u00e1csonya<\/a><\/small><\/span><\/li>\n<li><span style=\"color: #800000;\"><small><a style=\"color: #800000;\" href=\"https:\/\/ecsfalu.hu\/honlap\/rendezvenyeink\/aktualis\/dok\/20181205_Erkezik.A.Mikulas.pdf\" target=\"_blank\" rel=\"noopener\">2018.12.05.\u00a0\u00c9rkezik a Mikul\u00e1s<\/a><\/small><\/span><\/li>\n<li><span style=\"color: #800000;\"><small><a style=\"color: #800000;\" href=\"https:\/\/ecsfalu.hu\/honlap\/rendezvenyeink\/aktualis\/dok\/20181202_FESZEK.Adventi.Kezmuves.Foglalkozas.pdf\" target=\"_blank\" rel=\"noopener\">2018.12.02.\u00a0Adventi d\u00e9lut\u00e1n a k\u00e9sz\u00fcl\u0151d\u00e9s jegy\u00e9ben<\/a><\/small><\/span><\/li>\n<li><span style=\"color: #800000;\"><small><a style=\"color: #800000;\" href=\"https:\/\/ecsfalu.hu\/honlap\/rendezvenyeink\/aktualis\/dok\/20181028_FESZEK.Oszi.Tura.pdf\" target=\"_blank\" rel=\"noopener\">2018.10.28.\u00a0Meh\u00edv\u00f3 \u0150szi t\u00far\u00e1ra<\/a><\/small><\/span><\/li>\n<li><span style=\"color: #800000;\"><small><a style=\"color: #800000;\" href=\"https:\/\/ecsfalu.hu\/honlap\/rendezvenyeink\/aktualis\/dok\/20181023_Oktober.23.pdf\" target=\"_blank\" rel=\"noopener\">2018.10.23.\u00a0Okt\u00f3ber 23-i \u00fcnneps\u00e9g<\/a><\/small><\/span><\/li>\n<li><span style=\"color: #800000;\"><small><a style=\"color: #800000;\" href=\"https:\/\/ecsfalu.hu\/honlap\/rendezvenyeink\/aktualis\/dok\/20181020_Nepzenei.Tovabbkepzes.pdf\" target=\"_blank\" rel=\"noopener\">2018.10.20.\u00a0N\u00e9pzenei Tov\u00e1bbk\u00e9pz\u00e9s<\/a><\/small><\/span><\/li>\n<li><span style=\"color: #800000;\"><small><a style=\"color: #800000;\" href=\"https:\/\/ecsfalu.hu\/honlap\/rendezvenyeink\/aktualis\/dok\/20180908_Falunap_Meghivo.pdf\" target=\"_blank\" rel=\"noopener\">2018.09.08.\u00a0Sz\u00fcreti Falunap<\/a><\/small><\/span><\/li>\n<li><span style=\"color: #800000;\"><small><a style=\"color: #800000;\" href=\"https:\/\/ecsfalu.hu\/honlap\/rendezvenyeink\/aktualis\/dok\/20180624_Hosok.Vasarnapja.pdf\" target=\"_blank\" rel=\"noopener\">2018.06.24.\u00a0Megh\u00edv\u00f3 a H\u0151s\u00f6k Vas\u00e1rnapja megeml\u00e9kez\u00e9sre<\/a><\/small><\/span><\/li>\n<li><span style=\"color: #800000;\"><small><a style=\"color: #800000;\" href=\"https:\/\/ecsfalu.hu\/honlap\/rendezvenyeink\/aktualis\/dok\/20170317_Szentfoldi.Utazas.pdf\" target=\"_blank\" rel=\"noopener\">2018.03.17.\u00a0Megh\u00edv\u00f3 szentf\u00f6ldi utaz\u00e1sr\u00f3l sz\u00f3l\u00f3 el\u0151ad\u00e1sra<\/a><\/small><\/span><\/li>\n<li><span style=\"color: #800000;\"><small><a style=\"color: #800000;\" href=\"https:\/\/ecsfalu.hu\/honlap\/rendezvenyeink\/aktualis\/dok\/20180314_Marcius15.pdf\" target=\"_blank\" rel=\"noopener\">2018.03.14.\u00a0Megh\u00edv\u00f3 m\u00e1rcius 15-i \u00fcnneps\u00e9gre<\/a><\/small><\/span><\/li>\n<\/ul>\n<h4><span style=\"color: #000000;\"><small>2017<\/small><\/span><\/h4>\n<ul>\n<li><span style=\"color: #800000;\"><small><a style=\"color: #800000;\" href=\"https:\/\/ecsfalu.hu\/honlap\/rendezvenyeink\/aktualis\/20171205_mikulas.html\">2017.12.05.\u00a0\u00c9rkezik a Mikul\u00e1s<\/a><\/small><\/span><\/li>\n<li><span style=\"color: #800000;\"><small><a style=\"color: #800000;\" href=\"https:\/\/ecsfalu.hu\/honlap\/rendezvenyeink\/aktualis\/dok\/20171119_Konyvbemutato.pdf\" target=\"_blank\" rel=\"noopener\">2017.10.23.\u00a0K\u00f6nyvbemutat\u00f3<\/a><\/small><\/span><\/li>\n<li><span style=\"color: #800000;\"><small><a style=\"color: #800000;\" href=\"https:\/\/ecsfalu.hu\/honlap\/rendezvenyeink\/aktualis\/dok\/20171023_Oktober23.pdf\" target=\"_blank\" rel=\"noopener\">2017.10.23.\u00a0Okt\u00f3ber 23-i \u00fcnneps\u00e9g<\/a><\/small><\/span><\/li>\n<li><span style=\"color: #800000;\"><small><a style=\"color: #800000;\" href=\"https:\/\/ecsfalu.hu\/honlap\/rendezvenyeink\/aktualis\/dok\/20170625_Hosok.Vasarnapja.pdf\" target=\"_blank\" rel=\"noopener\">2017.06.25.\u00a0Megh\u00edv\u00f3 a H\u0151s\u00f6k Vas\u00e1rnapja megeml\u00e9kez\u00e9sre<\/a><\/small><\/span><\/li>\n<li><span style=\"color: #800000;\"><small><a style=\"color: #800000;\" href=\"https:\/\/ecsfalu.hu\/honlap\/rendezvenyeink\/aktualis\/dok\/20170314_marcius15.pdf\" target=\"_blank\" rel=\"noopener\">2017.03.14.\u00a0Megh\u00edv\u00f3 m\u00e1rcius 15-i \u00fcnneps\u00e9gre<\/a><\/small><\/span><\/li>\n<\/ul>\n<h4><span style=\"color: #000000;\"><small>2016<\/small><\/span><\/h4>\n<ul>\n<li><span style=\"color: #800000;\"><small><a style=\"color: #800000;\" href=\"https:\/\/ecsfalu.hu\/honlap\/rendezvenyeink\/aktualis\/dok\/20161218_Mindenki.Karacsonya.pdf\" target=\"_blank\" rel=\"noopener\">2016.12.18.\u00a0Mindenki Kar\u00e1csonya<\/a><\/small><\/span><\/li>\n<li><span style=\"color: #800000;\"><small><a style=\"color: #800000;\" href=\"https:\/\/ecsfalu.hu\/honlap\/rendezvenyeink\/aktualis\/20161021_Oktober23.html\">2016.10.21.\u00a0Okt\u00f3ber 23-i \u00fcnneps\u00e9g<\/a><\/small><\/span><\/li>\n<li><span style=\"color: #800000;\"><small><a style=\"color: #800000;\" href=\"https:\/\/ecsfalu.hu\/honlap\/rendezvenyeink\/aktualis\/dok\/20160910_Falunap.pdf\" target=\"_blank\" rel=\"noopener\">2016.09.10.\u00a0Sz\u00fcreti Falunap<\/a><\/small><\/span><\/li>\n<li><span style=\"color: #800000;\"><small><a style=\"color: #800000;\" href=\"https:\/\/ecsfalu.hu\/honlap\/rendezvenyeink\/aktualis\/dok\/20160820_Szent.Istvan.pdf\" target=\"_blank\" rel=\"noopener\">2016.08.20.\u00a0Megh\u00edv\u00f3 SZENT ISTV\u00c1N-NAPI rendezv\u00e9nyre<\/a><\/small><\/span><\/li>\n<li><span style=\"color: #800000;\"><small><a style=\"color: #800000;\" href=\"https:\/\/ecsfalu.hu\/honlap\/rendezvenyeink\/aktualis\/dok\/20160605_Hosok.Vasarnapja.pdf\" target=\"_blank\" rel=\"noopener\">2016.06.05.\u00a0Megh\u00edv\u00f3 a H\u0151s\u00f6k Vas\u00e1rnapja megeml\u00e9kez\u00e9sre<\/a><\/small><\/span><\/li>\n<li><span style=\"color: #800000;\"><small><a style=\"color: #800000;\" href=\"https:\/\/ecsfalu.hu\/honlap\/rendezvenyeink\/aktualis\/dok\/20160515_Punkosdi.Dalos.Talalkozo.pdf\" target=\"_blank\" rel=\"noopener\">2016.05.15.\u00a0Megh\u00edv\u00f3 P\u00fcnk\u00f6sdi Dalostal\u00e1lkoz\u00f3ra<\/a><\/small><\/span><\/li>\n<li><span style=\"color: #800000;\"><small><a style=\"color: #800000;\" href=\"https:\/\/ecsfalu.hu\/honlap\/rendezvenyeink\/aktualis\/dok\/20160403_tavaszkoszonto.pdf\" target=\"_blank\" rel=\"noopener\">2016.04.03.\u00a0Megh\u00edv\u00f3 tavaszk\u00f6sz\u00f6nt\u0151 verses-zen\u00e9s d\u00e9lut\u00e1nra<\/a><\/small><\/span><\/li>\n<li><span style=\"color: #800000;\"><small><a style=\"color: #800000;\" href=\"https:\/\/ecsfalu.hu\/honlap\/rendezvenyeink\/aktualis\/20160311_marcius15.html\">2016.03.11.\u00a0Megh\u00edv\u00f3 m\u00e1rcius 15-i \u00fcnneps\u00e9gre<\/a><\/small><\/span><\/li>\n<\/ul>\n<h4><span style=\"color: #000000;\"><small>2015<\/small><\/span><\/h4>\n<ul>\n<li><span style=\"color: #800000;\"><small><a style=\"color: #800000;\" href=\"https:\/\/ecsfalu.hu\/honlap\/rendezvenyeink\/aktualis\/20151204_mikulas.html\">2015.12.04.\u00a0\u00c9rkezik a Mikul\u00e1s<\/a><\/small><\/span><\/li>\n<li><span style=\"color: #800000;\"><small><a style=\"color: #800000;\" href=\"https:\/\/ecsfalu.hu\/honlap\/rendezvenyeink\/aktualis\/20151113_Marton.Nap.html\">2014.11.13.\u00a0M\u00e1rton nap<\/a><\/small><\/span><\/li>\n<li><span style=\"color: #800000;\"><small><a style=\"color: #800000;\" href=\"https:\/\/ecsfalu.hu\/honlap\/rendezvenyeink\/aktualis\/20151022_oktober23.html\">2015.10.22.\u00a0Okt\u00f3ber 23-i \u00fcnneps\u00e9g<\/a><\/small><\/span><\/li>\n<li><span style=\"color: #800000;\"><small><a style=\"color: #800000;\" href=\"https:\/\/ecsfalu.hu\/honlap\/rendezvenyeink\/aktualis\/20150926_Szent.Mihaly_uj.html\">2015.09.26.\u00a0V\u00e9gleges program Szent Mih\u00e1ly-napi rendezv\u00e9nyen<\/a><\/small><\/span><\/li>\n<li><span style=\"color: #800000;\"><small><a style=\"color: #800000;\" href=\"https:\/\/ecsfalu.hu\/honlap\/rendezvenyeink\/aktualis\/20150926_Szent.Mihaly.html\">2015.09.26.\u00a0Szent Mih\u00e1ly-napi forgatag<\/a><\/small><\/span><\/li>\n<li><span style=\"color: #800000;\"><small><a style=\"color: #800000;\" href=\"https:\/\/ecsfalu.hu\/honlap\/rendezvenyeink\/aktualis\/20150912_Szureti.Falunap.html\">2015.09.12.\u00a0Sz\u00fcreti Falunap<\/a><\/small><\/span><\/li>\n<li><span style=\"color: #800000;\"><small><a style=\"color: #800000;\" href=\"https:\/\/ecsfalu.hu\/honlap\/rendezvenyeink\/aktualis\/20150820_bucsu.html\">2015.08.20.\u00a0Megh\u00edv\u00f3 Szent Istvan napi rendezv\u00e9nyre<\/a><\/small><\/span><\/li>\n<li><span style=\"color: #800000;\"><small><a style=\"color: #800000;\" href=\"https:\/\/ecsfalu.hu\/honlap\/rendezvenyeink\/aktualis\/20150607_meghivo.html\">2015.06.07.\u00a0Megh\u00edv\u00f3 versesk\u00f6nyv bemutat\u00f3ra<\/a><\/small><\/span><\/li>\n<li><span style=\"color: #800000;\"><small><a style=\"color: #800000;\" href=\"https:\/\/ecsfalu.hu\/honlap\/rendezvenyeink\/aktualis\/20150604_meghivo.html\">2015.06.04.\u00a0Megh\u00edv\u00f3 H\u00e1mori Vilmos \u00edr\u00f3-\u00fajs\u00e1g\u00edr\u00f3 el\u0151ad\u00e1s\u00e1ra<\/a><\/small><\/span><\/li>\n<li><span style=\"color: #800000;\"><small><a style=\"color: #800000;\" href=\"https:\/\/ecsfalu.hu\/honlap\/rendezvenyeink\/aktualis\/20150524_Punkosdi.Nepzenei.Talalkozo.html\">2015.05.24.\u00a0Megh\u00edv\u00f3 P\u00fcnk\u00f6sdi N\u00e9pzenei Tal\u00e1lkoz\u00f3ra<\/a><\/small><\/span><\/li>\n<li><span style=\"color: #800000;\"><small><a style=\"color: #800000;\" href=\"https:\/\/ecsfalu.hu\/honlap\/rendezvenyeink\/aktualis\/20150313_marcius15.html\">2015.03.13.\u00a0Megh\u00edv\u00f3 m\u00e1rcius 15-i \u00fcnneps\u00e9gre<\/a><\/small><\/span><\/li>\n<\/ul>\n<h4><span style=\"color: #000000;\"><small>2014<\/small><\/span><\/h4>\n<ul>\n<li><span style=\"color: #800000;\"><small><a style=\"color: #800000;\" href=\"https:\/\/ecsfalu.hu\/honlap\/rendezvenyeink\/aktualis\/20141221_Karacsony.html\">2014.12.21.\u00a0Mindenki Kar\u00e1csonya<\/a><\/small><\/span><\/li>\n<li><span style=\"color: #800000;\"><small><a style=\"color: #800000;\" href=\"https:\/\/ecsfalu.hu\/honlap\/rendezvenyeink\/aktualis\/20141205_mikulas.html\">2014.12.05.\u00a0\u00c9rkezik a Mikul\u00e1s<\/a><\/small><\/span><\/li>\n<li><span style=\"color: #800000;\"><small><a style=\"color: #800000;\" href=\"https:\/\/ecsfalu.hu\/honlap\/rendezvenyeink\/aktualis\/dok\/20141107_Marton.Nap.htmp\">2014.11.07.\u00a0M\u00e1rton nap<\/a><\/small><\/span><\/li>\n<li><span style=\"color: #800000;\"><small><a style=\"color: #800000;\" href=\"https:\/\/ecsfalu.hu\/honlap\/rendezvenyeink\/aktualis\/dok\/20141026_Nepzenei.Tovabbkepzes.pdf\" target=\"_blank\" rel=\"noopener\">2014.10.26.\u00a0N\u00e9pzenei Tov\u00e1bbk\u00e9pz\u00e9s<\/a><\/small><\/span><\/li>\n<li><span style=\"color: #800000;\"><small><a style=\"color: #800000;\" href=\"https:\/\/ecsfalu.hu\/honlap\/rendezvenyeink\/aktualis\/20141022_oktober23.html\">2014.10.22.\u00a0Okt\u00f3ber 23-i \u00dcnneps\u00e9g<\/a><\/small><\/span><\/li>\n<li><span style=\"color: #800000;\"><small><a style=\"color: #800000;\" href=\"https:\/\/ecsfalu.hu\/honlap\/rendezvenyeink\/aktualis\/dok\/20141011_egeszseghaz.meghivo.pdf\" target=\"_blank\" rel=\"noopener\">2014.10.11.\u00a0Eg\u00e9szs\u00e9gh\u00e1z \u00faj \u00e9p\u00fcletr\u00e9sz\u00e9nek \u00fcnnep\u00e9lyes \u00e1tad\u00e1sa<\/a><\/small><\/span><\/li>\n<li><span style=\"color: #800000;\"><small><a style=\"color: #800000;\" href=\"https:\/\/ecsfalu.hu\/honlap\/rendezvenyeink\/aktualis\/20140913_falunap.html\">2014.09.13.\u00a0Sz\u00fcreti Falunap<\/a><\/small><\/span><\/li>\n<li><span style=\"color: #800000;\"><small><a style=\"color: #800000;\" href=\"https:\/\/ecsfalu.hu\/honlap\/rendezvenyeink\/aktualis\/20140820_augusztus20.html\">2014.08.20.\u00a0Megh\u00edv\u00f3 a Szent Istv\u00e1n Kir\u00e1ly szobor szentel\u00e9sre<\/a><\/small><\/span><\/li>\n<li><span style=\"color: #800000;\"><small><a style=\"color: #800000;\" href=\"https:\/\/ecsfalu.hu\/honlap\/rendezvenyeink\/aktualis\/20140619_Hosok.Vasarnapja.html\">2014.06.29.\u00a0Megh\u00edv\u00f3 a H\u0151s\u00f6k Vas\u00e1rnapja megeml\u00e9kez\u00e9sre<\/a><\/small><\/span><\/li>\n<li><span style=\"color: #800000;\"><small><a style=\"color: #800000;\" href=\"https:\/\/ecsfalu.hu\/honlap\/rendezvenyeink\/aktualis\/20140608_Punkosdi.Nepzenei.Talalkozo.html\">2014.06.08.\u00a0Megh\u00edv\u00f3 P\u00fcnk\u00f6sdi N\u00e9pzenei Tal\u00e1lkoz\u00f3ra<\/a><\/small><\/span><\/li>\n<li><span style=\"color: #800000;\"><small><a style=\"color: #800000;\" href=\"https:\/\/ecsfalu.hu\/honlap\/rendezvenyeink\/aktualis\/20140314_marcius15.html\">2014.03.14.\u00a0Megh\u00edv\u00f3 m\u00e1rcius 15-i \u00fcnneps\u00e9gre<\/a><\/small><\/span><\/li>\n<\/ul>\n<h4><span style=\"color: #000000;\"><small>2013<\/small><\/span><\/h4>\n<ul>\n<li><span style=\"color: #800000;\"><small><a style=\"color: #800000;\" href=\"https:\/\/ecsfalu.hu\/honlap\/rendezvenyeink\/aktualis\/20131215_karacsony.html\">2013.12.15.\u00a0Mindenki Kar\u00e1csonya<\/a><\/small><\/span><\/li>\n<li><span style=\"color: #800000;\"><small><a style=\"color: #800000;\" href=\"https:\/\/ecsfalu.hu\/honlap\/rendezvenyeink\/aktualis\/20131205_mikulas.html\">2013.12.05.\u00a0Mikul\u00e1s<\/a><\/small><\/span><\/li>\n<li><span style=\"color: #800000;\"><small><a style=\"color: #800000;\" href=\"https:\/\/ecsfalu.hu\/honlap\/rendezvenyeink\/aktualis\/20131201_advent.html\">2013.12.01.\u00a0Advent- Kar\u00e1csonyv\u00e1r\u00e1s<\/a><\/small><\/span><\/li>\n<li><span style=\"color: #800000;\"><small><a style=\"color: #800000;\" href=\"https:\/\/ecsfalu.hu\/honlap\/rendezvenyeink\/aktualis\/20131111_marton_nap.html\">2013.11.11.\u00a0M\u00e1rton nap<\/a><\/small><\/span><\/li>\n<li><span style=\"color: #800000;\"><small><a style=\"color: #800000;\" href=\"https:\/\/ecsfalu.hu\/honlap\/rendezvenyeink\/aktualis\/20131023_oktober23.html\">2013.10.23.\u00a0Okt\u00f3ber 23-i \u00dcnneps\u00e9g<\/a><\/small><\/span><\/li>\n<li><span style=\"color: #800000;\"><small><a style=\"color: #800000;\" href=\"https:\/\/ecsfalu.hu\/honlap\/rendezvenyeink\/aktualis\/20130914_falunap.html\">2013.09.14.\u00a0Sz\u00fcreti Falunap<\/a><\/small><\/span><\/li>\n<li><span style=\"color: #800000;\"><small><a style=\"color: #800000;\" href=\"https:\/\/ecsfalu.hu\/honlap\/rendezvenyeink\/aktualis\/20130510_punkosd.html\">2013.05.19.\u00a0Helyi kultur\u00e1lis aj\u00e1nlat p\u00fcnk\u00f6sdre<\/a><\/small><\/span><\/li>\n<li><span style=\"color: #800000;\"><small><a style=\"color: #800000;\" href=\"https:\/\/ecsfalu.hu\/honlap\/rendezvenyeink\/aktualis\/20130315_marcius15.html\">2013.03.15.\u00a0Megh\u00edv\u00f3 m\u00e1rcius 15-i \u00fcnneps\u00e9gre<\/a><\/small><\/span><\/li>\n<\/ul>\n<h4><span style=\"color: #000000;\"><small>2012<\/small><\/span><\/h4>\n<ul>\n<li><span style=\"color: #800000;\"><small><a style=\"color: #800000;\" href=\"https:\/\/ecsfalu.hu\/honlap\/rendezvenyeink\/aktualis\/20121216_karacsony.html\">2012.12.16.\u00a0Mindenki Kar\u00e1csonya<\/a><\/small><\/span><\/li>\n<li><span style=\"color: #800000;\"><small><a style=\"color: #800000;\" href=\"https:\/\/ecsfalu.hu\/honlap\/rendezvenyeink\/aktualis\/20121205_mikulas.html\">2012.12.05.\u00a0Mikul\u00e1s<\/a><\/small><\/span><\/li>\n<li><span style=\"color: #800000;\"><small><a style=\"color: #800000;\" href=\"https:\/\/ecsfalu.hu\/honlap\/rendezvenyeink\/aktualis\/20121021_nepdalkor.html\">2012.10.21.\u00a0Megh\u00edv\u00f3 a magyar n\u00e9pdalok jelk\u00e9prendszere t\u00e9m\u00e1j\u00fa el\u0151ad\u00e1sra<\/a><\/small><\/span><\/li>\n<li><span style=\"color: #800000;\"><small><a style=\"color: #800000;\" href=\"https:\/\/ecsfalu.hu\/honlap\/rendezvenyeink\/aktualis\/20121023_oktober23.html\">2012.10.23.\u00a0Okt\u00f3ber 23-i \u00dcnneps\u00e9g<\/a><\/small><\/span><\/li>\n<li><span style=\"color: #800000;\"><small><a style=\"color: #800000;\" href=\"https:\/\/ecsfalu.hu\/honlap\/rendezvenyeink\/aktualis\/20120908_falunap.html\">2012.09.08.\u00a0Sz\u00fcreti Falunap<\/a><\/small><\/span><\/li>\n<li><span style=\"color: #800000;\"><small><a style=\"color: #800000;\" href=\"https:\/\/ecsfalu.hu\/honlap\/rendezvenyeink\/aktualis\/20120603_Hosok.Vasarnapja.html\">2012.06.03.\u00a0Megh\u00edv\u00f3 a H\u0151s\u00f6k Vas\u00e1rnapja megeml\u00e9kez\u00e9sre<\/a><\/small><\/span><\/li>\n<li><span style=\"color: #800000;\"><small><a style=\"color: #800000;\" href=\"https:\/\/ecsfalu.hu\/honlap\/rendezvenyeink\/aktualis\/20120315_marcius15.html\">2012.03.15.\u00a0Megh\u00edv\u00f3 m\u00e1rcius 15.-i \u00fcnneps\u00e9gre<\/a><\/small><\/span><\/li>\n<\/ul>\n<h4><span style=\"color: #000000;\"><small>2011<\/small><\/span><\/h4>\n<ul>\n<li><span style=\"color: #800000;\"><small><a style=\"color: #800000;\" href=\"https:\/\/ecsfalu.hu\/honlap\/rendezvenyeink\/aktualis\/20111218_karacsony.html\">2011.12.18.\u00a0Mindenki Kar\u00e1csonya<\/a><\/small><\/span><\/li>\n<li><span style=\"color: #800000;\"><small><a style=\"color: #800000;\" href=\"https:\/\/ecsfalu.hu\/honlap\/rendezvenyeink\/aktualis\/20111205_mikulas.html\">2011.12.05.\u00a0Mikul\u00e1s<\/a><\/small><\/span><\/li>\n<li><span style=\"color: #800000;\"><small><a style=\"color: #800000;\" href=\"https:\/\/ecsfalu.hu\/honlap\/rendezvenyeink\/aktualis\/20111111_marton_nap.html\">2011.11.11.\u00a0M\u00e1rton nap<\/a><\/small><\/span><\/li>\n<li><span style=\"color: #800000;\"><small><a style=\"color: #800000;\" href=\"https:\/\/ecsfalu.hu\/honlap\/rendezvenyeink\/aktualis\/20111023_oktober23.html\">2011.10.23.\u00a0Okt\u00f3ber 23-i \u00dcnneps\u00e9g<\/a><\/small><\/span><\/li>\n<li><span style=\"color: #800000;\"><small><a style=\"color: #800000;\" href=\"https:\/\/ecsfalu.hu\/honlap\/rendezvenyeink\/aktualis\/20110910_falunap.html\">2011.09.10.\u00a0Sz\u00fcreti Falunap<\/a><\/small><\/span><\/li>\n<li><span style=\"color: #800000;\"><small><a style=\"color: #800000;\" href=\"https:\/\/ecsfalu.hu\/honlap\/rendezvenyeink\/aktualis\/20110612_punkosd.html\">2011.06.12.\u00a0P\u00fcnk\u00f6sdi Dalos Tal\u00e1lkoz\u00f3<\/a><\/small><\/span><\/li>\n<li><span style=\"color: #800000;\"><small><a style=\"color: #800000;\" href=\"https:\/\/ecsfalu.hu\/honlap\/rendezvenyeink\/aktualis\/20110603_rabaring.html\">2011.06.03.\u00a0II. R\u00e1ba Ring Fesztiv\u00e1l<\/a><\/small><\/span><\/li>\n<li><span style=\"color: #800000;\"><small><a style=\"color: #800000;\" href=\"https:\/\/ecsfalu.hu\/honlap\/rendezvenyeink\/aktualis\/20110516_hungaroton.html\">2011.05.14.\u00a0Hungaroton zenei j\u00e1t\u00e9k<\/a><\/small><\/span><\/li>\n<li><span style=\"color: #800000;\"><small><a style=\"color: #800000;\" href=\"https:\/\/ecsfalu.hu\/honlap\/rendezvenyeink\/aktualis\/20110320_jarobeteg.html\">2011.03.20.\u00a0T\u00e1j\u00e9koztat\u00f3 a Kist\u00e9rs\u00e9gi Betegell\u00e1t\u00f3 K\u00f6zpontr\u00f3l<\/a><\/small><\/span><\/li>\n<li><span style=\"color: #800000;\"><small><a style=\"color: #800000;\" href=\"https:\/\/ecsfalu.hu\/honlap\/rendezvenyeink\/aktualis\/20110315_marcius15.html\">2011.03.15.\u00a0Megh\u00edv\u00f3 m\u00e1rcius 15.-i \u00fcnneps\u00e9gre<\/a><\/small><\/span><\/li>\n<li><span style=\"color: #800000;\"><small><a style=\"color: #800000;\" href=\"https:\/\/ecsfalu.hu\/honlap\/rendezvenyeink\/aktualis\/20110205_farsangi_bal.html\">2011.02.05.\u00a0Az \u00c9letfa Hagyom\u00e1ny\u0151rz\u0151 K\u00f6zhaszn\u00fa Egyes\u00fclet farsangi b\u00e1lt rendez<\/a><\/small><\/span><\/li>\n<li><span style=\"color: #800000;\"><small><a style=\"color: #800000;\" href=\"https:\/\/ecsfalu.hu\/honlap\/rendezvenyeink\/aktualis\/20110122_emlektorna.html\">2011.01.22.\u00a0\u00c9csi Sportegyes\u00fclet II. K\u00e1das Zolt\u00e1n eml\u00e9ktorn\u00e1t rendez<\/a><\/small><\/span><\/li>\n<\/ul>\n<h4><span style=\"color: #000000;\"><small>2010<\/small><\/span><\/h4>\n<ul>\n<li><span style=\"color: #800000;\"><small><a style=\"color: #800000;\" href=\"https:\/\/ecsfalu.hu\/honlap\/rendezvenyeink\/aktualis\/karacsony.html\">2010.12.19.\u00a0Mindenki Kar\u00e1csonya<\/a><\/small><\/span><\/li>\n<li><span style=\"color: #800000;\"><small><a style=\"color: #800000;\" href=\"https:\/\/ecsfalu.hu\/honlap\/rendezvenyeink\/aktualis\/mikulas.html\">2010.12.06.\u00a0Mikul\u00e1s<\/a><\/small><\/span><\/li>\n<li><span style=\"color: #800000;\"><small><a style=\"color: #800000;\" href=\"https:\/\/ecsfalu.hu\/honlap\/rendezvenyeink\/aktualis\/idosek.html\">2010.12.05.\u00a0Id\u0151sek Napja<\/a><\/small><\/span><\/li>\n<\/ul>\n","protected":false},"excerpt":{"rendered":"<p>2021 2021.06.04.\u00a0Megh\u00edv\u00f3 Trianoni megeml\u00e9kez\u00e9sre 2021.05.30.\u00a0Megh\u00edv\u00f3 a H\u0151s\u00f6k Vas\u00e1rnapja megeml\u00e9kez\u00e9sre 2020 2020.12.04.\u00a0\u00c9rkezik a Mikul\u00e1s 2020.10.22.\u00a0Megh\u00edv\u00f3 okt\u00f3ber 23-i \u00fcnneps\u00e9gre 2020.06.04.\u00a0Megh\u00edv\u00f3 a Trianon<\/p>\n","protected":false},"author":1,"featured_media":653,"comment_status":"closed","ping_status":"closed","sticky":false,"template":"","format":"standard","meta":{"colormag_page_container_layout":"default_layout","colormag_page_sidebar_layout":"default_layout","footnotes":""},"categories":[1],"tags":[40,42,41,43],"class_list":["post-652","post","type-post","status-publish","format-standard","has-post-thumbnail","hentry","category-egyeb","tag-ecsi-esemenyek","tag-ecsi-esemenynaptar","tag-esemeny-naptar","tag-esemenyek-ecs"],"_links":{"self":[{"href":"https:\/\/ecsfalu.hu\/web\/wp-json\/wp\/v2\/posts\/652","targetHints":{"allow":["GET"]}}],"collection":[{"href":"https:\/\/ecsfalu.hu\/web\/wp-json\/wp\/v2\/posts"}],"about":[{"href":"https:\/\/ecsfalu.hu\/web\/wp-json\/wp\/v2\/types\/post"}],"author":[{"embeddable":true,"href":"https:\/\/ecsfalu.hu\/web\/wp-json\/wp\/v2\/users\/1"}],"replies":[{"embeddable":true,"href":"https:\/\/ecsfalu.hu\/web\/wp-json\/wp\/v2\/comments?post=652"}],"version-history":[{"count":1,"href":"https:\/\/ecsfalu.hu\/web\/wp-json\/wp\/v2\/posts\/652\/revisions"}],"predecessor-version":[{"id":654,"href":"https:\/\/ecsfalu.hu\/web\/wp-json\/wp\/v2\/posts\/652\/revisions\/654"}],"wp:featuredmedia":[{"embeddable":true,"href":"https:\/\/ecsfalu.hu\/web\/wp-json\/wp\/v2\/media\/653"}],"wp:attachment":[{"href":"https:\/\/ecsfalu.hu\/web\/wp-json\/wp\/v2\/media?parent=652"}],"wp:term":[{"taxonomy":"category","embeddable":true,"href":"https:\/\/ecsfalu.hu\/web\/wp-json\/wp\/v2\/categories?post=652"},{"taxonomy":"post_tag","embeddable":true,"href":"https:\/\/ecsfalu.hu\/web\/wp-json\/wp\/v2\/tags?post=652"}],"curies":[{"name":"wp","href":"https:\/\/api.w.org\/{rel}","templated":true}]}}