{"id":655,"date":"2024-03-09T14:26:19","date_gmt":"2024-03-09T13:26:19","guid":{"rendered":"https:\/\/ecsfalu.hu\/web\/?p=655"},"modified":"2025-04-01T08:52:40","modified_gmt":"2025-04-01T06:52:40","slug":"feszek-egyesulet","status":"publish","type":"post","link":"https:\/\/ecsfalu.hu\/web\/feszek-egyesulet\/","title":{"rendered":"F\u00c9SZEK Egyes\u00fclet"},"content":{"rendered":"<div class=\"wp-block-image\">\n<div class=\"wp-block-image\"><img fetchpriority=\"high\" decoding=\"async\" class=\"wpa-warning wpa-image-missing-alt alignnone size-full wp-image-2811\" src=\"https:\/\/ecsfalu.hu\/web\/wp-content\/uploads\/2025\/04\/20250401_Feszek.Bemutato.Anyag_.jpg\" alt=\"\" width=\"1414\" height=\"2000\" data-warning=\"Missing alt text\" srcset=\"https:\/\/ecsfalu.hu\/web\/wp-content\/uploads\/2025\/04\/20250401_Feszek.Bemutato.Anyag_.jpg 1414w, https:\/\/ecsfalu.hu\/web\/wp-content\/uploads\/2025\/04\/20250401_Feszek.Bemutato.Anyag_-212x300.jpg 212w, https:\/\/ecsfalu.hu\/web\/wp-content\/uploads\/2025\/04\/20250401_Feszek.Bemutato.Anyag_-724x1024.jpg 724w, https:\/\/ecsfalu.hu\/web\/wp-content\/uploads\/2025\/04\/20250401_Feszek.Bemutato.Anyag_-768x1086.jpg 768w, https:\/\/ecsfalu.hu\/web\/wp-content\/uploads\/2025\/04\/20250401_Feszek.Bemutato.Anyag_-1086x1536.jpg 1086w\" sizes=\"(max-width: 1414px) 100vw, 1414px\" \/><\/div>\n<\/div>\n<div><\/div>\n<div><span style=\"font-family: arial, helvetica, sans-serif;\">Az egyes\u00fclet <a href=\"https:\/\/www.facebook.com\/feszekegyesulet\">facebook<\/a> el\u00e9rhet\u0151s\u00e9ge.<\/span><\/div>\n","protected":false},"excerpt":{"rendered":"<p>Az egyes\u00fclet facebook el\u00e9rhet\u0151s\u00e9ge.<\/p>\n","protected":false},"author":1,"featured_media":656,"comment_status":"closed","ping_status":"closed","sticky":false,"template":"","format":"standard","meta":{"colormag_page_container_layout":"default_layout","colormag_page_sidebar_layout":"default_layout","footnotes":""},"categories":[142],"tags":[46,44,45],"class_list":["post-655","post","type-post","status-publish","format-standard","has-post-thumbnail","hentry","category-civil-szervezetek","tag-ecsi-egyesulet","tag-feszek-egyesulet","tag-feszek-kozhasznu-egyesulet"],"_links":{"self":[{"href":"https:\/\/ecsfalu.hu\/web\/wp-json\/wp\/v2\/posts\/655","targetHints":{"allow":["GET"]}}],"collection":[{"href":"https:\/\/ecsfalu.hu\/web\/wp-json\/wp\/v2\/posts"}],"about":[{"href":"https:\/\/ecsfalu.hu\/web\/wp-json\/wp\/v2\/types\/post"}],"author":[{"embeddable":true,"href":"https:\/\/ecsfalu.hu\/web\/wp-json\/wp\/v2\/users\/1"}],"replies":[{"embeddable":true,"href":"https:\/\/ecsfalu.hu\/web\/wp-json\/wp\/v2\/comments?post=655"}],"version-history":[{"count":4,"href":"https:\/\/ecsfalu.hu\/web\/wp-json\/wp\/v2\/posts\/655\/revisions"}],"predecessor-version":[{"id":2814,"href":"https:\/\/ecsfalu.hu\/web\/wp-json\/wp\/v2\/posts\/655\/revisions\/2814"}],"wp:featuredmedia":[{"embeddable":true,"href":"https:\/\/ecsfalu.hu\/web\/wp-json\/wp\/v2\/media\/656"}],"wp:attachment":[{"href":"https:\/\/ecsfalu.hu\/web\/wp-json\/wp\/v2\/media?parent=655"}],"wp:term":[{"taxonomy":"category","embeddable":true,"href":"https:\/\/ecsfalu.hu\/web\/wp-json\/wp\/v2\/categories?post=655"},{"taxonomy":"post_tag","embeddable":true,"href":"https:\/\/ecsfalu.hu\/web\/wp-json\/wp\/v2\/tags?post=655"}],"curies":[{"name":"wp","href":"https:\/\/api.w.org\/{rel}","templated":true}]}}