{"id":674,"date":"2024-03-09T14:52:00","date_gmt":"2024-03-09T13:52:00","guid":{"rendered":"https:\/\/ecsfalu.hu\/web\/?p=674"},"modified":"2025-03-26T14:01:52","modified_gmt":"2025-03-26T13:01:52","slug":"jegyzoi-koszonto","status":"publish","type":"post","link":"https:\/\/ecsfalu.hu\/web\/jegyzoi-koszonto\/","title":{"rendered":"Jegyz\u0151i K\u00f6sz\u00f6nt\u0151"},"content":{"rendered":"<div class=\"wp-block-image\"><img fetchpriority=\"high\" decoding=\"async\" class=\"wpa-warning wpa-image-missing-alt wp-image-2499 aligncenter\" src=\"https:\/\/ecsfalu.hu\/web\/wp-content\/uploads\/2024\/03\/Jegyzo-1-922x1024.jpg\" alt=\"\" width=\"236\" height=\"262\" data-warning=\"Missing alt text\" srcset=\"https:\/\/ecsfalu.hu\/web\/wp-content\/uploads\/2024\/03\/Jegyzo-1-922x1024.jpg 922w, https:\/\/ecsfalu.hu\/web\/wp-content\/uploads\/2024\/03\/Jegyzo-1-270x300.jpg 270w, https:\/\/ecsfalu.hu\/web\/wp-content\/uploads\/2024\/03\/Jegyzo-1-768x853.jpg 768w, https:\/\/ecsfalu.hu\/web\/wp-content\/uploads\/2024\/03\/Jegyzo-1.jpg 1248w\" sizes=\"(max-width: 236px) 100vw, 236px\" \/><\/div>\n<p>&nbsp;<\/p>\n<p><strong><span style=\"font-family: arial, helvetica, sans-serif; font-size: 14pt;\">Tisztelt \u00c9csi Lakosok!<\/span><\/strong><\/p>\n<p style=\"text-align: justify;\"><span style=\"font-family: arial, helvetica, sans-serif;\">Megtiszteltet\u00e9sk\u00e9nt \u00e9lem meg, hogy a 2025. janu\u00e1r 1-t\u0151l ism\u00e9t \u00f6n\u00e1ll\u00f3an m\u0171k\u00f6d\u0151 \u00c9csi Polg\u00e1rmesteri Hivatal vezet\u0151je lehetek. Engedj\u00e9k meg, hogy bemutatkozzam!<\/span><\/p>\n<p style=\"text-align: justify;\"><span style=\"font-family: arial, helvetica, sans-serif;\">Baloghn\u00e9 dr. P\u00f6l\u00f6skei Hedvig vagyok. 2002-ben v\u00e9geztem az E\u00f6tv\u00f6s L\u00f3r\u00e1nd Tudom\u00e1nyegyetem \u00c1llam- \u00e9s Jogtudom\u00e1nyi Kar\u00e1nak akkori gy\u0151ri tagozat\u00e1n jog\u00e1szk\u00e9nt. Sz\u00fcleimt\u0151l az \u00e1llatok \u00e9s n\u00f6v\u00e9nyek szeretet\u00e9t kaptam \u00f6r\u00f6ks\u00e9g\u00fcl, hiszen mindketten agr\u00e1rm\u00e9rn\u00f6k\u00f6k, akik akt\u00edv korukban sz\u00edvvel-l\u00e9lekkel tettek a magyar mez\u0151gazdas\u00e1g siker\u00e9\u00e9rt. Gyermekk\u00e9nt is a j\u00f3 magyar f\u00f6ld szeretet\u00e9t sz\u00edvtam magamba, \u00e9s megtanultam, hogy a dolgos kezet meg kell becs\u00fclni. Mindig tev\u00e9kenyen \u00e9ltem magam is az \u00e9letem.<\/span><\/p>\n<p style=\"text-align: justify;\"><span style=\"font-family: arial, helvetica, sans-serif;\">Jogi p\u00e1lyafut\u00e1somat \u00fcgyv\u00e9dbojt\u00e1rk\u00e9nt kezdtem, majd r\u00f6vid id\u0151 ut\u00e1n a k\u00f6zigazgat\u00e1sba ker\u00fcltem. 24 \u00e9vesen lettem T\u00e1p k\u00f6zs\u00e9g jegyz\u0151je, ahol megtanulhattam tapasztalt koll\u00e9g\u00e1im seg\u00edts\u00e9g\u00e9vel az \u00e1llamigazgat\u00e1si feladatokat, \u00e9s seg\u00edthettem a telep\u00fcl\u00e9s \u00e9p\u00edtett \u00e9s term\u00e9szeti \u00e9rt\u00e9keinek meg\u0151rz\u00e9s\u00e9ben. J\u00f3 kapcsolatot alak\u00edtottam ki a k\u00e9pvisel\u0151-test\u00fclet tagjaival, akikkel a mai napig sz\u00edvesen emlegetj\u00fck az egy\u00fctt t\u00f6lt\u00f6tt munk\u00e1s \u00e9veket.<\/span><\/p>\n<p style=\"text-align: justify;\"><span style=\"font-family: arial, helvetica, sans-serif;\">Gyermekeim, Hanga \u00e9s R\u00f3zsa sz\u00fclet\u00e9se ut\u00e1n a Pannonhalmi J\u00e1r\u00e1si Hivatal megalakul\u00e1sakor a j\u00e1r\u00e1si hivatalvezet\u0151 helyettesek\u00e9nt ker\u00fcltem vissza a k\u00f6zigazgat\u00e1sba. Egy rendk\u00edv\u00fcl sokr\u00e9t\u0171 feladatot kaptam, amit igazi l\u00e9lekemel\u0151 kih\u00edv\u00e1sk\u00e9nt \u00e9ltem meg. Sok kedves koll\u00e9g\u00e1val tal\u00e1lkoztam, akik seg\u00edts\u00e9g\u00e9vel legy\u0151zt\u00fck a kezdeti neh\u00e9zs\u00e9geket, \u00e9s z\u00f6kken\u0151mentes \u00fcgyint\u00e9z\u00e9st tudtunk ny\u00fajtani \u00fcgyfeleinknek. A hat\u00f3s\u00e1gi \u00e9s gy\u00e1m\u00fcgyi feladatokon t\u00fal a szab\u00e1lys\u00e9rt\u00e9si \u00fcgyek int\u00e9z\u00e9se is az oszt\u00e1lyom feladataihoz tartozott.<\/span><\/p>\n<p style=\"text-align: justify;\"><span style=\"font-family: arial, helvetica, sans-serif;\">2018-ban ism\u00e9t jegyz\u0151k\u00e9nt helyezkedtem el. El\u0151sz\u00f6r Gy\u0151rszemere, majd R\u00e9de, v\u00e9g\u00fcl P\u00e1patesz\u00e9r jegyz\u0151je voltam. Mindegyik telep\u00fcl\u00e9s a sz\u00edvemhez n\u0151tt, sokat tanultam ezeken a helyeken. Sz\u00e9les ismerets\u00e9gik\u00f6rrel, \u00e9s sokf\u00e9le tapasztalattal rendelkezem. Vallom, hogy mint ahogy az orvosok k\u00f6zt a h\u00e1ziorvos, \u00fagy a jog\u00e1szok k\u00f6zt a falu jegyz\u0151je is \u00e9rtsen lehet\u0151leg mindenhez. Sz\u00edvesen aj\u00e1nlom fel tud\u00e1som az \u00d6n\u00f6k sz\u00e1m\u00e1ra is, amennyiben sz\u00fcks\u00e9g\u00fck lenne seg\u00edts\u00e9gre, hogy eligazodjanak a b\u00fcrokr\u00e1cia rejtelmeiben. Forduljanak hozz\u00e1m bizalommal!<\/span><\/p>\n<p style=\"text-align: justify;\"><span style=\"font-family: arial, helvetica, sans-serif;\">A hivatalban munkat\u00e1rsaim is k\u00e9szs\u00e9ggel seg\u00edtenek, ha k\u00e9rd\u00e9s\u00fck lenne, vagy \u00fcgyet szeretn\u00e9nek int\u00e9zni. C\u00e9lom, hogy mindenben seg\u00edtsem Dr. Szab\u00f3 Norbert polg\u00e1rmester urat \u00e9s a K\u00e9pvisel\u0151-test\u00fcletet \u00c9cs telep\u00fcl\u00e9s felvir\u00e1goztat\u00e1s\u00e1\u00e9rt v\u00e9gzett munk\u00e1juk sor\u00e1n. Ez a gy\u00f6ny\u00f6r\u0171 term\u00e9szeti k\u00f6rnyezetben \u00e9p\u00fclt, kiv\u00e1l\u00f3 gazdas\u00e1gi potenci\u00e1llal rendelkez\u0151 telep\u00fcl\u00e9s hatalmas fejl\u0151d\u00e9si lehet\u0151s\u00e9g el\u0151tt \u00e1ll. Feladatunk, hogy \u00d6n\u00f6kkel \u00e9s \u00d6n\u00f6k\u00e9rt tegy\u00fck meg a l\u00e9p\u00e9seket \u00fagy, hogy az eredm\u00e9ny mindenki megel\u00e9ged\u00e9s\u00e9re szolg\u00e1ljon.<\/span><\/p>\n<p style=\"padding-left: 80px;\"><span style=\"font-family: arial, helvetica, sans-serif;\">Tisztelettel:<\/span><\/p>\n<p style=\"text-align: center; padding-left: 200px;\"><span style=\"font-family: arial, helvetica, sans-serif;\">Baloghn\u00e9 dr. P\u00f6l\u00f6skei Hedvig<\/span><br \/>\n<span style=\"font-family: arial, helvetica, sans-serif;\">jegyz\u0151<\/span><\/p>\n","protected":false},"excerpt":{"rendered":"<p>&nbsp; Tisztelt \u00c9csi Lakosok! Megtiszteltet\u00e9sk\u00e9nt \u00e9lem meg, hogy a 2025. janu\u00e1r 1-t\u0151l ism\u00e9t \u00f6n\u00e1ll\u00f3an m\u0171k\u00f6d\u0151 \u00c9csi Polg\u00e1rmesteri Hivatal vezet\u0151je lehetek.<\/p>\n","protected":false},"author":3,"featured_media":2530,"comment_status":"closed","ping_status":"closed","sticky":false,"template":"","format":"standard","meta":{"colormag_page_container_layout":"default_layout","colormag_page_sidebar_layout":"default_layout","footnotes":""},"categories":[138],"tags":[77,79,76,78],"class_list":["post-674","post","type-post","status-publish","format-standard","has-post-thumbnail","hentry","category-ecsi-polgarmesteri-hivatal","tag-ecs-jegyzoi-koszonto","tag-ecsi-jegyzoi-koszonto","tag-jegyzo-koszonto","tag-jegyzoi-koszonto-ecs"],"_links":{"self":[{"href":"https:\/\/ecsfalu.hu\/web\/wp-json\/wp\/v2\/posts\/674","targetHints":{"allow":["GET"]}}],"collection":[{"href":"https:\/\/ecsfalu.hu\/web\/wp-json\/wp\/v2\/posts"}],"about":[{"href":"https:\/\/ecsfalu.hu\/web\/wp-json\/wp\/v2\/types\/post"}],"author":[{"embeddable":true,"href":"https:\/\/ecsfalu.hu\/web\/wp-json\/wp\/v2\/users\/3"}],"replies":[{"embeddable":true,"href":"https:\/\/ecsfalu.hu\/web\/wp-json\/wp\/v2\/comments?post=674"}],"version-history":[{"count":7,"href":"https:\/\/ecsfalu.hu\/web\/wp-json\/wp\/v2\/posts\/674\/revisions"}],"predecessor-version":[{"id":2531,"href":"https:\/\/ecsfalu.hu\/web\/wp-json\/wp\/v2\/posts\/674\/revisions\/2531"}],"wp:featuredmedia":[{"embeddable":true,"href":"https:\/\/ecsfalu.hu\/web\/wp-json\/wp\/v2\/media\/2530"}],"wp:attachment":[{"href":"https:\/\/ecsfalu.hu\/web\/wp-json\/wp\/v2\/media?parent=674"}],"wp:term":[{"taxonomy":"category","embeddable":true,"href":"https:\/\/ecsfalu.hu\/web\/wp-json\/wp\/v2\/categories?post=674"},{"taxonomy":"post_tag","embeddable":true,"href":"https:\/\/ecsfalu.hu\/web\/wp-json\/wp\/v2\/tags?post=674"}],"curies":[{"name":"wp","href":"https:\/\/api.w.org\/{rel}","templated":true}]}}