{"id":699,"date":"2024-03-09T15:31:22","date_gmt":"2024-03-09T14:31:22","guid":{"rendered":"https:\/\/ecsfalu.hu\/web\/?p=699"},"modified":"2024-05-06T09:49:59","modified_gmt":"2024-05-06T07:49:59","slug":"miserend","status":"publish","type":"post","link":"https:\/\/ecsfalu.hu\/web\/miserend\/","title":{"rendered":"Miserend"},"content":{"rendered":"<table style=\"width: 100%; height: 465px;\">\n<tbody>\n<tr style=\"height: 298px;\">\n<td class=\"etemp\" style=\"height: 298px;\" colspan=\"2\">\n<p style=\"text-align: center;\"><span style=\"font-size: 14pt;\"><strong>\u00c9cs Pl\u00e9b\u00e1nia<\/strong><\/span><\/p>\n<p style=\"text-align: center;\"><strong><span style=\"font-size: 12pt;\">9083 \u00c9cs, Kis u. 7.\u00a0<\/span><\/strong><\/p>\n<p><strong><span style=\"font-size: 12pt;\">Templom titulusa: Szent Istv\u00e1n kir\u00e1ly<\/span><\/strong><\/p>\n<table border=\"1\">\n<tbody>\n<tr>\n<td><\/td>\n<td style=\"text-align: left;\" align=\"center\"><strong>Miserend<\/strong><\/td>\n<\/tr>\n<tr>\n<td><strong>Szerd\u00e1n<\/strong><\/td>\n<td><strong>16:30<\/strong><\/td>\n<\/tr>\n<tr>\n<td><strong>Vas\u00e1rnap<\/strong><\/td>\n<td><strong>\u00a09:30<\/strong><\/td>\n<\/tr>\n<\/tbody>\n<\/table>\n<\/td>\n<\/tr>\n<tr style=\"height: 81px;\">\n<td style=\"height: 81px;\"><strong>Pl\u00e9b\u00e1nos:\u00a0<\/strong>Bausz Andr\u00e1s, pl\u00e9b\u00e1nos<\/td>\n<td style=\"height: 81px;\">&nbsp;<\/p>\n<p>Tel.: 96\/540-033, 20\/560-21-22<\/p>\n<p>&nbsp;<\/td>\n<\/tr>\n<tr style=\"height: 69px;\">\n<td class=\"etemp\" style=\"height: 69px;\" colspan=\"2\">Sz\u00fcletett: L\u00f6v\u0151, 1954. november 28.<\/p>\n<p>Pl\u00e9b\u00e1nos Ny\u00falon, ell\u00e1tja Gy\u0151r\u00fajbar\u00e1t I., Gy\u0151r\u00fajbar\u00e1t II., valamint\u00a0 \u00c9cs pl\u00e9b\u00e1ni\u00e1j\u00e1t is.<\/td>\n<\/tr>\n<tr style=\"height: 17px;\">\n<td style=\"height: 17px;\"><strong>Vil\u00e1gi Eln\u00f6k:<\/strong>\u00a0Kov\u00e1cs P\u00e9ter<\/td>\n<td style=\"height: 17px;\">Tel.:30\/411-81-93<\/td>\n<\/tr>\n<\/tbody>\n<\/table>\n","protected":false},"excerpt":{"rendered":"<p>\u00c9cs Pl\u00e9b\u00e1nia 9083 \u00c9cs, Kis u. 7.\u00a0 Templom titulusa: Szent Istv\u00e1n kir\u00e1ly Miserend Szerd\u00e1n 16:30 Vas\u00e1rnap \u00a09:30 Pl\u00e9b\u00e1nos:\u00a0Bausz Andr\u00e1s, pl\u00e9b\u00e1nos<\/p>\n","protected":false},"author":1,"featured_media":700,"comment_status":"closed","ping_status":"closed","sticky":false,"template":"","format":"standard","meta":{"colormag_page_container_layout":"default_layout","colormag_page_sidebar_layout":"default_layout","footnotes":""},"categories":[144],"tags":[116,118,117],"class_list":["post-699","post","type-post","status-publish","format-standard","has-post-thumbnail","hentry","category-egyhazi-oldalak","tag-ecs-plebania","tag-ecsi-plebania-miserend","tag-plebania-miserend-ecs"],"_links":{"self":[{"href":"https:\/\/ecsfalu.hu\/web\/wp-json\/wp\/v2\/posts\/699","targetHints":{"allow":["GET"]}}],"collection":[{"href":"https:\/\/ecsfalu.hu\/web\/wp-json\/wp\/v2\/posts"}],"about":[{"href":"https:\/\/ecsfalu.hu\/web\/wp-json\/wp\/v2\/types\/post"}],"author":[{"embeddable":true,"href":"https:\/\/ecsfalu.hu\/web\/wp-json\/wp\/v2\/users\/1"}],"replies":[{"embeddable":true,"href":"https:\/\/ecsfalu.hu\/web\/wp-json\/wp\/v2\/comments?post=699"}],"version-history":[{"count":1,"href":"https:\/\/ecsfalu.hu\/web\/wp-json\/wp\/v2\/posts\/699\/revisions"}],"predecessor-version":[{"id":701,"href":"https:\/\/ecsfalu.hu\/web\/wp-json\/wp\/v2\/posts\/699\/revisions\/701"}],"wp:featuredmedia":[{"embeddable":true,"href":"https:\/\/ecsfalu.hu\/web\/wp-json\/wp\/v2\/media\/700"}],"wp:attachment":[{"href":"https:\/\/ecsfalu.hu\/web\/wp-json\/wp\/v2\/media?parent=699"}],"wp:term":[{"taxonomy":"category","embeddable":true,"href":"https:\/\/ecsfalu.hu\/web\/wp-json\/wp\/v2\/categories?post=699"},{"taxonomy":"post_tag","embeddable":true,"href":"https:\/\/ecsfalu.hu\/web\/wp-json\/wp\/v2\/tags?post=699"}],"curies":[{"name":"wp","href":"https:\/\/api.w.org\/{rel}","templated":true}]}}