{"id":706,"date":"2024-03-09T15:47:26","date_gmt":"2024-03-09T14:47:26","guid":{"rendered":"https:\/\/ecsfalu.hu\/web\/?p=706"},"modified":"2025-10-14T09:46:28","modified_gmt":"2025-10-14T07:46:28","slug":"nepdalkor","status":"publish","type":"post","link":"https:\/\/ecsfalu.hu\/web\/nepdalkor\/","title":{"rendered":"N\u00e9pdalk\u00f6r"},"content":{"rendered":"<p><span style=\"font-family: arial, helvetica, sans-serif;\"><a href=\"https:\/\/ecsfalu.hu\/web\/wp-content\/uploads\/2024\/02\/nepdalkor_uj.jpg\"><img decoding=\"async\" class=\"wp-image-289 aligncenter\" src=\"https:\/\/ecsfalu.hu\/web\/wp-content\/uploads\/2024\/02\/nepdalkor_uj.jpg\" alt=\"dr. Barsi Ern\u0151 N\u00e9pdalk\u00f6r \u00e9s Citeraegy\u00fcttes-\u00c9cs\" width=\"221\" height=\"178\" srcset=\"https:\/\/ecsfalu.hu\/web\/wp-content\/uploads\/2024\/02\/nepdalkor_uj.jpg 634w, https:\/\/ecsfalu.hu\/web\/wp-content\/uploads\/2024\/02\/nepdalkor_uj-300x241.jpg 300w, https:\/\/ecsfalu.hu\/web\/wp-content\/uploads\/2024\/02\/nepdalkor_uj-600x483.jpg 600w\" sizes=\"(max-width: 221px) 100vw, 221px\" \/><\/a><\/span><\/p>\n<p><span style=\"font-family: arial, helvetica, sans-serif;\">N\u00e9pdalk\u00f6r\u00fcnk 2014. szeptember 13-\u00e1n a Sz\u00fcreti Falunapon felvette elhunyt alap\u00edt\u00f3j\u00e1nak, dr. Barsi Ern\u0151nek a nev\u00e9t, mely n\u00e9vfelv\u00e9telhez hozz\u00e1j\u00e1rul\u00e1s\u00e1t adta a n\u00e9prajztud\u00f3s k\u00e9t gyermeke Barsi Hajna, \u00e9s Dr. Barsi Ern\u0151.<\/span><\/p>\n<ol start=\"2023\">\n<li><span style=\"font-family: arial, helvetica, sans-serif;\">\u00e1prilis 6-\u00e1n pedig bejegyz\u00e9sre ker\u00fclt a Dr.Barsi Ern\u0151 N\u00e9pi Kult\u00far\u00e1\u00e9rt Egyes\u00fclet.<\/span>\n<div class=\"wp-block-image\"><span style=\"font-family: arial, helvetica, sans-serif;\"><img decoding=\"async\" class=\"wpa-warning wpa-image-missing-alt wp-image-1140 aligncenter\" src=\"https:\/\/ecsfalu.hu\/web\/wp-content\/uploads\/2024\/03\/nevado3-scaled.jpg\" alt=\"\" width=\"215\" height=\"156\" data-warning=\"Missing alt text\" srcset=\"https:\/\/ecsfalu.hu\/web\/wp-content\/uploads\/2024\/03\/nevado3-scaled.jpg 2560w, https:\/\/ecsfalu.hu\/web\/wp-content\/uploads\/2024\/03\/nevado3-300x218.jpg 300w, https:\/\/ecsfalu.hu\/web\/wp-content\/uploads\/2024\/03\/nevado3-1024x744.jpg 1024w, https:\/\/ecsfalu.hu\/web\/wp-content\/uploads\/2024\/03\/nevado3-768x558.jpg 768w, https:\/\/ecsfalu.hu\/web\/wp-content\/uploads\/2024\/03\/nevado3-1536x1116.jpg 1536w, https:\/\/ecsfalu.hu\/web\/wp-content\/uploads\/2024\/03\/nevado3-2048x1488.jpg 2048w\" sizes=\"(max-width: 215px) 100vw, 215px\" \/><\/span><\/div>\n<div class=\"wp-block-image\"><span style=\"font-family: arial, helvetica, sans-serif;\"><img decoding=\"async\" class=\"wpa-warning wpa-image-missing-alt wp-image-1139 alignnone\" src=\"https:\/\/ecsfalu.hu\/web\/wp-content\/uploads\/2024\/03\/nevado2.jpg\" alt=\"\" width=\"208\" height=\"156\" data-warning=\"Missing alt text\" srcset=\"https:\/\/ecsfalu.hu\/web\/wp-content\/uploads\/2024\/03\/nevado2.jpg 1205w, https:\/\/ecsfalu.hu\/web\/wp-content\/uploads\/2024\/03\/nevado2-300x225.jpg 300w, https:\/\/ecsfalu.hu\/web\/wp-content\/uploads\/2024\/03\/nevado2-1024x769.jpg 1024w, https:\/\/ecsfalu.hu\/web\/wp-content\/uploads\/2024\/03\/nevado2-768x577.jpg 768w\" sizes=\"(max-width: 208px) 100vw, 208px\" \/><\/span><\/div>\n<div class=\"wp-block-image\"><span style=\"font-family: arial, helvetica, sans-serif;\"><img loading=\"lazy\" decoding=\"async\" class=\"wpa-warning wpa-image-missing-alt wp-image-1138 alignnone\" src=\"https:\/\/ecsfalu.hu\/web\/wp-content\/uploads\/2024\/03\/nevado1.jpg\" alt=\"\" width=\"220\" height=\"156\" data-warning=\"Missing alt text\" srcset=\"https:\/\/ecsfalu.hu\/web\/wp-content\/uploads\/2024\/03\/nevado1.jpg 2519w, https:\/\/ecsfalu.hu\/web\/wp-content\/uploads\/2024\/03\/nevado1-300x213.jpg 300w, https:\/\/ecsfalu.hu\/web\/wp-content\/uploads\/2024\/03\/nevado1-1024x726.jpg 1024w, https:\/\/ecsfalu.hu\/web\/wp-content\/uploads\/2024\/03\/nevado1-768x545.jpg 768w, https:\/\/ecsfalu.hu\/web\/wp-content\/uploads\/2024\/03\/nevado1-1536x1090.jpg 1536w, https:\/\/ecsfalu.hu\/web\/wp-content\/uploads\/2024\/03\/nevado1-2048x1453.jpg 2048w\" sizes=\"(max-width: 220px) 100vw, 220px\" \/><\/span><\/div>\n<\/li>\n<\/ol>\n<p style=\"text-align: center;\"><span style=\"font-family: arial, helvetica, sans-serif;\"><em>(Barsi Hajna \u00e9s dr.Barsi Ern\u0151 al\u00e1\u00edrj\u00e1k a nyilatkozatot)<\/em><\/span><\/p>\n<p><span style=\"font-family: arial, helvetica, sans-serif;\">A N\u00e9pdalk\u00f6r 1973-ban alakult H\u00edmz\u0151 P\u00e1vak\u00f6r n\u00e9ven. A p\u00e1vak\u00f6rbe j\u00e1r\u00f3 l\u00e1nyok, asszonyok \u00e9nekl\u00e9s k\u00f6zben szorgosan k\u00e9sz\u00edtett\u00e9k a r\u00e1bak\u00f6zi h\u00edmz\u00e9seket, melynek \u00e9kes bizony\u00edt\u00e9ka, a m\u00e1r log\u00f3nkk\u00e9nt haszn\u00e1lt p\u00e1v\u00e1s mot\u00edvumunk. Az elk\u00e9sz\u00fclt p\u00e1rn\u00e1k, h\u00edmz\u00e9sek sz\u00e1mtalan ki\u00e1ll\u00edt\u00e1son vettek r\u00e9szt \u00e9s d\u00edjaz\u00e1sban r\u00e9szes\u00fcltek.<\/span><\/p>\n<div class=\"wp-block-image\">\n<p><span style=\"font-family: arial, helvetica, sans-serif;\"><img loading=\"lazy\" decoding=\"async\" class=\"wpa-warning wpa-image-missing-alt wp-image-1143 aligncenter\" src=\"https:\/\/ecsfalu.hu\/web\/wp-content\/uploads\/2024\/03\/regi3-300x193.jpg\" alt=\"\" width=\"278\" height=\"179\" data-warning=\"Missing alt text\" srcset=\"https:\/\/ecsfalu.hu\/web\/wp-content\/uploads\/2024\/03\/regi3-300x193.jpg 300w, https:\/\/ecsfalu.hu\/web\/wp-content\/uploads\/2024\/03\/regi3-768x493.jpg 768w, https:\/\/ecsfalu.hu\/web\/wp-content\/uploads\/2024\/03\/regi3.jpg 1000w\" sizes=\"(max-width: 278px) 100vw, 278px\" \/><\/span><\/p>\n<div class=\"wp-block-image\"><span style=\"font-family: arial, helvetica, sans-serif;\"><img loading=\"lazy\" decoding=\"async\" class=\"wpa-warning wpa-image-missing-alt wp-image-1142 aligncenter\" src=\"https:\/\/ecsfalu.hu\/web\/wp-content\/uploads\/2024\/03\/regi2-300x193.jpg\" alt=\"\" width=\"277\" height=\"178\" data-warning=\"Missing alt text\" srcset=\"https:\/\/ecsfalu.hu\/web\/wp-content\/uploads\/2024\/03\/regi2-300x193.jpg 300w, https:\/\/ecsfalu.hu\/web\/wp-content\/uploads\/2024\/03\/regi2-768x494.jpg 768w, https:\/\/ecsfalu.hu\/web\/wp-content\/uploads\/2024\/03\/regi2.jpg 1009w\" sizes=\"(max-width: 277px) 100vw, 277px\" \/><\/span><\/div>\n<\/div>\n<p><span style=\"font-family: arial, helvetica, sans-serif;\"><em>(1974-ben)<\/em><\/span><\/p>\n<p><span style=\"font-family: arial, helvetica, sans-serif;\">A csoportot dr. Barsi Ern\u0151 alap\u00edtotta, melyet 16 \u00e9vig vezetett. \u00d6sszegy\u0171jt\u00f6tte \u00c9cs telep\u00fcl\u00e9s n\u00e9pdalait, n\u00e9pszok\u00e1sait, melyek 1985-ben k\u00f6tetben megjelentek \u201eMeg\u00e9rett, meg\u00e9rett \u00c9cs hegy\u00e9n a sz\u0151l\u0151\u201d c\u00edmmel. Ehhez a telep\u00fcl\u00e9s t\u00f6rt\u00e9nelmi, gazdas\u00e1gi adatait Orb\u00e1n L\u00e1szl\u00f3 m\u0171vel\u0151d\u00e9si h\u00e1z igazgat\u00f3ja \u00e1ll\u00edtotta \u00f6ssze, aki k\u00e9t \u00e9vtizeden \u00e1t seg\u00edtette csoportunk m\u0171k\u00f6d\u00e9s\u00e9t.<\/span><\/p>\n<p><span style=\"font-family: arial, helvetica, sans-serif;\">R\u00e9szletek a k\u00f6nyvb\u0151l:<a href=\"https:\/\/ecsfalu.hu\/web\/wp-content\/uploads\/2024\/03\/konyv.jpg\"><img loading=\"lazy\" decoding=\"async\" class=\"wpa-warning wpa-image-missing-alt wp-image-1136 alignleft\" src=\"https:\/\/ecsfalu.hu\/web\/wp-content\/uploads\/2024\/03\/konyv.jpg\" alt=\"\" width=\"164\" height=\"224\" data-warning=\"Missing alt text\" srcset=\"https:\/\/ecsfalu.hu\/web\/wp-content\/uploads\/2024\/03\/konyv.jpg 365w, https:\/\/ecsfalu.hu\/web\/wp-content\/uploads\/2024\/03\/konyv-219x300.jpg 219w\" sizes=\"(max-width: 164px) 100vw, 164px\" \/><\/a><\/span><\/p>\n<div class=\"wp-block-image\"><\/div>\n<p><span style=\"font-family: arial, helvetica, sans-serif;\"><em>&#8222;&#8230; \u00c9cs k\u00f6zs\u00e9g a dalolni szeret\u0151 falvak k\u00f6z\u00e9 tartozik. Valaha sok volt itt a napsz\u00e1mos,- h\u00f3napos-, meg summ\u00e1smunk\u00e1ra szeg\u0151d\u0151 szeg\u00e9ny ember, s ezek mindig szerettek \u00e9nekelni. A nagygazd\u00e1knak a vagyon k\u00f6t\u00f6tte le minden idej\u00e9t, figyelm\u00e9t, nem igen t\u00f6r\u0151dtek a dalol\u00e1ssal. A szeg\u00e9ny ember azonban ebben lelte legnagyobb \u00f6r\u00f6m\u00e9t&#8230;<\/em><\/span><\/p>\n<p><span style=\"font-family: arial, helvetica, sans-serif;\">&#8230; Egy k\u00f6zs\u00e9g n\u00e9pzenei hagyom\u00e1nyainak szempontj\u00e1b\u00f3l d\u00f6nt\u0151 jelent\u0151s\u00e9ge van azoknak az alkalmaknak, melyeken megsz\u00f3lal a dal. Ha nincs dalol\u00e1si alkalom, megsz\u0171nik a n\u00e9pdal, mert a m\u00e1r tudott n\u00e9pdal is elkopik, feled\u00e9sbe mer\u00fcl k\u00f6z\u00f6ss\u00e9gi \u00e9nekl\u00e9s n\u00e9lk\u00fcl.&#8221;<\/span><\/p>\n<p>&nbsp;<\/p>\n<p><span style=\"font-family: arial, helvetica, sans-serif;\">1975-ben m\u00e1r \u00e9nekelt\u00fcnk dr. Manga J\u00e1nosnak, \u2013 \u00adaki a N\u00e9pm\u0171vel\u00e9si Int\u00e9zet igazgat\u00f3ja, azut\u00e1n nyugd\u00edjaz\u00e1s\u00e1ig az\u00a0<a href=\"https:\/\/hu.wikipedia.org\/wiki\/Magyar_Tudom%C3%A1nyos_Akad%C3%A9mia\">MTA<\/a>\u00a0N\u00e9prajzi Kutat\u00f3 Csoportj\u00e1nak f\u0151munkat\u00e1rsa, oszt\u00e1lyvezet\u0151je volt \u2013 \u00ad az \u00c9l\u0151 N\u00e9pdal c\u00edm\u0171 r\u00e1di\u00f3m\u0171sorban. 1977-ben a helyi t\u00e1ncosokkal benevezt\u00fcnk a R\u00f6p\u00fclj P\u00e1va c\u00edm\u0171 versenybe, itt Lengyelfi Mikl\u00f3s (a Magyar Telev\u00edzi\u00f3 szerkeszt\u0151je, oszt\u00e1lyvezet\u0151je, rovatvezet\u0151je) \u00e9s Borb\u00e9ly Jol\u00e1n (etnogr\u00e1fus, pedag\u00f3gus) \u00e9rt\u00e9kelt benn\u00fcnket. Hagyom\u00e1nyaink \u00e1ltal bemutattuk a telep\u00fcl\u00e9s \u00e9let\u00e9t. A gyermekek gyermekj\u00e1t\u00e9kokat adtak el\u0151, megelevenedett a katonas\u00e1g, a bevonul\u00e1s, a lakodalmas, a summ\u00e1s\u00e9let. A telep\u00fcl\u00e9sen nagyon sok summ\u00e1smunk\u00e1ra szeg\u0151d\u00f6tt ember \u00e9lt, sokan megj\u00e1rt\u00e1k a frontot, \u00edgy sok eml\u00e9ket, \u00e9neket tudtak \u00e1tadni a n\u00e9pdalk\u00f6r\u00f6s\u00f6knek, az ut\u00f3kornak.<\/span><\/p>\n<p><span style=\"font-family: arial, helvetica, sans-serif;\">M\u00e1r 1981-ben \u00e9nekelt\u00fcnk ifj. Bart\u00f3k B\u00e9l\u00e1nak, 1983-ban \u00c1g Tibor felvid\u00e9ki n\u00e9prajzkutat\u00f3nak, 1991-ben Csap\u00f3 K\u00e1rolynak a N\u00e9pdalk\u00f6r\u00f6k P\u00f3dium\u00e1ban, melyet k\u00f6zvet\u00edtett a r\u00e1di\u00f3 is. 1993-ban dr. Vereb\u00e9lyi Kincs\u0151nek az ELTE B\u00f6lcs\u00e9szettudom\u00e1nyi Kar Folklore Tansz\u00e9k tan\u00e1r\u00e1nak, aki \u00e9csi n\u00e9pszok\u00e1sokat r\u00f6gz\u00edtett filmre n\u00e1lunk, melyek megtal\u00e1lhat\u00f3k az MTV arch\u00edvum\u00e1ban. 2000-ben a F\u0151t\u00e9r c\u00edm\u0171 TV m\u0171sorban voltunk l\u00e1that\u00f3k.<\/span><\/p>\n<p><span style=\"font-family: arial, helvetica, sans-serif;\">Sorolhatn\u00e1nk az 50 \u00e9v esem\u00e9nyeit, mert bizony sok volt az eltelt id\u0151szakban hat\u00e1ron innen \u00e9s hat\u00e1ron t\u00fal. Hol t\u00f6bb, hol kevesebb l\u00e9tsz\u00e1mmal szerepelt\u00fcnk, de gy\u00f6kereinkt\u0151l nem t\u00e1volodtunk el. Amikor \u00fagy alakult, volt k\u00fcl\u00f6n gyermek citeracsoportunk, az ifj\u00fas\u00e1ggal lehetett menni p\u00fcnk\u00f6sd\u00f6lni, betlehemezni, \u201eh\u00e1romkir\u00e1lyozni.\u201d Terv\u00fcnk tov\u00e1bbra is az, hogy az ifj\u00fas\u00e1got bevonjuk \u00e9rt\u00e9kes hagyom\u00e1ny\u00e9ltet\u0151 tev\u00e9kenys\u00e9g\u00fcnkbe.<\/span><\/p>\n<p><span style=\"font-family: arial, helvetica, sans-serif;\">Bar\u00e1ti kapcsolatokat \u00e1polunk a hat\u00e1ron t\u00fali magyars\u00e1ggal. Felvid\u00e9kiekkel, muravid\u00e9kiekkel, vajdas\u00e1giakkal, erd\u00e9lyiekkel. Dr. Barsi Ern\u0151 seg\u00edts\u00e9g\u00e9vel t\u00f6bb \u00edzben Burgenlandban is j\u00e1rtunk. A n\u00e9pdalk\u00f6r\u00fcnk \u00e1ltal lett testv\u00e9rtelep\u00fcl\u00e9se \u00c9csnek, a felvid\u00e9ki Nagyabony.<\/span><\/p>\n<p><span style=\"font-family: arial, helvetica, sans-serif;\">Kiemeln\u00e9nk a 30 \u00e9ve szervezett P\u00fcnk\u00f6sdi Dalos-tal\u00e1lkoz\u00f3inkat, melyeken a n\u00e9vad\u00f3 mellett hazai \u00e9s hat\u00e1ron t\u00fali csoportokat megh\u00edvunk, ezzel is \u00e9rz\u00e9keltetve a hat\u00e1ron t\u00fali magyars\u00e1ggal val\u00f3 kapcsolatunk fontoss\u00e1g\u00e1t. A tal\u00e1lkoz\u00f3k jelenleg is megrendez\u00e9sre ker\u00fclnek, a n\u00e9vad\u00f3 hal\u00e1l\u00e1t k\u00f6vet\u0151en a gy\u0151ri s\u00edrkertben nyughely\u00e9n\u00e9l eml\u00e9kez\u00fcnk Mester\u00fcnkre, majd a n\u00e9pzenei program folytat\u00f3dik \u00c9csen.<\/span><\/p>\n<p><span style=\"font-family: arial, helvetica, sans-serif;\">Dr. Barsi Ern\u0151, az \u00e9csi mellett, sz\u00e1mos k\u00f6nyvet \u00edrt: Dalol\u00f3 R\u00e1bak\u00f6z, Dalol\u00f3 Szigetk\u00f6z, Dalol\u00f3 Sokor\u00f3alja, Gy\u0151r v\u00e1ros\u00e1ban stb., amelyek bemutat\u00f3j\u00e1n az \u00e9csi dalosok k\u00f6zrem\u0171k\u00f6dtek, bemutattuk a k\u00f6nyvben \u00f6sszegy\u0171jt\u00f6tt dalokat. \u00cdgy t\u00f6bb \u00edzben szerepelt\u00fcnk a Gy\u0151ri K\u00f6nyvszalon rendezv\u00e9nyein is.<\/span><\/p>\n<p><span style=\"font-family: arial, helvetica, sans-serif;\">CD lemezeket is k\u00e9sz\u00edtett\u00fcnk. K\u00e9t n\u00e9pdalokat tartalmaz\u00f3 CD-nk van: \u201eA R\u00e1b\u00e1nak mindk\u00e9t partja, de s\u00e1ros\u201d, De szeretn\u00e9k seje-haj\u2026\u201d c\u00edm\u0171.<\/span><\/p>\n<p><span style=\"font-family: arial, helvetica, sans-serif;\">Egy n\u00e9pzenei CD, vegy\u00edtve orgon\u00e1val k\u00eds\u00e9rt kar\u00e1csonyi dalokkal (\u201eBetlehem kis falucsk\u00e1j\u00e1n\u201d c\u00edmmel, mely a Dr. Barsi Ern\u0151 \u00e1ltal felgy\u0171jt\u00f6tt \u00e9csi betlehemest is tartalmazza), valamint egy CD, melyen az \u00e9csi \u201e\u00f6regek\u201d \u00e1ltal \u00e9vtizedeken \u00e1t \u00e9nekelt Passi\u00f3 hallhat\u00f3.<\/span><\/p>\n<p><span style=\"font-family: arial, helvetica, sans-serif;\">A N\u00e9pdalk\u00f6r\u00fcnk \u00e9s az \u00e1ltala \u0151rz\u00f6tt helyi \u00e9rt\u00e9kek beker\u00fcltek a Helyi \u00c9rt\u00e9kt\u00e1rba, mely \u00e9rt\u00e9kt\u00e1r c\u00e9lja a telep\u00fcl\u00e9s term\u00e9szeti k\u00f6rnyezet\u00e9nek, szellemi, anyagi, m\u0171v\u00e9szeti alkot\u00e1sainak, hagyom\u00e1nyainak \u00f6sszegy\u0171jt\u00e9se, bemutat\u00e1sa, ezen kereszt\u00fcl az \u00f6sszetartoz\u00e1s er\u0151s\u00edt\u00e9se.<\/span><\/p>\n<p><span style=\"font-family: arial, helvetica, sans-serif;\">Sz\u00e1mos m\u00f3don \u00e1poljuk alap\u00edt\u00f3nk eml\u00e9k\u00e9t, \u00edgy p\u00e9ld\u00e1ul kezdem\u00e9nyez\u00e9s\u00fcnkre \u201eDr. Barsi Ern\u0151 munk\u00e1ss\u00e1ga\u201d 83. megyerikumk\u00e9nt beker\u00fclt a Gy\u0151r-Moson-Sopron V\u00e1rmegyei \u00c9rt\u00e9kt\u00e1rba.<\/span><\/p>\n<p><span style=\"font-family: arial, helvetica, sans-serif;\">N\u00e9pdalk\u00f6rvezet\u0151k:<\/span><\/p>\n<p><span style=\"font-family: arial, helvetica, sans-serif;\">1973-1989-ig Dr. Barsi Ern\u0151, 1989-1998-ig Farkas Katalin, 1998-t\u00f3l Farkas M\u00e1rta<\/span><\/p>\n<p><span style=\"font-family: arial, helvetica, sans-serif;\">A n\u00e9pdalk\u00f6rben tev\u00e9kenyked\u0151 tagok hit\u00fckkel \u00e9s dalos kedv\u00fckkel \u00e9ltetik ezt a k\u00f6z\u00f6ss\u00e9get, amelynek 50 \u00e9ves fenn\u00e1ll\u00e1sa a bizony\u00edt\u00e9k arra, hogy van \u00f6sszetart\u00f3 ereje a dalnak<\/span><\/p>\n<p>&nbsp;<\/p>\n<div class=\"wp-block-image\" style=\"text-align: center;\">\n<div class=\"wp-block-image\"><\/div>\n<div>\n<div class=\"wp-block-image\">\n<p><span style=\"font-family: arial, helvetica, sans-serif;\"><img loading=\"lazy\" decoding=\"async\" class=\"wpa-warning wpa-image-missing-alt wp-image-1137 aligncenter\" src=\"https:\/\/ecsfalu.hu\/web\/wp-content\/uploads\/2024\/03\/Nepikor-jo-3.jpg\" alt=\"\" width=\"298\" height=\"150\" data-warning=\"Missing alt text\" srcset=\"https:\/\/ecsfalu.hu\/web\/wp-content\/uploads\/2024\/03\/Nepikor-jo-3.jpg 1609w, https:\/\/ecsfalu.hu\/web\/wp-content\/uploads\/2024\/03\/Nepikor-jo-3-300x151.jpg 300w, https:\/\/ecsfalu.hu\/web\/wp-content\/uploads\/2024\/03\/Nepikor-jo-3-1024x515.jpg 1024w, https:\/\/ecsfalu.hu\/web\/wp-content\/uploads\/2024\/03\/Nepikor-jo-3-768x386.jpg 768w, https:\/\/ecsfalu.hu\/web\/wp-content\/uploads\/2024\/03\/Nepikor-jo-3-1536x772.jpg 1536w\" sizes=\"(max-width: 298px) 100vw, 298px\" \/><\/span><\/p>\n<div class=\"wp-block-image\"><span style=\"font-family: arial, helvetica, sans-serif;\"><img loading=\"lazy\" decoding=\"async\" class=\"wpa-warning wpa-image-missing-alt wp-image-1135 aligncenter\" src=\"https:\/\/ecsfalu.hu\/web\/wp-content\/uploads\/2024\/03\/14-2-scaled.jpg\" alt=\"\" width=\"261\" height=\"150\" data-warning=\"Missing alt text\" srcset=\"https:\/\/ecsfalu.hu\/web\/wp-content\/uploads\/2024\/03\/14-2-scaled.jpg 2560w, https:\/\/ecsfalu.hu\/web\/wp-content\/uploads\/2024\/03\/14-2-300x172.jpg 300w, https:\/\/ecsfalu.hu\/web\/wp-content\/uploads\/2024\/03\/14-2-1024x588.jpg 1024w, https:\/\/ecsfalu.hu\/web\/wp-content\/uploads\/2024\/03\/14-2-768x441.jpg 768w, https:\/\/ecsfalu.hu\/web\/wp-content\/uploads\/2024\/03\/14-2-1536x882.jpg 1536w, https:\/\/ecsfalu.hu\/web\/wp-content\/uploads\/2024\/03\/14-2-2048x1176.jpg 2048w\" sizes=\"(max-width: 261px) 100vw, 261px\" \/><\/span><\/div>\n<\/div>\n<\/div>\n<\/div>\n<p><span style=\"font-family: arial, helvetica, sans-serif;\"><em>\u00a0\u00a0\u00a0\u00a0\u00a0\u00a0\u00a0\u00a0\u00a0 \u00a0\u00a0\u00a0\u00a0\u00a0\u00a0\u00a0\u00a0\u00a0\u00a0\u00a0\u00a0\u00a0\u00a0\u00a0\u00a0\u00a0\u00a0\u00a0\u00a0\u00a0\u00a0\u00a0\u00a0\u00a0\u00a0\u00a0\u00a0\u00a0\u00a0\u00a0\u00a0\u00a0\u00a0\u00a0\u00a0\u00a0\u00a0\u00a0\u00a0\u00a0\u00a0\u00a0\u00a0\u00a0\u00a0\u00a0\u00a0\u00a0\u00a0\u00a0\u00a0\u00a0\u00a0\u00a0\u00a0\u00a0\u00a0\u00a0(50 \u00e9ves jubileumi \u00fcnneps\u00e9g)<\/em><\/span><\/p>\n<div class=\"wp-block-image\"><\/div>\n<p><span style=\"font-family: arial, helvetica, sans-serif;\"><strong style=\"color: #ff0000; font-size: 13.3333px;\"><em><a href=\"https:\/\/ecsfalu.hu\/web\/wp-content\/uploads\/2024\/03\/jubileumi-kiadvany.jpg\"><img loading=\"lazy\" decoding=\"async\" class=\"wpa-warning wpa-image-missing-alt wp-image-1146 alignleft\" src=\"https:\/\/ecsfalu.hu\/web\/wp-content\/uploads\/2024\/03\/jubileumi-kiadvany.jpg\" alt=\"\" width=\"153\" height=\"200\" data-warning=\"Missing alt text\" srcset=\"https:\/\/ecsfalu.hu\/web\/wp-content\/uploads\/2024\/03\/jubileumi-kiadvany.jpg 330w, https:\/\/ecsfalu.hu\/web\/wp-content\/uploads\/2024\/03\/jubileumi-kiadvany-230x300.jpg 230w\" sizes=\"(max-width: 153px) 100vw, 153px\" \/><\/a><\/em><\/strong><\/span><\/p>\n<p><span style=\"color: #ff0000; font-size: 10pt; font-family: arial, helvetica, sans-serif;\"><strong><em>Aki zen\u00e9vel indul az \u00e9letbe, bearanyozza minden k\u00e9s\u0151bbi tev\u00e9kenys\u00e9g\u00e9t,<\/em><\/strong><\/span><\/p>\n<p><span style=\"color: #ff0000; font-size: 10pt; font-family: arial, helvetica, sans-serif;\"><strong><em>az \u00e9letnek olyan kincs\u00e9t kapja ezzel, \u00a0 \u00a0amely \u00e1tseg\u00edti sok bajon.<\/em><\/strong><\/span><\/p>\n<p><span style=\"color: #ff0000; font-size: 10pt; font-family: arial, helvetica, sans-serif;\"><strong><em>A zene t\u00e1pl\u00e1l\u00f3, vigasztal\u00f3 elix\u00edr, \u00e9s az \u00e9let sz\u00e9ps\u00e9g\u00e9t, ami benne \u00e9rt\u00e9k,<\/em><\/strong><\/span><\/p>\n<p><span style=\"color: #ff0000; font-size: 10pt; font-family: arial, helvetica, sans-serif;\"><strong><em>azt mind meghatv\u00e1nyozza.<\/em><\/strong><\/span><\/p>\n<p><span style=\"color: #ff0000; font-size: 10pt; font-family: arial, helvetica, sans-serif;\"><strong><em>\u00a0<\/em><\/strong><em>(Kod\u00e1ly Zolt\u00e1n)<\/em><\/span><\/p>\n<p><span style=\"font-family: arial, helvetica, sans-serif;\"><em>\u00a0<\/em><\/span><\/p>\n<p><span style=\"font-family: arial, helvetica, sans-serif;\"><em>\u00a0<\/em><em>50 \u00e9ves \u00e9vfordul\u00f3nkra kiadott k\u00f6nyv\u00fcnk<\/em><\/span><\/p>\n<div class=\"wp-block-image\" style=\"text-align: center;\"><\/div>\n<p style=\"text-align: center;\"><span style=\"font-size: 10pt; font-family: arial, helvetica, sans-serif;\"><strong>Szeretettel v\u00e1rjuk az \u00e9rdekl\u0151d\u0151ket k\u00f6z\u00e9nk n\u00e9phagyom\u00e1nyaink fenntart\u00e1s\u00e1nak, \u00fajra\u00e9leszt\u00e9s\u00e9nek, k\u00f6z\u00f6ss\u00e9gi keretek form\u00e1j\u00e1ban t\u00f6rt\u00e9n\u0151 meg\u00e9l\u00e9s\u00e9nek \u00f6r\u00f6mteli pillanataira, ez\u00e1ltal a vele j\u00e1r\u00f3 programjainkra!<\/strong><\/span><\/p>\n<p style=\"text-align: center;\"><span style=\"font-size: 10pt; font-family: arial, helvetica, sans-serif;\"><strong>Csal\u00e1dostul is lehet j\u00f6nni k\u00f6z\u00e9nk, az \u00e9nekl\u00e9s mellett n\u00e9pi hangszeren is lehet tanulni.<\/strong><\/span><\/p>\n<div class=\"wp-block-image\"><span style=\"font-family: arial, helvetica, sans-serif;\"><img loading=\"lazy\" decoding=\"async\" class=\"wpa-warning wpa-image-missing-alt size-full wp-image-1144 alignnone\" src=\"https:\/\/ecsfalu.hu\/web\/wp-content\/uploads\/2024\/03\/citera.jpg\" alt=\"\" width=\"173\" height=\"52\" data-warning=\"Missing alt text\" \/><\/span><\/div>\n<div>\n<div class=\"wp-block-image\"><span style=\"font-family: arial, helvetica, sans-serif;\"><a href=\"https:\/\/ecsfalu.hu\/web\/wp-content\/uploads\/2024\/03\/diszites.jpg\"><img loading=\"lazy\" decoding=\"async\" class=\"wpa-warning wpa-image-missing-alt size-full wp-image-1145 alignnone\" src=\"https:\/\/ecsfalu.hu\/web\/wp-content\/uploads\/2024\/03\/diszites.jpg\" alt=\"\" width=\"589\" height=\"120\" data-warning=\"Missing alt text\" srcset=\"https:\/\/ecsfalu.hu\/web\/wp-content\/uploads\/2024\/03\/diszites.jpg 589w, https:\/\/ecsfalu.hu\/web\/wp-content\/uploads\/2024\/03\/diszites-300x61.jpg 300w\" sizes=\"(max-width: 589px) 100vw, 589px\" \/><\/a><\/span><\/div>\n<\/div>\n<p style=\"text-align: center;\"><span style=\"font-family: arial, helvetica, sans-serif;\"><strong>\u00a0<\/strong><a href=\"https:\/\/www.facebook.com\/profile.php?id=100083039901708\" target=\"_blank\" rel=\"noopener\"><span style=\"font-size: 10pt;\"><strong>Fot\u00f3k, tov\u00e1bbi inform\u00e1ci\u00f3k facebook oldalunkon tal\u00e1lhat\u00f3k!<\/strong><\/span><\/a><\/span><\/p>\n<p style=\"text-align: center;\"><span style=\"font-size: 10pt; font-family: arial, helvetica, sans-serif;\"><strong>\u00a0<\/strong><\/span><\/p>\n<p align=\"right\"><span style=\"font-family: arial, helvetica, sans-serif;\">Farkas M\u00e1rta<\/span><br \/>\n<span style=\"font-family: arial, helvetica, sans-serif;\">n\u00e9pdalk\u00f6rvezet\u0151<\/span><\/p>\n","protected":false},"excerpt":{"rendered":"<p>N\u00e9pdalk\u00f6r\u00fcnk 2014. szeptember 13-\u00e1n a Sz\u00fcreti Falunapon felvette elhunyt alap\u00edt\u00f3j\u00e1nak, dr. Barsi Ern\u0151nek a nev\u00e9t, mely n\u00e9vfelv\u00e9telhez hozz\u00e1j\u00e1rul\u00e1s\u00e1t adta a<\/p>\n","protected":false},"author":1,"featured_media":289,"comment_status":"closed","ping_status":"closed","sticky":false,"template":"","format":"standard","meta":{"colormag_page_container_layout":"default_layout","colormag_page_sidebar_layout":"default_layout","footnotes":""},"categories":[142],"tags":[129,130,131,127,128],"class_list":["post-706","post","type-post","status-publish","format-standard","has-post-thumbnail","hentry","category-civil-szervezetek","tag-dr-barsi-erno-nepdalkor-es-citeraegyuttes","tag-dr-barsi-erno-nepdalkor-es-citeraegyuttes-ecs","tag-ecsi-nepdalkor","tag-nepdalkor","tag-nepdalkor-ecs"],"_links":{"self":[{"href":"https:\/\/ecsfalu.hu\/web\/wp-json\/wp\/v2\/posts\/706","targetHints":{"allow":["GET"]}}],"collection":[{"href":"https:\/\/ecsfalu.hu\/web\/wp-json\/wp\/v2\/posts"}],"about":[{"href":"https:\/\/ecsfalu.hu\/web\/wp-json\/wp\/v2\/types\/post"}],"author":[{"embeddable":true,"href":"https:\/\/ecsfalu.hu\/web\/wp-json\/wp\/v2\/users\/1"}],"replies":[{"embeddable":true,"href":"https:\/\/ecsfalu.hu\/web\/wp-json\/wp\/v2\/comments?post=706"}],"version-history":[{"count":8,"href":"https:\/\/ecsfalu.hu\/web\/wp-json\/wp\/v2\/posts\/706\/revisions"}],"predecessor-version":[{"id":3596,"href":"https:\/\/ecsfalu.hu\/web\/wp-json\/wp\/v2\/posts\/706\/revisions\/3596"}],"wp:featuredmedia":[{"embeddable":true,"href":"https:\/\/ecsfalu.hu\/web\/wp-json\/wp\/v2\/media\/289"}],"wp:attachment":[{"href":"https:\/\/ecsfalu.hu\/web\/wp-json\/wp\/v2\/media?parent=706"}],"wp:term":[{"taxonomy":"category","embeddable":true,"href":"https:\/\/ecsfalu.hu\/web\/wp-json\/wp\/v2\/categories?post=706"},{"taxonomy":"post_tag","embeddable":true,"href":"https:\/\/ecsfalu.hu\/web\/wp-json\/wp\/v2\/tags?post=706"}],"curies":[{"name":"wp","href":"https:\/\/api.w.org\/{rel}","templated":true}]}}