{"id":708,"date":"2024-03-09T15:49:21","date_gmt":"2024-03-09T14:49:21","guid":{"rendered":"https:\/\/ecsfalu.hu\/web\/?p=708"},"modified":"2025-10-14T09:44:32","modified_gmt":"2025-10-14T07:44:32","slug":"nyugdijas-klub","status":"publish","type":"post","link":"https:\/\/ecsfalu.hu\/web\/nyugdijas-klub\/","title":{"rendered":"Nyugd\u00edjas Klub"},"content":{"rendered":"<div align=\"justify\"><\/div>\n<div align=\"justify\">\n<p><span style=\"font-family: arial, helvetica, sans-serif;\"><strong><em>Alakul\u00e1sa:<\/em><\/strong><\/span><\/p>\n<p><span style=\"font-family: arial, helvetica, sans-serif;\">1960-ban a megyei Szakszervezeti Vezet\u00e9s javaslat\u00e1ra alakult meg az \u00e9csi Nyugd\u00edjas Klub. Tagjait a gy\u0151ri gy\u00e1rakb\u00f3l nyugd\u00edjba vonult szakszervezeti tagok \u00e9s a helyi termel\u0151sz\u00f6vetkezeti nyugd\u00edjasok alkott\u00e1k.<\/span><\/p>\n<p><span style=\"font-family: arial, helvetica, sans-serif;\">Dr. Szab\u00f3 Norbert Polg\u00e1rmester \u00dar k\u00e9r\u00e9s\u00e9re 2020. janu\u00e1rj\u00e1ban megsz\u00f3l\u00edtottunk minden 60 \u00e9v feletti nyugd\u00edjast, hogy vegyenek r\u00e9szt a nyugd\u00edjas klub \u00e9let\u00e9ben. A nyugd\u00edjasok nagy lelkesed\u00e9ssel hozt\u00e1k vissza a jelentkez\u00e9si lapokat, \u00edgy 103 f\u0151vel \u00fajra alakult a Nyugd\u00edjas Klub.<\/span><\/p>\n<p><span style=\"font-family: arial, helvetica, sans-serif;\">Polg\u00e1rmester \u00dar\u00a0 Kereszt\u00e9nyn\u00e9 Balogh \u00c9v\u00e1t k\u00e9rte fel a nyugd\u00edjas klub vezet\u00e9s\u00e9re,<\/span><br \/>\n<span style=\"font-family: arial, helvetica, sans-serif;\">szervez\u0151k\u00e9nt pedig S\u00e1rin\u00e9 Kerekes Veronik\u00e1t.<\/span><\/p>\n<p><span style=\"font-family: arial, helvetica, sans-serif;\"><strong><em>Kor\u00e1bbi klubvezet\u0151k voltak:<\/em><\/strong><\/span><\/p>\n<p><span style=\"font-family: arial, helvetica, sans-serif;\">Kereszt\u00e9ny L\u00e1szl\u00f3n\u00e9, Szeredi Istv\u00e1nn\u00e9, Farkas M\u00e1rta<\/span><\/p>\n<p><span style=\"font-family: arial, helvetica, sans-serif;\">A klubunk nyitott minden nyugd\u00edjas koroszt\u00e1ly sz\u00e1m\u00e1ra.<\/span><\/p>\n<p><span style=\"font-family: arial, helvetica, sans-serif;\">A tags\u00e1g l\u00e9tsz\u00e1ma v\u00e1ltoz\u00f3, jelenleg 98 f\u0151.<\/span><\/p>\n<p><span style=\"font-family: arial, helvetica, sans-serif;\">A Klub alapvet\u0151 c\u00e9lja a nyugd\u00edjas, id\u0151s emberek, \u00f6sszefog\u00e1sa, sz\u00ednes v\u00e1ltozatos k\u00f6z\u00f6s programok, megval\u00f3s\u00edt\u00e1sa, hasznos szabadid\u0151 elt\u00f6lt\u00e9s \u00e9s a koroszt\u00e1lyhoz m\u00e9lt\u00f3 \u00e9s hasznos rekre\u00e1ci\u00f3 megval\u00f3s\u00edt\u00e1sa. Eg\u00e9szs\u00e9gmegtart\u00f3-betegs\u00e9gmegel\u0151z\u0151 programok, szabadid\u0151sport n\u00e9pszer\u0171s\u00edt\u00e9se. Tov\u00e1bbi c\u00e9lunk, az \u00faj tagok toborz\u00e1sa.<\/span><\/p>\n<div class=\"wp-block-image\">\n<div class=\"wp-block-image\"><img fetchpriority=\"high\" decoding=\"async\" class=\"wpa-warning wpa-image-missing-alt wp-image-2764 aligncenter\" src=\"https:\/\/ecsfalu.hu\/web\/wp-content\/uploads\/2025\/03\/Kep4.jpg\" alt=\"\" width=\"680\" height=\"472\" data-warning=\"Missing alt text\" srcset=\"https:\/\/ecsfalu.hu\/web\/wp-content\/uploads\/2025\/03\/Kep4.jpg 1018w, https:\/\/ecsfalu.hu\/web\/wp-content\/uploads\/2025\/03\/Kep4-300x208.jpg 300w, https:\/\/ecsfalu.hu\/web\/wp-content\/uploads\/2025\/03\/Kep4-768x533.jpg 768w, https:\/\/ecsfalu.hu\/web\/wp-content\/uploads\/2025\/03\/Kep4-392x272.jpg 392w, https:\/\/ecsfalu.hu\/web\/wp-content\/uploads\/2025\/03\/Kep4-130x90.jpg 130w, https:\/\/ecsfalu.hu\/web\/wp-content\/uploads\/2025\/03\/Kep4-600x417.jpg 600w\" sizes=\"(max-width: 680px) 100vw, 680px\" \/><\/div>\n<\/div>\n<p style=\"text-align: justify;\"><span style=\"font-family: arial, helvetica, sans-serif;\">A tal\u00e1lkoz\u00e1sok havi egy alkalommal, \u00e1ltal\u00e1ban h\u00e9tv\u00e9g\u00e9n d\u00e9lut\u00e1nonk\u00e9nt vannak a helyi M\u0171vel\u0151d\u00e9si H\u00e1zban. Sz\u00f3rakoztat\u00f3-, tudom\u00e1nyos el\u0151ad\u00e1sok, mulats\u00e1gok, tal\u00e1lkoz\u00f3k, besz\u00e9lget\u00e9sek alkotj\u00e1k a programokat. \u00c9vente kir\u00e1ndul\u00e1st, t\u00f6bb sz\u00ednh\u00e1zi el\u0151ad\u00e1st kikapcsol\u00f3d\u00f3 turisztikai l\u00e1togat\u00e1st szervez\u00fcnk.<\/span><\/p>\n<p style=\"text-align: justify;\"><span style=\"font-family: arial, helvetica, sans-serif;\">Minden h\u00e9ten szerd\u00e1n csoportos gy\u00f3gytorna foglalkoz\u00e1st tartunk elismert gy\u00f3gytorn\u00e1sz N\u00e9methn\u00e9 Horv\u00e1th Szilvia ir\u00e1ny\u00edt\u00e1s\u00e1val.<\/span><\/p>\n<p>&nbsp;<\/p>\n<p><span style=\"font-family: arial, helvetica, sans-serif;\"><strong><em>2025. \u00e9vi programok:<\/em><\/strong><\/span><\/p>\n<p><span style=\"font-family: arial, helvetica, sans-serif;\">2025 \u00e9vet, febru\u00e1r 14-\u00e9n egy vid\u00e1m zen\u00e9s, a r\u00e9gm\u00falt id\u0151ket visszaid\u00e9z\u0151 kv\u00edz d\u00e9lut\u00e1nnal kezdt\u00fck. A F\u00c9SZEK Egyes\u00fclet \u201eElm\u00e9k \u00e9s eml\u00e9kek j\u00e1t\u00e9kos estje\u201d c\u00edmmel m\u0171velts\u00e9gi vet\u00e9lked\u0151re h\u00edvta ki nyugd\u00edjas klubunk tagjait.<\/span><\/p>\n<p style=\"text-align: justify;\"><span style=\"font-family: arial, helvetica, sans-serif;\">M\u00e1rcius 1-\u00e9n tartottuk a m\u00e1r hagyom\u00e1nyos farsangi batyus d\u00e9lut\u00e1nunkat.<\/span><\/p>\n<div class=\"wp-block-image\" style=\"text-align: center;\">\u00a0 \u00a0<img decoding=\"async\" class=\"wpa-warning wpa-image-missing-alt alignnone wp-image-2766\" src=\"https:\/\/ecsfalu.hu\/web\/wp-content\/uploads\/2025\/03\/Kep2.jpg\" alt=\"\" width=\"505\" height=\"377\" data-warning=\"Missing alt text\" srcset=\"https:\/\/ecsfalu.hu\/web\/wp-content\/uploads\/2025\/03\/Kep2.jpg 632w, https:\/\/ecsfalu.hu\/web\/wp-content\/uploads\/2025\/03\/Kep2-300x224.jpg 300w\" sizes=\"(max-width: 505px) 100vw, 505px\" \/>\u00a0 \u00a0 <img decoding=\"async\" class=\"wpa-warning wpa-image-missing-alt alignnone wp-image-2765\" src=\"https:\/\/ecsfalu.hu\/web\/wp-content\/uploads\/2025\/03\/Kep3.jpg\" alt=\"\" width=\"499\" height=\"376\" data-warning=\"Missing alt text\" srcset=\"https:\/\/ecsfalu.hu\/web\/wp-content\/uploads\/2025\/03\/Kep3.jpg 631w, https:\/\/ecsfalu.hu\/web\/wp-content\/uploads\/2025\/03\/Kep3-300x226.jpg 300w\" sizes=\"(max-width: 499px) 100vw, 499px\" \/><\/div>\n<p><span style=\"font-family: arial, helvetica, sans-serif;\">M\u00e1rcius 22-\u00e9n 53 f\u0151 tagunkkal a Veszpr\u00e9mi Pet\u0151fi Sz\u00ednh\u00e1z t\u00e1rsulat\u00e1nak el\u0151ad\u00e1s\u00e1ban Az Anconai szerelmesek c\u00edm\u0171 zen\u00e9s kom\u00e9di\u00e1t n\u00e9zt\u00fck meg.<\/span><\/p>\n<div class=\"wp-block-image\"><img loading=\"lazy\" decoding=\"async\" class=\"wpa-warning wpa-image-missing-alt wp-image-2767 aligncenter\" src=\"https:\/\/ecsfalu.hu\/web\/wp-content\/uploads\/2025\/03\/Kep1.jpg\" alt=\"\" width=\"890\" height=\"682\" data-warning=\"Missing alt text\" srcset=\"https:\/\/ecsfalu.hu\/web\/wp-content\/uploads\/2025\/03\/Kep1.jpg 885w, https:\/\/ecsfalu.hu\/web\/wp-content\/uploads\/2025\/03\/Kep1-300x230.jpg 300w, https:\/\/ecsfalu.hu\/web\/wp-content\/uploads\/2025\/03\/Kep1-768x588.jpg 768w\" sizes=\"(max-width: 890px) 100vw, 890px\" \/><\/div>\n<p style=\"text-align: justify;\"><span style=\"font-family: arial, helvetica, sans-serif;\">\u00c1prilis 4-\u00e9n Hab\u00f3k J\u00e1nos az Ill\u00fazi\u00f3 Mestereinek egyik tagja var\u00e1zsolta el nyugd\u00edjas k\u00f6z\u00f6ns\u00e9g\u00fcnket el\u0151ad\u00e1s\u00e1val a helyi M\u0171vel\u0151d\u00e9si H\u00e1zban.<\/span><\/p>\n<p style=\"text-align: justify;\"><span style=\"font-family: arial, helvetica, sans-serif;\">\u00c1prilis 25-\u00e9n a Gr\u00e1n\u00e1tk\u0151 Pajt\u00e1ban T\u00f3th Szabolcs \u201eBels\u0151 \u00d6sv\u00e9nyen\u201d c\u00edm\u0171 fot\u00f3ki\u00e1ll\u00edt\u00e1s\u00e1t tekintj\u00fck meg, ahol a k\u00e9pek t\u00f6rt\u00e9net\u00e9t, az \u00f6sv\u00e9nyt amit v\u00e9g\u00e9gj\u00e1rt szem\u00e9lyesen mutatja be.<\/span><\/p>\n<p style=\"text-align: justify;\"><span style=\"font-family: arial, helvetica, sans-serif;\">M\u00e1jus 10-re kir\u00e1ndul\u00e1st szervezt\u00fcnk. \u00datic\u00e9lunk V\u00e1rpalota ahol a Thury-v\u00e1rban maga a v\u00e1rkapt\u00e1ny vezet k\u00f6rbe benn\u00fcnk, majd Herendre utazunk ahol Manufakt\u00fara-l\u00e1togat\u00e1st tesz\u00fcnk, megtekintj\u00fck a Porcel\u00e1nm\u0171v\u00e9szeti M\u00fazeumot, \u00e9s megpihen\u00fcnk egy finom k\u00e1v\u00e9-tea mellett. Kalandunkat Veszpr\u00e9mbe fejezz\u00fck be, ahol kisvonattal bej\u00e1rjuk a v\u00e1ros nevezetess\u00e9geit.<\/span><\/p>\n<p style=\"text-align: justify;\"><span style=\"font-family: arial, helvetica, sans-serif;\">M\u00e1jus v\u00e9g\u00e9n egy hangulatos piknikkel megnyitjuk a nyarat, ahol a hangulatr\u00f3l \u00a0Birk\u00e1sn\u00e9 Sej Edit harmonika zenekara gondoskodik hat\u00e1rtalan dallamok c\u00edmmel.<\/span><\/p>\n<p style=\"text-align: justify;\"><span style=\"font-family: arial, helvetica, sans-serif;\">Megfelel\u0151 l\u00e9tsz\u00e1m eset\u00e9n j\u00fanius 28-i h\u00e9tv\u00e9g\u00e9n buszt ind\u00edtunk M\u00e1travereb\u00e9lybe, ahol zar\u00e1ndok b\u00facs\u00fan vehet\u00fcnk r\u00e9szt, illetve M\u00e1tra sz\u00edv\u00e9ben egy k\u00f6nny\u0171 s\u00e9t\u00e1t tehet\u00fcnk.<\/span><\/p>\n<p style=\"text-align: justify;\"><span style=\"font-family: arial, helvetica, sans-serif;\">M\u00e1sodik f\u00e9l\u00e9vben is v\u00e1ltozatos programokkal k\u00e9sz\u00fcl\u00fcnk.<\/span><\/p>\n<ul>\n<li style=\"text-align: justify;\"><span style=\"font-family: arial, helvetica, sans-serif;\">T\u00e9ny\u0151i atombunker megl\u00e1togat\u00e1s,<\/span><\/li>\n<li style=\"text-align: justify;\"><span style=\"font-family: arial, helvetica, sans-serif;\">Sz\u00ednh\u00e1zi el\u0151ad\u00e1s,<\/span><\/li>\n<li style=\"text-align: justify;\"><span style=\"font-family: arial, helvetica, sans-serif;\">Dr. Lancendorfer Zsuzsanna el\u0151ad\u00e1sa \u201eVadr\u00f3zs\u00e1t\u00f3l a lucfeny\u0151ig\u201d Kar\u00e1csonyi \u00fcnnepk\u00f6r szok\u00e1sai, jelk\u00e9pei<\/span><\/li>\n<li style=\"text-align: justify;\"><span style=\"font-family: arial, helvetica, sans-serif;\">Szok\u00e1sos adventi \u00fcnneps\u00e9g.<\/span><\/li>\n<\/ul>\n<p>&nbsp;<\/p>\n<p><span style=\"font-family: arial, helvetica, sans-serif;\"><strong><em>Tov\u00e1bbi inform\u00e1ci\u00f3k<\/em><\/strong><\/span><\/p>\n<p><span style=\"font-family: arial, helvetica, sans-serif;\"><em>\u00a0<\/em><\/span><span style=\"font-family: arial, helvetica, sans-serif;\">El\u00e9rhet\u0151s\u00e9geink:<\/span><\/p>\n<table style=\"border-collapse: collapse; width: 100%;\">\n<tbody>\n<tr>\n<td style=\"width: 50%; text-align: center;\"><span style=\"font-family: arial, helvetica, sans-serif;\"><strong>Kereszt\u00e9nyn\u00e9 Balogh \u00c9va<\/strong><br \/>\nTelefon: 96\/473-262, 06\/20 452 2820<\/span><span style=\"font-family: arial, helvetica, sans-serif;\"><br \/>\nE-mail: keresztenyne.balogh.eva[kukac]gmail[pont]com<\/span><\/td>\n<td style=\"width: 50%; text-align: center;\"><span style=\"font-family: arial, helvetica, sans-serif;\"><strong>S\u00e1rin\u00e9 Kerekes Veronika<\/strong><br \/>\nTelefon:06\/70 427 7494<\/span><span style=\"font-family: arial, helvetica, sans-serif;\"><br \/>\nEmail: sne.ker.vera[kukac]gmail[pont]com<\/span><\/td>\n<\/tr>\n<\/tbody>\n<\/table>\n<p>&nbsp;<\/p>\n<\/div>\n","protected":false},"excerpt":{"rendered":"<p>Alakul\u00e1sa: 1960-ban a megyei Szakszervezeti Vezet\u00e9s javaslat\u00e1ra alakult meg az \u00e9csi Nyugd\u00edjas Klub. Tagjait a gy\u0151ri gy\u00e1rakb\u00f3l nyugd\u00edjba vonult szakszervezeti<\/p>\n","protected":false},"author":1,"featured_media":317,"comment_status":"closed","ping_status":"closed","sticky":false,"template":"","format":"standard","meta":{"colormag_page_container_layout":"default_layout","colormag_page_sidebar_layout":"default_layout","footnotes":""},"categories":[142],"tags":[134,132,133,136,135],"class_list":["post-708","post","type-post","status-publish","format-standard","has-post-thumbnail","hentry","category-civil-szervezetek","tag-ecsi-nyugdijas-klub","tag-nyugdijas-klub","tag-nyugdijas-klub-ecs","tag-nyugdijas-klub-ecs-programok","tag-nyugdijas-klub-ecsen"],"_links":{"self":[{"href":"https:\/\/ecsfalu.hu\/web\/wp-json\/wp\/v2\/posts\/708","targetHints":{"allow":["GET"]}}],"collection":[{"href":"https:\/\/ecsfalu.hu\/web\/wp-json\/wp\/v2\/posts"}],"about":[{"href":"https:\/\/ecsfalu.hu\/web\/wp-json\/wp\/v2\/types\/post"}],"author":[{"embeddable":true,"href":"https:\/\/ecsfalu.hu\/web\/wp-json\/wp\/v2\/users\/1"}],"replies":[{"embeddable":true,"href":"https:\/\/ecsfalu.hu\/web\/wp-json\/wp\/v2\/comments?post=708"}],"version-history":[{"count":5,"href":"https:\/\/ecsfalu.hu\/web\/wp-json\/wp\/v2\/posts\/708\/revisions"}],"predecessor-version":[{"id":3595,"href":"https:\/\/ecsfalu.hu\/web\/wp-json\/wp\/v2\/posts\/708\/revisions\/3595"}],"wp:featuredmedia":[{"embeddable":true,"href":"https:\/\/ecsfalu.hu\/web\/wp-json\/wp\/v2\/media\/317"}],"wp:attachment":[{"href":"https:\/\/ecsfalu.hu\/web\/wp-json\/wp\/v2\/media?parent=708"}],"wp:term":[{"taxonomy":"category","embeddable":true,"href":"https:\/\/ecsfalu.hu\/web\/wp-json\/wp\/v2\/categories?post=708"},{"taxonomy":"post_tag","embeddable":true,"href":"https:\/\/ecsfalu.hu\/web\/wp-json\/wp\/v2\/tags?post=708"}],"curies":[{"name":"wp","href":"https:\/\/api.w.org\/{rel}","templated":true}]}}