{"id":755,"date":"2024-03-10T09:28:51","date_gmt":"2024-03-10T08:28:51","guid":{"rendered":"https:\/\/ecsfalu.hu\/web\/?p=755"},"modified":"2024-05-06T09:49:58","modified_gmt":"2024-05-06T07:49:58","slug":"temetoi-informaciok","status":"publish","type":"post","link":"https:\/\/ecsfalu.hu\/web\/temetoi-informaciok\/","title":{"rendered":"Temet\u0151i inform\u00e1ci\u00f3k"},"content":{"rendered":"<h5>T\u00e9rk\u00e9pes temet\u0151i inform\u00e1ci\u00f3k az \u00e9csi temet\u0151kr\u0151l<\/h5>\n<p>A\u00a0<span style=\"color: #ff0000;\"><a style=\"color: #ff0000;\" href=\"http:\/\/temetoinfo.hu\/\" target=\"_blank\" rel=\"noopener\">www.temetoinfo.hu<\/a><\/span>\u00a0oldalon mindk\u00e9t \u00e9csi\u00a0 temet\u0151 &#8211; t\u00f6bb k\u00f6rny\u00e9kbeli temet\u0151 is &#8211; k\u00f6nnyen kereshet\u0151 adatb\u00e1zisban feldolgozott, t\u00e9rinformatikai alapokra helyezett rendszere tal\u00e1lhat\u00f3. A\u00a0 linkre kattintva a f\u0151oldalra jutunk, ahol a \u00e9csi temet\u0151ket a bal oldai oldals\u00e1von\u00a0 lehet kiv\u00e1lasztani.A bal oldali keres\u0151be \u00edrt n\u00e9vvel az elhunyt s\u00edrhely\u00e9re lehet keresni.A t\u00e9rk\u00e9pen megjelen\u0151 n\u00e9vre kattintva megjelenik egy adatlap az elhunyt adataival, tov\u00e1bb\u00e1 egy fot\u00f3 a s\u00edreml\u00e9kr\u0151l (a k\u00e9pre kattintva az nagyobb m\u00e9retben is l\u00e1that\u00f3).<br \/>\nTov\u00e1bbi lehet\u0151s\u00e9g, hogy gyerty\u00e1t gy\u00fajthatunk az elhunyt eml\u00e9k\u00e9re.<\/p>\n<p>Ha valaki elt\u00e9r\u00e9st\u00a0 tapasztalna, akkor azt a \u00d6nkorm\u00e1nyzatn\u00e1l\u00a0\u00a0<strong><a href=\"mailto:ecs-ado@ecsfalu.hu\"><span style=\"color: #008080;\">S\u00e1rin\u00e9 Kerekes Veronik\u00e1n\u00e1l<\/span><\/a>\u00a0<\/strong>lehet jelezni.<\/p>\n<hr \/>\n<h5>S\u00edrhely megv\u00e1lt\u00e1s<\/h5>\n<p>T\u00e1j\u00e9koztatjuk a Tisztelt hozz\u00e1tartoz\u00f3kat, hogy az Egyh\u00e1zk\u00f6zs\u00e9g K\u00e9pvisel\u0151-Test\u00fclete 1999. \u00e9vi XLIII. T\u00f6rv\u00e9ny alapj\u00e1n az \u00c9csi falusi \u00e9s hegyi temet\u0151kben s\u00edrhelyek p\u00e9nzbeli megv\u00e1lt\u00e1s\u00e1t hat\u00e1rozza el.<\/p>\n<p>A s\u00edrhely d\u00edjak a megv\u00e1lt\u00e1st\u00f3l sz\u00e1m\u00edtott 25 \u00e9vre:<\/p>\n<ul>\n<li>egyes s\u00edrhely: 5.000,-<\/li>\n<li>kettes s\u00edrhely: 7.000,-<\/li>\n<li>h\u00e1rmas s\u00edrhely: 12.000,-<\/li>\n<li>n\u00e9gyes s\u00edrhely: 14.000,-<\/li>\n<li>urn\u00e1s temetkez\u00e9s: 2.000,-<\/li>\n<\/ul>\n<p>A s\u00edrhelyek megv\u00e1lt\u00e1sa a m\u00e1r meglev\u0151 \u00e9s az \u00faj s\u00edrhelyekre is vonatkozik.<br \/>\nA s\u00edrhelymegv\u00e1lt\u00e1s \u00fcgyint\u00e9z\u00e9se az \u00e9csi \u00d6nkorm\u00e1nyzat hivatal\u00e1ban t\u00f6rt\u00e9nik (Tel.: 96\/473-168)<br \/>\nA megv\u00e1lt\u00e1s\u00e9rt fizetend\u0151 d\u00edjat a Pannonhalma \u00e9s Vid\u00e9ke Takar\u00e9ksz\u00f6vetkezet helyi kirendelts\u00e9g\u00e9n egy elk\u00fcl\u00f6n\u00edtett sz\u00e1ml\u00e1ra fizethetik be.<\/p>\n<p>A s\u00edrhelyeket 2010. m\u00e1rcius 15-ig k\u00e9rj\u00fck megv\u00e1ltani<\/p>\n<p>FELH\u00cdVJUK A FIGYELMET, HOGY A MEG NEM V\u00c1LTOTT S\u00cdRHELYEK A JOGSZAB\u00c1LYI EL\u0150\u00cdR\u00c1SOK FIGYELEMBEV\u00c9TEL\u00c9VEL FELSZ\u00c1MOL\u00c1SRA KER\u00dcL!<\/p>\n","protected":false},"excerpt":{"rendered":"<p>T\u00e9rk\u00e9pes temet\u0151i inform\u00e1ci\u00f3k az \u00e9csi temet\u0151kr\u0151l A\u00a0www.temetoinfo.hu\u00a0oldalon mindk\u00e9t \u00e9csi\u00a0 temet\u0151 &#8211; t\u00f6bb k\u00f6rny\u00e9kbeli temet\u0151 is &#8211; k\u00f6nnyen kereshet\u0151 adatb\u00e1zisban feldolgozott,<\/p>\n","protected":false},"author":1,"featured_media":756,"comment_status":"closed","ping_status":"closed","sticky":false,"template":"","format":"standard","meta":{"colormag_page_container_layout":"default_layout","colormag_page_sidebar_layout":"default_layout","footnotes":""},"categories":[144],"tags":[238,239,236,237],"class_list":["post-755","post","type-post","status-publish","format-standard","has-post-thumbnail","hentry","category-egyhazi-oldalak","tag-ecsi-temetoi-informaciok","tag-temetoi-informacio-ecs","tag-temetoi-informaciok","tag-temetoi-informaciok-ecs"],"_links":{"self":[{"href":"https:\/\/ecsfalu.hu\/web\/wp-json\/wp\/v2\/posts\/755","targetHints":{"allow":["GET"]}}],"collection":[{"href":"https:\/\/ecsfalu.hu\/web\/wp-json\/wp\/v2\/posts"}],"about":[{"href":"https:\/\/ecsfalu.hu\/web\/wp-json\/wp\/v2\/types\/post"}],"author":[{"embeddable":true,"href":"https:\/\/ecsfalu.hu\/web\/wp-json\/wp\/v2\/users\/1"}],"replies":[{"embeddable":true,"href":"https:\/\/ecsfalu.hu\/web\/wp-json\/wp\/v2\/comments?post=755"}],"version-history":[{"count":1,"href":"https:\/\/ecsfalu.hu\/web\/wp-json\/wp\/v2\/posts\/755\/revisions"}],"predecessor-version":[{"id":757,"href":"https:\/\/ecsfalu.hu\/web\/wp-json\/wp\/v2\/posts\/755\/revisions\/757"}],"wp:featuredmedia":[{"embeddable":true,"href":"https:\/\/ecsfalu.hu\/web\/wp-json\/wp\/v2\/media\/756"}],"wp:attachment":[{"href":"https:\/\/ecsfalu.hu\/web\/wp-json\/wp\/v2\/media?parent=755"}],"wp:term":[{"taxonomy":"category","embeddable":true,"href":"https:\/\/ecsfalu.hu\/web\/wp-json\/wp\/v2\/categories?post=755"},{"taxonomy":"post_tag","embeddable":true,"href":"https:\/\/ecsfalu.hu\/web\/wp-json\/wp\/v2\/tags?post=755"}],"curies":[{"name":"wp","href":"https:\/\/api.w.org\/{rel}","templated":true}]}}